{"id":10384,"date":"2017-08-07T14:15:08","date_gmt":"2017-08-07T12:15:08","guid":{"rendered":"https:\/\/grenzinfo.eu\/edr\/?p=1101\/"},"modified":"2019-04-08T18:01:12","modified_gmt":"2019-04-08T16:01:12","slug":"viele-unternehmen-beim-ersten-treffen-im-gespraech-mit","status":"publish","type":"post","link":"https:\/\/grenzinfo.eu\/edr\/viele-unternehmen-beim-ersten-treffen-im-gespraech-mit\/","title":{"rendered":"Viele Unternehmen beim ersten Treffen &#8222;Im Gespr\u00e4ch mit&#8230;&#8220;"},"content":{"rendered":"\t\t<div data-elementor-type=\"wp-post\" data-elementor-id=\"10384\" class=\"elementor elementor-10384 elementor-bc-flex-widget\" data-elementor-post-type=\"post\">\n\t\t\t\t\t\t<section class=\"elementor-section elementor-top-section elementor-element elementor-element-hdyzrbx elementor-section-boxed elementor-section-height-default elementor-section-height-default\" data-id=\"hdyzrbx\" data-element_type=\"section\" data-e-type=\"section\">\n\t\t\t\t\t\t<div class=\"elementor-container elementor-column-gap-default\">\n\t\t\t\t\t<div class=\"elementor-column elementor-col-100 elementor-top-column elementor-element elementor-element-udcttxb\" data-id=\"udcttxb\" data-element_type=\"column\" data-e-type=\"column\">\n\t\t\t<div class=\"elementor-widget-wrap elementor-element-populated\">\n\t\t\t\t\t\t<div class=\"elementor-element elementor-element-xgqkadf elementor-widget elementor-widget-text-editor\" data-id=\"xgqkadf\" data-element_type=\"widget\" data-e-type=\"widget\" data-widget_type=\"text-editor.default\">\n\t\t\t\t<div class=\"elementor-widget-container\">\n\t\t\t\t\t\t\t\t\t<strong>Bad Nieuweschans<\/strong> \u2013 Rund 20 Sachverst\u00e4ndige und Unternehmer aus der Grenzregion waren am 19. Juni beim ersten Treffen &#8222;Im Gespr\u00e4ch mit\u2026&#8220; des GrenzInfoPunktes der Ems Dollart Region (GIP EDR) anwesend. Diese Veranstaltung in Bad Nieuweschans stand im Zeichen von grenz\u00fcbergreifenden Initiativen in Deutschland und den Niederlanden. Ziel des Treffens: Wissens- und Erfahrungsaustausch zwischen Unternehmern einerseits, aber andererseits auch mit der niederl\u00e4ndischen Steuerbeh\u00f6rde, der Industrie- und Handelskammer (IHK) sowie dem GIP EDR.\r\n\r\n&nbsp;\t\t\t\t\t\t\t\t<\/div>\n\t\t\t\t<\/div>\n\t\t\t\t<div class=\"elementor-element elementor-element-yzuhiju elementor-widget-divider--view-line elementor-widget elementor-widget-divider\" data-id=\"yzuhiju\" data-element_type=\"widget\" data-e-type=\"widget\" data-widget_type=\"divider.default\">\n\t\t\t\t<div class=\"elementor-widget-container\">\n\t\t\t\t\t\t\t<div class=\"elementor-divider\">\n\t\t\t<span class=\"elementor-divider-separator\">\n\t\t\t\t\t\t<\/span>\n\t\t<\/div>\n\t\t\t\t\t\t<\/div>\n\t\t\t\t<\/div>\n\t\t\t\t\t<\/div>\n\t\t<\/div>\n\t\t\t\t\t<\/div>\n\t\t<\/section>\n\t\t\t\t<section class=\"elementor-section elementor-top-section elementor-element elementor-element-lmwez3s elementor-section-boxed elementor-section-height-default elementor-section-height-default\" data-id=\"lmwez3s\" data-element_type=\"section\" data-e-type=\"section\">\n\t\t\t\t\t\t<div class=\"elementor-container elementor-column-gap-default\">\n\t\t\t\t\t<div class=\"elementor-column elementor-col-100 elementor-top-column elementor-element elementor-element-dm62i6g\" data-id=\"dm62i6g\" data-element_type=\"column\" data-e-type=\"column\">\n\t\t\t<div class=\"elementor-widget-wrap elementor-element-populated\">\n\t\t\t\t\t\t<div class=\"elementor-element elementor-element-9wb3uyi elementor-widget elementor-widget-image\" data-id=\"9wb3uyi\" data-element_type=\"widget\" data-e-type=\"widget\" data-widget_type=\"image.default\">\n\t\t\t\t<div class=\"elementor-widget-container\">\n\t\t\t\t\t\t\t\t\t\t\t\t\t\t\t<img fetchpriority=\"high\" decoding=\"async\" width=\"640\" height=\"416\" src=\"https:\/\/grenzinfo.eu\/edr\/wp-content\/uploads\/sites\/8\/2017\/06\/image.jpg\" class=\"attachment-medium_large size-medium_large wp-image-813\" alt=\"\" srcset=\"https:\/\/grenzinfo.eu\/edr\/wp-content\/uploads\/sites\/8\/2017\/06\/image.jpg 640w, https:\/\/grenzinfo.eu\/edr\/wp-content\/uploads\/sites\/8\/2017\/06\/image-300x195.jpg 300w\" sizes=\"(max-width: 640px) 100vw, 640px\" \/>\t\t\t\t\t\t\t\t\t\t\t\t\t\t\t<\/div>\n\t\t\t\t<\/div>\n\t\t\t\t<div class=\"elementor-element elementor-element-gbw52sv elementor-widget-divider--view-line elementor-widget elementor-widget-divider\" data-id=\"gbw52sv\" data-element_type=\"widget\" data-e-type=\"widget\" data-widget_type=\"divider.default\">\n\t\t\t\t<div class=\"elementor-widget-container\">\n\t\t\t\t\t\t\t<div class=\"elementor-divider\">\n\t\t\t<span class=\"elementor-divider-separator\">\n\t\t\t\t\t\t<\/span>\n\t\t<\/div>\n\t\t\t\t\t\t<\/div>\n\t\t\t\t<\/div>\n\t\t\t\t\t<\/div>\n\t\t<\/div>\n\t\t\t\t\t<\/div>\n\t\t<\/section>\n\t\t\t\t<section class=\"elementor-section elementor-top-section elementor-element elementor-element-riuucjf elementor-section-boxed elementor-section-height-default elementor-section-height-default\" data-id=\"riuucjf\" data-element_type=\"section\" data-e-type=\"section\">\n\t\t\t\t\t\t<div class=\"elementor-container elementor-column-gap-default\">\n\t\t\t\t\t<div class=\"elementor-column elementor-col-100 elementor-top-column elementor-element elementor-element-dycxsix\" data-id=\"dycxsix\" data-element_type=\"column\" data-e-type=\"column\">\n\t\t\t<div class=\"elementor-widget-wrap elementor-element-populated\">\n\t\t\t\t\t\t<div class=\"elementor-element elementor-element-abw7tat elementor-widget elementor-widget-heading\" data-id=\"abw7tat\" data-element_type=\"widget\" data-e-type=\"widget\" data-widget_type=\"heading.default\">\n\t\t\t\t<div class=\"elementor-widget-container\">\n\t\t\t\t\t<h3 class=\"elementor-heading-title elementor-size-default\">\"Chancen im Nachbarland nutzen\"<\/h3>\t\t\t\t<\/div>\n\t\t\t\t<\/div>\n\t\t\t\t<div class=\"elementor-element elementor-element-ymg7ph6 elementor-widget elementor-widget-text-editor\" data-id=\"ymg7ph6\" data-element_type=\"widget\" data-e-type=\"widget\" data-widget_type=\"text-editor.default\">\n\t\t\t\t<div class=\"elementor-widget-container\">\n\t\t\t\t\t\t\t\t\t<div class=\"elementor-element elementor-element-lsah85k elementor-widget elementor-widget-text-editor\" data-id=\"lsah85k\" data-element_type=\"text-editor.default\"><div class=\"elementor-widget-container\"><div class=\"elementor-text-editor elementor-clearfix\"><p>Dass es genug Chancen gibt, zeigte sich in den gef\u00fchrten Gespr\u00e4chen. Unternehmer, die den grenz\u00fcbergreifenden Schritt bereits getan haben, sprachen aus erster Hand \u00fcber ihre Erfahrungen. Unter den Anwesenden waren Unternehmer aus unterschiedlichen Branchen, wie z.B. dem Dienstleistungssektor, der Logistik und dem Schiffsbau.<\/p><p>Zudem waren Sachverst\u00e4ndige der niederl\u00e4ndischen Steuerbeh\u00f6rde, vom GIP EDR und von der IHK Emden anwesend. Sie informierten und beantworteten Fragen zu vorkommenden Situationen im <span class=\"st\">h\u00e4ufiger<\/span> Zusammenhang mit Steuerkl\u00e4rungen, Einstellung und Vermittlung von Personal, Sozialversicherungen und die Vorgehensweise bei Unternehmensgr\u00fcndung im Nachbarland.<\/p><p>Die Kombination von Wissens- und -Erfahrungsaustausch zwischen der Steuerbeh\u00f6rde, der IHK Emden, dem GIP EDR und den Unternehmern, die \u00fcber ihre Erfahrungen im Nachbarland berichten k\u00f6nnen, erwies sich als gute interaktive Methode, den positiven Nutzen von grenz\u00fcbergreifender Arbeit zu zeigen.<\/p><\/div><\/div><\/div>\t\t\t\t\t\t\t\t<\/div>\n\t\t\t\t<\/div>\n\t\t\t\t<div class=\"elementor-element elementor-element-0wczl6c elementor-widget-divider--view-line elementor-widget elementor-widget-divider\" data-id=\"0wczl6c\" data-element_type=\"widget\" data-e-type=\"widget\" data-widget_type=\"divider.default\">\n\t\t\t\t<div class=\"elementor-widget-container\">\n\t\t\t\t\t\t\t<div class=\"elementor-divider\">\n\t\t\t<span class=\"elementor-divider-separator\">\n\t\t\t\t\t\t<\/span>\n\t\t<\/div>\n\t\t\t\t\t\t<\/div>\n\t\t\t\t<\/div>\n\t\t\t\t\t<\/div>\n\t\t<\/div>\n\t\t\t\t\t<\/div>\n\t\t<\/section>\n\t\t\t\t<section class=\"elementor-section elementor-top-section elementor-element elementor-element-49mpguv elementor-section-boxed elementor-section-height-default elementor-section-height-default\" data-id=\"49mpguv\" data-element_type=\"section\" data-e-type=\"section\">\n\t\t\t\t\t\t<div class=\"elementor-container elementor-column-gap-default\">\n\t\t\t\t\t<div class=\"elementor-column elementor-col-100 elementor-top-column elementor-element elementor-element-oqp6yug\" data-id=\"oqp6yug\" data-element_type=\"column\" data-e-type=\"column\">\n\t\t\t<div class=\"elementor-widget-wrap elementor-element-populated\">\n\t\t\t\t\t\t<div class=\"elementor-element elementor-element-nksz6cf elementor-widget elementor-widget-heading\" data-id=\"nksz6cf\" data-element_type=\"widget\" data-e-type=\"widget\" data-widget_type=\"heading.default\">\n\t\t\t\t<div class=\"elementor-widget-container\">\n\t\t\t\t\t<h3 class=\"elementor-heading-title elementor-size-default\">\"Direkt Absprachen f\u00fcr eine bessere Zusammenarbeit treffen\"<\/h3>\t\t\t\t<\/div>\n\t\t\t\t<\/div>\n\t\t\t\t<div class=\"elementor-element elementor-element-12q5cp2 elementor-widget elementor-widget-text-editor\" data-id=\"12q5cp2\" data-element_type=\"widget\" data-e-type=\"widget\" data-widget_type=\"text-editor.default\">\n\t\t\t\t<div class=\"elementor-widget-container\">\n\t\t\t\t\t\t\t\t\t<div class=\"elementor-element elementor-element-03rutv9 elementor-widget elementor-widget-text-editor\" data-id=\"03rutv9\" data-element_type=\"text-editor.default\"><div class=\"elementor-widget-container\"><div class=\"elementor-text-editor elementor-clearfix\"><p>Anhand von Beispielen aus der Praxis wurde deutlich, mit welchen Herausforderungen sich Unternehmer auseinandersetzen m\u00fcssen. Dabei handelte es sich einerseits wichtige Informationen und andererseits wurde darauf auch direkt reagiert. Das ist einer der Vorteile, wenn Vertreter von allen beteiligten Partnern an einem Tisch sitzen.<\/p><p>So wurde u.a. besprochen, schwierige Steuerfragen direkt bei einem Unternehmer vor Ort zu kl\u00e4ren. Au\u00dferdem wurd Kontakte zwischen den Unternehmern in der Region gekn\u00fcpft un dazu genutzt sich gegenseitig zu unterst\u00fctzen kann. Bei den Gespr\u00e4chen stellte sich heraus, dass Vertrauen und Verst\u00e4ndnis eine wichtige Rolle bei der Realisierung von nachhaltigen grenz\u00fcbergreifenden Beziehungen spielen. Mit dieser Veranstaltung des GIP EDR wurde ein erster Schritt in diese Richtung gesetzt. \u00a0\u00a0<\/p><\/div><\/div><\/div>\t\t\t\t\t\t\t\t<\/div>\n\t\t\t\t<\/div>\n\t\t\t\t<div class=\"elementor-element elementor-element-5zbs2ir elementor-widget-divider--view-line elementor-widget elementor-widget-divider\" data-id=\"5zbs2ir\" data-element_type=\"widget\" data-e-type=\"widget\" data-widget_type=\"divider.default\">\n\t\t\t\t<div class=\"elementor-widget-container\">\n\t\t\t\t\t\t\t<div class=\"elementor-divider\">\n\t\t\t<span class=\"elementor-divider-separator\">\n\t\t\t\t\t\t<\/span>\n\t\t<\/div>\n\t\t\t\t\t\t<\/div>\n\t\t\t\t<\/div>\n\t\t\t\t\t<\/div>\n\t\t<\/div>\n\t\t\t\t\t<\/div>\n\t\t<\/section>\n\t\t\t\t<section class=\"elementor-section elementor-top-section elementor-element elementor-element-ujb1xby elementor-section-boxed elementor-section-height-default elementor-section-height-default\" data-id=\"ujb1xby\" data-element_type=\"section\" data-e-type=\"section\">\n\t\t\t\t\t\t<div class=\"elementor-container elementor-column-gap-default\">\n\t\t\t\t\t<div class=\"elementor-column elementor-col-100 elementor-top-column elementor-element elementor-element-dllw9al\" data-id=\"dllw9al\" data-element_type=\"column\" data-e-type=\"column\">\n\t\t\t<div class=\"elementor-widget-wrap elementor-element-populated\">\n\t\t\t\t\t\t<div class=\"elementor-element elementor-element-jh3fh3y elementor-widget elementor-widget-heading\" data-id=\"jh3fh3y\" data-element_type=\"widget\" data-e-type=\"widget\" data-widget_type=\"heading.default\">\n\t\t\t\t<div class=\"elementor-widget-container\">\n\t\t\t\t\t<h3 class=\"elementor-heading-title elementor-size-default\">\"Immer mehr Unternehmer orientieren sich im Nachbarland\"<\/h3>\t\t\t\t<\/div>\n\t\t\t\t<\/div>\n\t\t\t\t<div class=\"elementor-element elementor-element-dpibz24 elementor-widget elementor-widget-text-editor\" data-id=\"dpibz24\" data-element_type=\"widget\" data-e-type=\"widget\" data-widget_type=\"text-editor.default\">\n\t\t\t\t<div class=\"elementor-widget-container\">\n\t\t\t\t\t\t\t\t\t<p>Der GIP EDR besteht jetzt seit einem Jahr. In diesem Zeitraum zeigte sich, dass immer mehr Unternehmer Interesse am Initiativen im Nachbarland zeigen. Das ist einer der Gr\u00fcnde, warum sich das erste Treffen von \u201cIm <span class=\"st\">Gespr\u00e4ch<\/span> mit\u201d auf Unternehmer konzentrierte. Dies findet in Erg\u00e4nzung zu den (kostenlosen) Sprechtagen und den pers\u00f6nlichen Informationsgespr\u00e4chen, die der GIP EDR auch anbietet, statt.<\/p>\t\t\t\t\t\t\t\t<\/div>\n\t\t\t\t<\/div>\n\t\t\t\t<div class=\"elementor-element elementor-element-skfetvf elementor-widget-divider--view-line elementor-widget elementor-widget-divider\" data-id=\"skfetvf\" data-element_type=\"widget\" data-e-type=\"widget\" data-widget_type=\"divider.default\">\n\t\t\t\t<div class=\"elementor-widget-container\">\n\t\t\t\t\t\t\t<div class=\"elementor-divider\">\n\t\t\t<span class=\"elementor-divider-separator\">\n\t\t\t\t\t\t<\/span>\n\t\t<\/div>\n\t\t\t\t\t\t<\/div>\n\t\t\t\t<\/div>\n\t\t\t\t\t<\/div>\n\t\t<\/div>\n\t\t\t\t\t<\/div>\n\t\t<\/section>\n\t\t\t\t<section class=\"elementor-section elementor-top-section elementor-element elementor-element-d09rp23 elementor-section-boxed elementor-section-height-default elementor-section-height-default\" data-id=\"d09rp23\" data-element_type=\"section\" data-e-type=\"section\">\n\t\t\t\t\t\t<div class=\"elementor-container elementor-column-gap-default\">\n\t\t\t\t\t<div class=\"elementor-column elementor-col-100 elementor-top-column elementor-element elementor-element-eg6osym\" data-id=\"eg6osym\" data-element_type=\"column\" data-e-type=\"column\">\n\t\t\t<div class=\"elementor-widget-wrap elementor-element-populated\">\n\t\t\t\t\t\t<div class=\"elementor-element elementor-element-bb54h9r elementor-widget elementor-widget-heading\" data-id=\"bb54h9r\" data-element_type=\"widget\" data-e-type=\"widget\" data-widget_type=\"heading.default\">\n\t\t\t\t<div class=\"elementor-widget-container\">\n\t\t\t\t\t<h3 class=\"elementor-heading-title elementor-size-default\">\"Zukunftsperspektiven\"<\/h3>\t\t\t\t<\/div>\n\t\t\t\t<\/div>\n\t\t\t\t<div class=\"elementor-element elementor-element-a2kuki7 elementor-widget elementor-widget-text-editor\" data-id=\"a2kuki7\" data-element_type=\"widget\" data-e-type=\"widget\" data-widget_type=\"text-editor.default\">\n\t\t\t\t<div class=\"elementor-widget-container\">\n\t\t\t\t\t\t\t\t\t<div class=\"elementor-element elementor-element-882n634 elementor-widget elementor-widget-text-editor\" data-id=\"882n634\" data-element_type=\"text-editor.default\"><div class=\"elementor-widget-container\"><div class=\"elementor-text-editor elementor-clearfix\"><p>&#8222;Dieses erste Treffen von &#8222;Im Gespr\u00e4ch mit\u2026&#8220; ist ein guter Start, um Unternehmer im EDR-Gebiet miteinander in Kontakt zu bringen\u201d, sagt Michiel Malewicz vom GIP EDR und vom Projekt <a href=\"http:\/\/www.arbeitsmarkt-nord.eu\" target=\"_top\">Arbeitsmarkt Nord<\/a>. \u201cWir freuen uns, dass so viel unterschiedliche Unternehmer teilgenommen haben. Grund genug f\u00fcr ein weiteres Treffen mit z.B. Studenten.&#8220; Malewicz r\u00e4t allen Interessierten in der Region, sich \u00fcber weitere Veranstaltungen regelm\u00e4\u00dfig auf der Internetseite des GIP EDR unter <a href=\"http:\/\/www.grenzinfo.eu\/edr\" target=\"_top\">www.grenzinfo.eu\/edr<\/a> zu informieren.<\/p><\/div><\/div><\/div>\t\t\t\t\t\t\t\t<\/div>\n\t\t\t\t<\/div>\n\t\t\t\t\t<\/div>\n\t\t<\/div>\n\t\t\t\t\t<\/div>\n\t\t<\/section>\n\t\t\t\t<\/div>\n\t\t","protected":false},"excerpt":{"rendered":"<p>Bad Nieuweschans \u2013 Rund 20 Sachverst\u00e4ndige und Unternehmer aus der Grenzregion waren am 19. Juni beim ersten Treffen &#8222;Im Gespr\u00e4ch mit\u2026&#8220; des GrenzInfoPunktes der Ems Dollart Region (GIP EDR) anwesend. Diese Veranstaltung in Bad Nieuweschans stand im Zeichen von grenz\u00fcbergreifenden Initiativen in Deutschland und den Niederlanden. Ziel des Treffens: Wissens- und Erfahrungsaustausch zwischen Unternehmern einerseits, [&hellip;]<\/p>\n","protected":false},"author":21,"featured_media":0,"comment_status":"closed","ping_status":"closed","sticky":false,"template":"","format":"standard","meta":{"_acf_changed":false,"footnotes":""},"categories":[1],"tags":[],"class_list":["post-10384","post","type-post","status-publish","format-standard","hentry","category-news"],"acf":[],"yoast_head":"<!-- This site is optimized with the Yoast SEO plugin v27.4 - https:\/\/yoast.com\/product\/yoast-seo-wordpress\/ -->\n<title>Viele Unternehmen beim ersten Treffen &quot;Im Gespr\u00e4ch mit...&quot; - Ems Dollart Region<\/title>\n<meta name=\"robots\" content=\"index, follow, max-snippet:-1, max-image-preview:large, max-video-preview:-1\" \/>\n<link rel=\"canonical\" href=\"https:\/\/grenzinfo.eu\/edr\/viele-unternehmen-beim-ersten-treffen-im-gespraech-mit\/\" \/>\n<meta property=\"og:locale\" content=\"de_DE\" \/>\n<meta property=\"og:type\" content=\"article\" \/>\n<meta property=\"og:title\" content=\"Viele Unternehmen beim ersten Treffen &quot;Im Gespr\u00e4ch mit...&quot; - Ems Dollart Region\" \/>\n<meta property=\"og:description\" content=\"Bad Nieuweschans \u2013 Rund 20 Sachverst\u00e4ndige und Unternehmer aus der Grenzregion waren am 19. Juni beim ersten Treffen &#8222;Im Gespr\u00e4ch mit\u2026&#8220; des GrenzInfoPunktes der Ems Dollart Region (GIP EDR) anwesend. Diese Veranstaltung in Bad Nieuweschans stand im Zeichen von grenz\u00fcbergreifenden Initiativen in Deutschland und den Niederlanden. Ziel des Treffens: Wissens- und Erfahrungsaustausch zwischen Unternehmern einerseits, [&hellip;]\" \/>\n<meta property=\"og:url\" content=\"https:\/\/grenzinfo.eu\/edr\/viele-unternehmen-beim-ersten-treffen-im-gespraech-mit\/\" \/>\n<meta property=\"og:site_name\" content=\"Ems Dollart Region\" \/>\n<meta property=\"article:published_time\" content=\"2017-08-07T12:15:08+00:00\" \/>\n<meta property=\"article:modified_time\" content=\"2019-04-08T16:01:12+00:00\" \/>\n<meta property=\"og:image\" content=\"https:\/\/grenzinfo.eu\/edr\/wp-content\/uploads\/sites\/8\/2017\/06\/image.jpg\" \/>\n<meta name=\"author\" content=\"malewicz\" \/>\n<meta name=\"twitter:card\" content=\"summary_large_image\" \/>\n<meta name=\"twitter:label1\" content=\"Geschrieben von\" \/>\n\t<meta name=\"twitter:data1\" content=\"malewicz\" \/>\n\t<meta name=\"twitter:label2\" content=\"Gesch\u00e4tzte Lesezeit\" \/>\n\t<meta name=\"twitter:data2\" content=\"2\u00a0Minuten\" \/>\n<script type=\"application\/ld+json\" class=\"yoast-schema-graph\">{\"@context\":\"https:\\\/\\\/schema.org\",\"@graph\":[{\"@type\":\"Article\",\"@id\":\"https:\\\/\\\/grenzinfo.eu\\\/edr\\\/viele-unternehmen-beim-ersten-treffen-im-gespraech-mit\\\/#article\",\"isPartOf\":{\"@id\":\"https:\\\/\\\/grenzinfo.eu\\\/edr\\\/viele-unternehmen-beim-ersten-treffen-im-gespraech-mit\\\/\"},\"author\":{\"name\":\"malewicz\",\"@id\":\"https:\\\/\\\/grenzinfo.eu\\\/edr\\\/#\\\/schema\\\/person\\\/bf462f8830942a4179e4374d410ba679\"},\"headline\":\"Viele Unternehmen beim ersten Treffen &#8222;Im Gespr\u00e4ch mit&#8230;&#8220;\",\"datePublished\":\"2017-08-07T12:15:08+00:00\",\"dateModified\":\"2019-04-08T16:01:12+00:00\",\"mainEntityOfPage\":{\"@id\":\"https:\\\/\\\/grenzinfo.eu\\\/edr\\\/viele-unternehmen-beim-ersten-treffen-im-gespraech-mit\\\/\"},\"wordCount\":503,\"image\":{\"@id\":\"https:\\\/\\\/grenzinfo.eu\\\/edr\\\/viele-unternehmen-beim-ersten-treffen-im-gespraech-mit\\\/#primaryimage\"},\"thumbnailUrl\":\"https:\\\/\\\/grenzinfo.eu\\\/edr\\\/wp-content\\\/uploads\\\/sites\\\/8\\\/2017\\\/06\\\/image.jpg\",\"articleSection\":[\"News\"],\"inLanguage\":\"de\"},{\"@type\":\"WebPage\",\"@id\":\"https:\\\/\\\/grenzinfo.eu\\\/edr\\\/viele-unternehmen-beim-ersten-treffen-im-gespraech-mit\\\/\",\"url\":\"https:\\\/\\\/grenzinfo.eu\\\/edr\\\/viele-unternehmen-beim-ersten-treffen-im-gespraech-mit\\\/\",\"name\":\"Viele Unternehmen beim ersten Treffen \\\"Im Gespr\u00e4ch mit...\\\" - Ems Dollart Region\",\"isPartOf\":{\"@id\":\"https:\\\/\\\/grenzinfo.eu\\\/edr\\\/#website\"},\"primaryImageOfPage\":{\"@id\":\"https:\\\/\\\/grenzinfo.eu\\\/edr\\\/viele-unternehmen-beim-ersten-treffen-im-gespraech-mit\\\/#primaryimage\"},\"image\":{\"@id\":\"https:\\\/\\\/grenzinfo.eu\\\/edr\\\/viele-unternehmen-beim-ersten-treffen-im-gespraech-mit\\\/#primaryimage\"},\"thumbnailUrl\":\"https:\\\/\\\/grenzinfo.eu\\\/edr\\\/wp-content\\\/uploads\\\/sites\\\/8\\\/2017\\\/06\\\/image.jpg\",\"datePublished\":\"2017-08-07T12:15:08+00:00\",\"dateModified\":\"2019-04-08T16:01:12+00:00\",\"author\":{\"@id\":\"https:\\\/\\\/grenzinfo.eu\\\/edr\\\/#\\\/schema\\\/person\\\/bf462f8830942a4179e4374d410ba679\"},\"breadcrumb\":{\"@id\":\"https:\\\/\\\/grenzinfo.eu\\\/edr\\\/viele-unternehmen-beim-ersten-treffen-im-gespraech-mit\\\/#breadcrumb\"},\"inLanguage\":\"de\",\"potentialAction\":[{\"@type\":\"ReadAction\",\"target\":[\"https:\\\/\\\/grenzinfo.eu\\\/edr\\\/viele-unternehmen-beim-ersten-treffen-im-gespraech-mit\\\/\"]}]},{\"@type\":\"ImageObject\",\"inLanguage\":\"de\",\"@id\":\"https:\\\/\\\/grenzinfo.eu\\\/edr\\\/viele-unternehmen-beim-ersten-treffen-im-gespraech-mit\\\/#primaryimage\",\"url\":\"https:\\\/\\\/grenzinfo.eu\\\/edr\\\/wp-content\\\/uploads\\\/sites\\\/8\\\/2017\\\/06\\\/image.jpg\",\"contentUrl\":\"https:\\\/\\\/grenzinfo.eu\\\/edr\\\/wp-content\\\/uploads\\\/sites\\\/8\\\/2017\\\/06\\\/image.jpg\",\"width\":640,\"height\":416},{\"@type\":\"BreadcrumbList\",\"@id\":\"https:\\\/\\\/grenzinfo.eu\\\/edr\\\/viele-unternehmen-beim-ersten-treffen-im-gespraech-mit\\\/#breadcrumb\",\"itemListElement\":[{\"@type\":\"ListItem\",\"position\":1,\"name\":\"Home\",\"item\":\"https:\\\/\\\/grenzinfo.eu\\\/edr\\\/\"},{\"@type\":\"ListItem\",\"position\":2,\"name\":\"Viele Unternehmen beim ersten Treffen &#8222;Im Gespr\u00e4ch mit&#8230;&#8220;\"}]},{\"@type\":\"WebSite\",\"@id\":\"https:\\\/\\\/grenzinfo.eu\\\/edr\\\/#website\",\"url\":\"https:\\\/\\\/grenzinfo.eu\\\/edr\\\/\",\"name\":\"Ems Dollart Region\",\"description\":\"Grenzinfopunkt Ems Dollart Region\",\"potentialAction\":[{\"@type\":\"SearchAction\",\"target\":{\"@type\":\"EntryPoint\",\"urlTemplate\":\"https:\\\/\\\/grenzinfo.eu\\\/edr\\\/?s={search_term_string}\"},\"query-input\":{\"@type\":\"PropertyValueSpecification\",\"valueRequired\":true,\"valueName\":\"search_term_string\"}}],\"inLanguage\":\"de\"},{\"@type\":\"Person\",\"@id\":\"https:\\\/\\\/grenzinfo.eu\\\/edr\\\/#\\\/schema\\\/person\\\/bf462f8830942a4179e4374d410ba679\",\"name\":\"malewicz\",\"url\":\"https:\\\/\\\/grenzinfo.eu\\\/edr\\\/author\\\/malewicz\\\/\"}]}<\/script>\n<!-- \/ Yoast SEO plugin. -->","yoast_head_json":{"title":"Viele Unternehmen beim ersten Treffen \"Im Gespr\u00e4ch mit...\" - Ems Dollart Region","robots":{"index":"index","follow":"follow","max-snippet":"max-snippet:-1","max-image-preview":"max-image-preview:large","max-video-preview":"max-video-preview:-1"},"canonical":"https:\/\/grenzinfo.eu\/edr\/viele-unternehmen-beim-ersten-treffen-im-gespraech-mit\/","og_locale":"de_DE","og_type":"article","og_title":"Viele Unternehmen beim ersten Treffen \"Im Gespr\u00e4ch mit...\" - Ems Dollart Region","og_description":"Bad Nieuweschans \u2013 Rund 20 Sachverst\u00e4ndige und Unternehmer aus der Grenzregion waren am 19. Juni beim ersten Treffen &#8222;Im Gespr\u00e4ch mit\u2026&#8220; des GrenzInfoPunktes der Ems Dollart Region (GIP EDR) anwesend. Diese Veranstaltung in Bad Nieuweschans stand im Zeichen von grenz\u00fcbergreifenden Initiativen in Deutschland und den Niederlanden. Ziel des Treffens: Wissens- und Erfahrungsaustausch zwischen Unternehmern einerseits, [&hellip;]","og_url":"https:\/\/grenzinfo.eu\/edr\/viele-unternehmen-beim-ersten-treffen-im-gespraech-mit\/","og_site_name":"Ems Dollart Region","article_published_time":"2017-08-07T12:15:08+00:00","article_modified_time":"2019-04-08T16:01:12+00:00","og_image":[{"url":"https:\/\/grenzinfo.eu\/edr\/wp-content\/uploads\/sites\/8\/2017\/06\/image.jpg","type":"","width":"","height":""}],"author":"malewicz","twitter_card":"summary_large_image","twitter_misc":{"Geschrieben von":"malewicz","Gesch\u00e4tzte Lesezeit":"2\u00a0Minuten"},"schema":{"@context":"https:\/\/schema.org","@graph":[{"@type":"Article","@id":"https:\/\/grenzinfo.eu\/edr\/viele-unternehmen-beim-ersten-treffen-im-gespraech-mit\/#article","isPartOf":{"@id":"https:\/\/grenzinfo.eu\/edr\/viele-unternehmen-beim-ersten-treffen-im-gespraech-mit\/"},"author":{"name":"malewicz","@id":"https:\/\/grenzinfo.eu\/edr\/#\/schema\/person\/bf462f8830942a4179e4374d410ba679"},"headline":"Viele Unternehmen beim ersten Treffen &#8222;Im Gespr\u00e4ch mit&#8230;&#8220;","datePublished":"2017-08-07T12:15:08+00:00","dateModified":"2019-04-08T16:01:12+00:00","mainEntityOfPage":{"@id":"https:\/\/grenzinfo.eu\/edr\/viele-unternehmen-beim-ersten-treffen-im-gespraech-mit\/"},"wordCount":503,"image":{"@id":"https:\/\/grenzinfo.eu\/edr\/viele-unternehmen-beim-ersten-treffen-im-gespraech-mit\/#primaryimage"},"thumbnailUrl":"https:\/\/grenzinfo.eu\/edr\/wp-content\/uploads\/sites\/8\/2017\/06\/image.jpg","articleSection":["News"],"inLanguage":"de"},{"@type":"WebPage","@id":"https:\/\/grenzinfo.eu\/edr\/viele-unternehmen-beim-ersten-treffen-im-gespraech-mit\/","url":"https:\/\/grenzinfo.eu\/edr\/viele-unternehmen-beim-ersten-treffen-im-gespraech-mit\/","name":"Viele Unternehmen beim ersten Treffen \"Im Gespr\u00e4ch mit...\" - Ems Dollart Region","isPartOf":{"@id":"https:\/\/grenzinfo.eu\/edr\/#website"},"primaryImageOfPage":{"@id":"https:\/\/grenzinfo.eu\/edr\/viele-unternehmen-beim-ersten-treffen-im-gespraech-mit\/#primaryimage"},"image":{"@id":"https:\/\/grenzinfo.eu\/edr\/viele-unternehmen-beim-ersten-treffen-im-gespraech-mit\/#primaryimage"},"thumbnailUrl":"https:\/\/grenzinfo.eu\/edr\/wp-content\/uploads\/sites\/8\/2017\/06\/image.jpg","datePublished":"2017-08-07T12:15:08+00:00","dateModified":"2019-04-08T16:01:12+00:00","author":{"@id":"https:\/\/grenzinfo.eu\/edr\/#\/schema\/person\/bf462f8830942a4179e4374d410ba679"},"breadcrumb":{"@id":"https:\/\/grenzinfo.eu\/edr\/viele-unternehmen-beim-ersten-treffen-im-gespraech-mit\/#breadcrumb"},"inLanguage":"de","potentialAction":[{"@type":"ReadAction","target":["https:\/\/grenzinfo.eu\/edr\/viele-unternehmen-beim-ersten-treffen-im-gespraech-mit\/"]}]},{"@type":"ImageObject","inLanguage":"de","@id":"https:\/\/grenzinfo.eu\/edr\/viele-unternehmen-beim-ersten-treffen-im-gespraech-mit\/#primaryimage","url":"https:\/\/grenzinfo.eu\/edr\/wp-content\/uploads\/sites\/8\/2017\/06\/image.jpg","contentUrl":"https:\/\/grenzinfo.eu\/edr\/wp-content\/uploads\/sites\/8\/2017\/06\/image.jpg","width":640,"height":416},{"@type":"BreadcrumbList","@id":"https:\/\/grenzinfo.eu\/edr\/viele-unternehmen-beim-ersten-treffen-im-gespraech-mit\/#breadcrumb","itemListElement":[{"@type":"ListItem","position":1,"name":"Home","item":"https:\/\/grenzinfo.eu\/edr\/"},{"@type":"ListItem","position":2,"name":"Viele Unternehmen beim ersten Treffen &#8222;Im Gespr\u00e4ch mit&#8230;&#8220;"}]},{"@type":"WebSite","@id":"https:\/\/grenzinfo.eu\/edr\/#website","url":"https:\/\/grenzinfo.eu\/edr\/","name":"Ems Dollart Region","description":"Grenzinfopunkt Ems Dollart Region","potentialAction":[{"@type":"SearchAction","target":{"@type":"EntryPoint","urlTemplate":"https:\/\/grenzinfo.eu\/edr\/?s={search_term_string}"},"query-input":{"@type":"PropertyValueSpecification","valueRequired":true,"valueName":"search_term_string"}}],"inLanguage":"de"},{"@type":"Person","@id":"https:\/\/grenzinfo.eu\/edr\/#\/schema\/person\/bf462f8830942a4179e4374d410ba679","name":"malewicz","url":"https:\/\/grenzinfo.eu\/edr\/author\/malewicz\/"}]}},"lang":"de","translations":{"de":10384},"pll_sync_post":[],"_links":{"self":[{"href":"https:\/\/grenzinfo.eu\/edr\/wp-json\/wp\/v2\/posts\/10384","targetHints":{"allow":["GET"]}}],"collection":[{"href":"https:\/\/grenzinfo.eu\/edr\/wp-json\/wp\/v2\/posts"}],"about":[{"href":"https:\/\/grenzinfo.eu\/edr\/wp-json\/wp\/v2\/types\/post"}],"author":[{"embeddable":true,"href":"https:\/\/grenzinfo.eu\/edr\/wp-json\/wp\/v2\/users\/21"}],"replies":[{"embeddable":true,"href":"https:\/\/grenzinfo.eu\/edr\/wp-json\/wp\/v2\/comments?post=10384"}],"version-history":[{"count":0,"href":"https:\/\/grenzinfo.eu\/edr\/wp-json\/wp\/v2\/posts\/10384\/revisions"}],"wp:attachment":[{"href":"https:\/\/grenzinfo.eu\/edr\/wp-json\/wp\/v2\/media?parent=10384"}],"wp:term":[{"taxonomy":"category","embeddable":true,"href":"https:\/\/grenzinfo.eu\/edr\/wp-json\/wp\/v2\/categories?post=10384"},{"taxonomy":"post_tag","embeddable":true,"href":"https:\/\/grenzinfo.eu\/edr\/wp-json\/wp\/v2\/tags?post=10384"}],"curies":[{"name":"wp","href":"https:\/\/api.w.org\/{rel}","templated":true}]}}