{"id":10522,"date":"2019-06-25T15:26:02","date_gmt":"2019-06-25T13:26:02","guid":{"rendered":"https:\/\/grenzinfo.eu\/edr\/?p=10522"},"modified":"2019-06-25T15:28:42","modified_gmt":"2019-06-25T13:28:42","slug":"behoerdenwegweiser-fuer-eu-buergerinnen-und-buerger-in-deutschland","status":"publish","type":"post","link":"https:\/\/grenzinfo.eu\/edr\/behoerdenwegweiser-fuer-eu-buergerinnen-und-buerger-in-deutschland\/","title":{"rendered":"Beh\u00f6rdenwegweiser f\u00fcr EU-B\u00fcrgerinnen und -B\u00fcrger in Deutschland"},"content":{"rendered":"\t\t<div data-elementor-type=\"wp-post\" data-elementor-id=\"10522\" class=\"elementor elementor-10522\" data-elementor-post-type=\"post\">\n\t\t\t\t\t\t<section class=\"elementor-section elementor-top-section elementor-element elementor-element-a3636f9 elementor-section-boxed elementor-section-height-default elementor-section-height-default\" data-id=\"a3636f9\" data-element_type=\"section\" data-e-type=\"section\">\n\t\t\t\t\t\t<div class=\"elementor-container elementor-column-gap-default\">\n\t\t\t\t\t<div class=\"elementor-column elementor-col-100 elementor-top-column elementor-element elementor-element-834597a\" data-id=\"834597a\" data-element_type=\"column\" data-e-type=\"column\">\n\t\t\t<div class=\"elementor-widget-wrap elementor-element-populated\">\n\t\t\t\t\t\t<div class=\"elementor-element elementor-element-abdf051 elementor-widget elementor-widget-text-editor\" data-id=\"abdf051\" data-element_type=\"widget\" data-e-type=\"widget\" data-widget_type=\"text-editor.default\">\n\t\t\t\t<div class=\"elementor-widget-container\">\n\t\t\t\t\t\t\t\t\t<p>Die Gleichbehandlungsstelle EU-B\u00fcrgerinnen und \u2013B\u00fcrger hat einen <a href=\"https:\/\/www.eu-gleichbehandlungsstelle.de\/eugs-de\/eu-buerger\/behoerden-wegweiser\">Beh\u00f6rdenwegweiser<\/a> herausgebracht. Sie schreibt hierzu: \u201eDie ersten Schritte in einem fremden Land k\u00f6nnen un\u00fcbersichtlich sein. Daher haben wir eine Orientierungshilfe \u2013 einen \u201eWegweiser\u201c \u2013 entwickelt, der Sie bei erforderlichen Beh\u00f6rdeng\u00e4ngen unterst\u00fctzt.\u201c<br \/><span style=\"font-size: 1rem;\"><br \/>Die Nutzer werden Schritt f\u00fcr Schritt durch die Bereiche des allt\u00e4glichen Lebens gef\u00fchrt, wie etwa <\/span><strong style=\"font-size: 1rem;\">\u201e<\/strong><strong style=\"font-size: 1rem;\"><span style=\"font-weight: normal;\">Aufenthalt\u201c<\/span><\/strong><span style=\"font-size: 1rem;\">, <\/span><strong style=\"font-size: 1rem;\"><span style=\"font-weight: normal;\">\u201eArbeiten\u201c<\/span><\/strong><span style=\"font-size: 1rem;\">, <\/span><strong style=\"font-size: 1rem;\"><span style=\"font-weight: normal;\">\u201eWohnen\u201c<\/span><\/strong><span style=\"font-size: 1rem;\"> und \u201eFamilie und Kinder\u201c in Deutschland. Der Wegweiser ist in Deutsch oder Englisch erh\u00e4ltlich und m\u00f6chte in einem \u00dcberblick die wesentlichen Fragen wie z.B.: <\/span><strong style=\"font-size: 1rem;\"><span style=\"font-weight: normal;\">\u201eWelche Beh\u00f6rde ist zust\u00e4ndig?\u201c<\/span><\/strong><b style=\"font-size: 1rem;\">, <\/b><strong style=\"font-size: 1rem;\"><span style=\"font-weight: normal;\">\u201eWelche Fristen gelten?\u201c<\/span><\/strong><span style=\"font-size: 1rem;\"> und <\/span><strong style=\"font-size: 1rem;\"><span style=\"font-weight: normal;\">\u201eWas gibt es sonst zu beachten?\u201c <\/span><\/strong><span style=\"font-size: 1rem;\">beantworten.<\/span><\/p><p><a href=\"https:\/\/www.eu-gleichbehandlungsstelle.de\/eugs-de\/eu-buerger\/behoerden-wegweiser\">Mehr Infos hier&#8230;<\/a><b><\/b><\/p><p>\u00a0<\/p>\t\t\t\t\t\t\t\t<\/div>\n\t\t\t\t<\/div>\n\t\t\t\t\t<\/div>\n\t\t<\/div>\n\t\t\t\t\t<\/div>\n\t\t<\/section>\n\t\t\t\t<\/div>\n\t\t","protected":false},"excerpt":{"rendered":"<p>Die Gleichbehandlungsstelle EU-B\u00fcrgerinnen und \u2013B\u00fcrger hat einen Beh\u00f6rdenwegweiser herausgebracht. Sie schreibt hierzu: \u201eDie ersten Schritte in einem fremden Land k\u00f6nnen un\u00fcbersichtlich sein. Daher haben wir eine Orientierungshilfe \u2013 einen \u201eWegweiser\u201c \u2013 entwickelt, der Sie bei erforderlichen Beh\u00f6rdeng\u00e4ngen unterst\u00fctzt.\u201c Die Nutzer werden Schritt f\u00fcr Schritt durch die Bereiche des allt\u00e4glichen Lebens gef\u00fchrt, wie etwa \u201eAufenthalt\u201c, \u201eArbeiten\u201c, [&hellip;]<\/p>\n","protected":false},"author":23,"featured_media":0,"comment_status":"closed","ping_status":"closed","sticky":false,"template":"","format":"standard","meta":{"_acf_changed":false,"footnotes":""},"categories":[1],"tags":[],"class_list":["post-10522","post","type-post","status-publish","format-standard","hentry","category-news"],"acf":[],"yoast_head":"<!-- This site is optimized with the Yoast SEO plugin v27.5 - https:\/\/yoast.com\/product\/yoast-seo-wordpress\/ -->\n<title>Beh\u00f6rdenwegweiser f\u00fcr EU-B\u00fcrgerinnen und -B\u00fcrger in Deutschland - Ems Dollart Region<\/title>\n<meta name=\"robots\" content=\"index, follow, max-snippet:-1, max-image-preview:large, max-video-preview:-1\" \/>\n<link rel=\"canonical\" href=\"https:\/\/grenzinfo.eu\/edr\/behoerdenwegweiser-fuer-eu-buergerinnen-und-buerger-in-deutschland\/\" \/>\n<meta property=\"og:locale\" content=\"de_DE\" \/>\n<meta property=\"og:type\" content=\"article\" \/>\n<meta property=\"og:title\" content=\"Beh\u00f6rdenwegweiser f\u00fcr EU-B\u00fcrgerinnen und -B\u00fcrger in Deutschland - Ems Dollart Region\" \/>\n<meta property=\"og:description\" content=\"Die Gleichbehandlungsstelle EU-B\u00fcrgerinnen und \u2013B\u00fcrger hat einen Beh\u00f6rdenwegweiser herausgebracht. Sie schreibt hierzu: \u201eDie ersten Schritte in einem fremden Land k\u00f6nnen un\u00fcbersichtlich sein. Daher haben wir eine Orientierungshilfe \u2013 einen \u201eWegweiser\u201c \u2013 entwickelt, der Sie bei erforderlichen Beh\u00f6rdeng\u00e4ngen unterst\u00fctzt.\u201c Die Nutzer werden Schritt f\u00fcr Schritt durch die Bereiche des allt\u00e4glichen Lebens gef\u00fchrt, wie etwa \u201eAufenthalt\u201c, \u201eArbeiten\u201c, [&hellip;]\" \/>\n<meta property=\"og:url\" content=\"https:\/\/grenzinfo.eu\/edr\/behoerdenwegweiser-fuer-eu-buergerinnen-und-buerger-in-deutschland\/\" \/>\n<meta property=\"og:site_name\" content=\"Ems Dollart Region\" \/>\n<meta property=\"article:published_time\" content=\"2019-06-25T13:26:02+00:00\" \/>\n<meta property=\"article:modified_time\" content=\"2019-06-25T13:28:42+00:00\" \/>\n<meta name=\"author\" content=\"rauch\" \/>\n<meta name=\"twitter:card\" content=\"summary_large_image\" \/>\n<meta name=\"twitter:label1\" content=\"Geschrieben von\" \/>\n\t<meta name=\"twitter:data1\" content=\"rauch\" \/>\n\t<meta name=\"twitter:label2\" content=\"Gesch\u00e4tzte Lesezeit\" \/>\n\t<meta name=\"twitter:data2\" content=\"1\u00a0Minute\" \/>\n<script type=\"application\/ld+json\" class=\"yoast-schema-graph\">{\"@context\":\"https:\\\/\\\/schema.org\",\"@graph\":[{\"@type\":\"Article\",\"@id\":\"https:\\\/\\\/grenzinfo.eu\\\/edr\\\/behoerdenwegweiser-fuer-eu-buergerinnen-und-buerger-in-deutschland\\\/#article\",\"isPartOf\":{\"@id\":\"https:\\\/\\\/grenzinfo.eu\\\/edr\\\/behoerdenwegweiser-fuer-eu-buergerinnen-und-buerger-in-deutschland\\\/\"},\"author\":{\"name\":\"rauch\",\"@id\":\"https:\\\/\\\/grenzinfo.eu\\\/edr\\\/#\\\/schema\\\/person\\\/d81fb7fae68efb5c5bd65fd07432dab4\"},\"headline\":\"Beh\u00f6rdenwegweiser f\u00fcr EU-B\u00fcrgerinnen und -B\u00fcrger in Deutschland\",\"datePublished\":\"2019-06-25T13:26:02+00:00\",\"dateModified\":\"2019-06-25T13:28:42+00:00\",\"mainEntityOfPage\":{\"@id\":\"https:\\\/\\\/grenzinfo.eu\\\/edr\\\/behoerdenwegweiser-fuer-eu-buergerinnen-und-buerger-in-deutschland\\\/\"},\"wordCount\":123,\"articleSection\":[\"News\"],\"inLanguage\":\"de\"},{\"@type\":\"WebPage\",\"@id\":\"https:\\\/\\\/grenzinfo.eu\\\/edr\\\/behoerdenwegweiser-fuer-eu-buergerinnen-und-buerger-in-deutschland\\\/\",\"url\":\"https:\\\/\\\/grenzinfo.eu\\\/edr\\\/behoerdenwegweiser-fuer-eu-buergerinnen-und-buerger-in-deutschland\\\/\",\"name\":\"Beh\u00f6rdenwegweiser f\u00fcr EU-B\u00fcrgerinnen und -B\u00fcrger in Deutschland - Ems Dollart Region\",\"isPartOf\":{\"@id\":\"https:\\\/\\\/grenzinfo.eu\\\/edr\\\/#website\"},\"datePublished\":\"2019-06-25T13:26:02+00:00\",\"dateModified\":\"2019-06-25T13:28:42+00:00\",\"author\":{\"@id\":\"https:\\\/\\\/grenzinfo.eu\\\/edr\\\/#\\\/schema\\\/person\\\/d81fb7fae68efb5c5bd65fd07432dab4\"},\"breadcrumb\":{\"@id\":\"https:\\\/\\\/grenzinfo.eu\\\/edr\\\/behoerdenwegweiser-fuer-eu-buergerinnen-und-buerger-in-deutschland\\\/#breadcrumb\"},\"inLanguage\":\"de\",\"potentialAction\":[{\"@type\":\"ReadAction\",\"target\":[\"https:\\\/\\\/grenzinfo.eu\\\/edr\\\/behoerdenwegweiser-fuer-eu-buergerinnen-und-buerger-in-deutschland\\\/\"]}]},{\"@type\":\"BreadcrumbList\",\"@id\":\"https:\\\/\\\/grenzinfo.eu\\\/edr\\\/behoerdenwegweiser-fuer-eu-buergerinnen-und-buerger-in-deutschland\\\/#breadcrumb\",\"itemListElement\":[{\"@type\":\"ListItem\",\"position\":1,\"name\":\"Home\",\"item\":\"https:\\\/\\\/grenzinfo.eu\\\/edr\\\/\"},{\"@type\":\"ListItem\",\"position\":2,\"name\":\"Beh\u00f6rdenwegweiser f\u00fcr EU-B\u00fcrgerinnen und -B\u00fcrger in Deutschland\"}]},{\"@type\":\"WebSite\",\"@id\":\"https:\\\/\\\/grenzinfo.eu\\\/edr\\\/#website\",\"url\":\"https:\\\/\\\/grenzinfo.eu\\\/edr\\\/\",\"name\":\"Ems Dollart Region\",\"description\":\"Grenzinfopunkt Ems Dollart Region\",\"potentialAction\":[{\"@type\":\"SearchAction\",\"target\":{\"@type\":\"EntryPoint\",\"urlTemplate\":\"https:\\\/\\\/grenzinfo.eu\\\/edr\\\/?s={search_term_string}\"},\"query-input\":{\"@type\":\"PropertyValueSpecification\",\"valueRequired\":true,\"valueName\":\"search_term_string\"}}],\"inLanguage\":\"de\"},{\"@type\":\"Person\",\"@id\":\"https:\\\/\\\/grenzinfo.eu\\\/edr\\\/#\\\/schema\\\/person\\\/d81fb7fae68efb5c5bd65fd07432dab4\",\"name\":\"rauch\",\"url\":\"https:\\\/\\\/grenzinfo.eu\\\/edr\\\/author\\\/rauch\\\/\"}]}<\/script>\n<!-- \/ Yoast SEO plugin. -->","yoast_head_json":{"title":"Beh\u00f6rdenwegweiser f\u00fcr EU-B\u00fcrgerinnen und -B\u00fcrger in Deutschland - Ems Dollart Region","robots":{"index":"index","follow":"follow","max-snippet":"max-snippet:-1","max-image-preview":"max-image-preview:large","max-video-preview":"max-video-preview:-1"},"canonical":"https:\/\/grenzinfo.eu\/edr\/behoerdenwegweiser-fuer-eu-buergerinnen-und-buerger-in-deutschland\/","og_locale":"de_DE","og_type":"article","og_title":"Beh\u00f6rdenwegweiser f\u00fcr EU-B\u00fcrgerinnen und -B\u00fcrger in Deutschland - Ems Dollart Region","og_description":"Die Gleichbehandlungsstelle EU-B\u00fcrgerinnen und \u2013B\u00fcrger hat einen Beh\u00f6rdenwegweiser herausgebracht. Sie schreibt hierzu: \u201eDie ersten Schritte in einem fremden Land k\u00f6nnen un\u00fcbersichtlich sein. Daher haben wir eine Orientierungshilfe \u2013 einen \u201eWegweiser\u201c \u2013 entwickelt, der Sie bei erforderlichen Beh\u00f6rdeng\u00e4ngen unterst\u00fctzt.\u201c Die Nutzer werden Schritt f\u00fcr Schritt durch die Bereiche des allt\u00e4glichen Lebens gef\u00fchrt, wie etwa \u201eAufenthalt\u201c, \u201eArbeiten\u201c, [&hellip;]","og_url":"https:\/\/grenzinfo.eu\/edr\/behoerdenwegweiser-fuer-eu-buergerinnen-und-buerger-in-deutschland\/","og_site_name":"Ems Dollart Region","article_published_time":"2019-06-25T13:26:02+00:00","article_modified_time":"2019-06-25T13:28:42+00:00","author":"rauch","twitter_card":"summary_large_image","twitter_misc":{"Geschrieben von":"rauch","Gesch\u00e4tzte Lesezeit":"1\u00a0Minute"},"schema":{"@context":"https:\/\/schema.org","@graph":[{"@type":"Article","@id":"https:\/\/grenzinfo.eu\/edr\/behoerdenwegweiser-fuer-eu-buergerinnen-und-buerger-in-deutschland\/#article","isPartOf":{"@id":"https:\/\/grenzinfo.eu\/edr\/behoerdenwegweiser-fuer-eu-buergerinnen-und-buerger-in-deutschland\/"},"author":{"name":"rauch","@id":"https:\/\/grenzinfo.eu\/edr\/#\/schema\/person\/d81fb7fae68efb5c5bd65fd07432dab4"},"headline":"Beh\u00f6rdenwegweiser f\u00fcr EU-B\u00fcrgerinnen und -B\u00fcrger in Deutschland","datePublished":"2019-06-25T13:26:02+00:00","dateModified":"2019-06-25T13:28:42+00:00","mainEntityOfPage":{"@id":"https:\/\/grenzinfo.eu\/edr\/behoerdenwegweiser-fuer-eu-buergerinnen-und-buerger-in-deutschland\/"},"wordCount":123,"articleSection":["News"],"inLanguage":"de"},{"@type":"WebPage","@id":"https:\/\/grenzinfo.eu\/edr\/behoerdenwegweiser-fuer-eu-buergerinnen-und-buerger-in-deutschland\/","url":"https:\/\/grenzinfo.eu\/edr\/behoerdenwegweiser-fuer-eu-buergerinnen-und-buerger-in-deutschland\/","name":"Beh\u00f6rdenwegweiser f\u00fcr EU-B\u00fcrgerinnen und -B\u00fcrger in Deutschland - Ems Dollart Region","isPartOf":{"@id":"https:\/\/grenzinfo.eu\/edr\/#website"},"datePublished":"2019-06-25T13:26:02+00:00","dateModified":"2019-06-25T13:28:42+00:00","author":{"@id":"https:\/\/grenzinfo.eu\/edr\/#\/schema\/person\/d81fb7fae68efb5c5bd65fd07432dab4"},"breadcrumb":{"@id":"https:\/\/grenzinfo.eu\/edr\/behoerdenwegweiser-fuer-eu-buergerinnen-und-buerger-in-deutschland\/#breadcrumb"},"inLanguage":"de","potentialAction":[{"@type":"ReadAction","target":["https:\/\/grenzinfo.eu\/edr\/behoerdenwegweiser-fuer-eu-buergerinnen-und-buerger-in-deutschland\/"]}]},{"@type":"BreadcrumbList","@id":"https:\/\/grenzinfo.eu\/edr\/behoerdenwegweiser-fuer-eu-buergerinnen-und-buerger-in-deutschland\/#breadcrumb","itemListElement":[{"@type":"ListItem","position":1,"name":"Home","item":"https:\/\/grenzinfo.eu\/edr\/"},{"@type":"ListItem","position":2,"name":"Beh\u00f6rdenwegweiser f\u00fcr EU-B\u00fcrgerinnen und -B\u00fcrger in Deutschland"}]},{"@type":"WebSite","@id":"https:\/\/grenzinfo.eu\/edr\/#website","url":"https:\/\/grenzinfo.eu\/edr\/","name":"Ems Dollart Region","description":"Grenzinfopunkt Ems Dollart Region","potentialAction":[{"@type":"SearchAction","target":{"@type":"EntryPoint","urlTemplate":"https:\/\/grenzinfo.eu\/edr\/?s={search_term_string}"},"query-input":{"@type":"PropertyValueSpecification","valueRequired":true,"valueName":"search_term_string"}}],"inLanguage":"de"},{"@type":"Person","@id":"https:\/\/grenzinfo.eu\/edr\/#\/schema\/person\/d81fb7fae68efb5c5bd65fd07432dab4","name":"rauch","url":"https:\/\/grenzinfo.eu\/edr\/author\/rauch\/"}]}},"lang":"de","translations":{"de":10522},"pll_sync_post":[],"_links":{"self":[{"href":"https:\/\/grenzinfo.eu\/edr\/wp-json\/wp\/v2\/posts\/10522","targetHints":{"allow":["GET"]}}],"collection":[{"href":"https:\/\/grenzinfo.eu\/edr\/wp-json\/wp\/v2\/posts"}],"about":[{"href":"https:\/\/grenzinfo.eu\/edr\/wp-json\/wp\/v2\/types\/post"}],"author":[{"embeddable":true,"href":"https:\/\/grenzinfo.eu\/edr\/wp-json\/wp\/v2\/users\/23"}],"replies":[{"embeddable":true,"href":"https:\/\/grenzinfo.eu\/edr\/wp-json\/wp\/v2\/comments?post=10522"}],"version-history":[{"count":0,"href":"https:\/\/grenzinfo.eu\/edr\/wp-json\/wp\/v2\/posts\/10522\/revisions"}],"wp:attachment":[{"href":"https:\/\/grenzinfo.eu\/edr\/wp-json\/wp\/v2\/media?parent=10522"}],"wp:term":[{"taxonomy":"category","embeddable":true,"href":"https:\/\/grenzinfo.eu\/edr\/wp-json\/wp\/v2\/categories?post=10522"},{"taxonomy":"post_tag","embeddable":true,"href":"https:\/\/grenzinfo.eu\/edr\/wp-json\/wp\/v2\/tags?post=10522"}],"curies":[{"name":"wp","href":"https:\/\/api.w.org\/{rel}","templated":true}]}}