{"id":1055,"date":"2017-08-07T11:35:15","date_gmt":"2017-08-07T09:35:15","guid":{"rendered":"https:\/\/grenzinfo.eu\/edr\/?p=1055\/"},"modified":"2019-04-08T18:01:12","modified_gmt":"2019-04-08T16:01:12","slug":"expertentreffen-personal-erfolgreich-niederlaendisches-personal-werben","status":"publish","type":"post","link":"https:\/\/grenzinfo.eu\/edr\/expertentreffen-personal-erfolgreich-niederlaendisches-personal-werben\/","title":{"rendered":"Expertentreffen Personal: \u201eErfolgreich niederl\u00e4ndisches Personal werben\u201c"},"content":{"rendered":"\t\t<div data-elementor-type=\"wp-post\" data-elementor-id=\"1055\" class=\"elementor elementor-1055 elementor-bc-flex-widget\" data-elementor-post-type=\"post\">\n\t\t\t\t\t\t<section class=\"elementor-section elementor-top-section elementor-element elementor-element-bthumxn elementor-section-boxed elementor-section-height-default elementor-section-height-default\" data-id=\"bthumxn\" data-element_type=\"section\" data-e-type=\"section\">\n\t\t\t\t\t\t<div class=\"elementor-container elementor-column-gap-default\">\n\t\t\t\t\t<div class=\"elementor-column elementor-col-100 elementor-top-column elementor-element elementor-element-nzshqhe\" data-id=\"nzshqhe\" data-element_type=\"column\" data-e-type=\"column\">\n\t\t\t<div class=\"elementor-widget-wrap elementor-element-populated\">\n\t\t\t\t\t\t<div class=\"elementor-element elementor-element-uktzmdv elementor-widget elementor-widget-text-editor\" data-id=\"uktzmdv\" data-element_type=\"widget\" data-e-type=\"widget\" data-widget_type=\"text-editor.default\">\n\t\t\t\t<div class=\"elementor-widget-container\">\n\t\t\t\t\t\t\t\t\t<div class=\"ce_text block\"><p>Sie suchen Fachkr\u00e4fte? Haben Sie dabei schon mal an Mitarbeiter aus dem Nachbarland gedacht? Sie schrecken noch vor den vielen Fragen zur\u00fcck: Wie kann man \u00fcberhaupt in den Niederlanden Personal f\u00fcr den Betrieb gewinnen? Nach welchem Arbeitsrecht ist der Arbeitsvertrag abzuschlie\u00dfen? Welche Marketingkan\u00e4le kann ich daf\u00fcr nutzen? W\u00fcrde der neue Mitarbeiter \u00fcberhaupt ins Team passen? Wachstumsregion Ems-Achse laden Sie ein, mehr \u00fcber die Werbung niederl\u00e4ndischen Personals zu erfahren aber auch Praxisbeispiele kennenzulernen. Geert van der Wal von der UWV Emmen sowie Vincent ten Voorde von der Agentur f\u00fcr Arbeit Nordhorn werden einen Einblick in dieses Thema geben und f\u00fcr Ihre Fragen bereitstehen.<\/p><p>Der Workshop findet im Rahmen des <a href=\"http:\/\/www.emsachse.de\/projekte\/praktitrans.html\" target=\"_blank\" rel=\"noopener\">Projektes \u201ePraktiTrans\u201c<\/a> statt.<\/p><div><strong>Anmeldung bei:<\/strong><\/div><div><strong><br \/> <\/strong>Nina Becher, <a href=\"mailto:becher@emsachse.de\">becher@emsachse.de<\/a>, Tel.: 04961 \u2013 94099816<\/div><p>\u00a0<\/p><p><strong>Termin: <\/strong><\/p><div><div>Dienstag, 12. September 2017, 17:00 \u2013 19:00 Uhr<\/div><\/div><\/div><p class=\"location\">Ort: Sparkasse Emsland \u2013 Hauptstelle, Oberlandgerichtsstra\u00dfe 22, 49716 Meppen<\/p>\t\t\t\t\t\t\t\t<\/div>\n\t\t\t\t<\/div>\n\t\t\t\t\t<\/div>\n\t\t<\/div>\n\t\t\t\t\t<\/div>\n\t\t<\/section>\n\t\t\t\t<\/div>\n\t\t","protected":false},"excerpt":{"rendered":"<p>Sie suchen Fachkr\u00e4fte? Haben Sie dabei schon mal an Mitarbeiter aus dem Nachbarland gedacht? Sie schrecken noch vor den vielen Fragen zur\u00fcck: Wie kann man \u00fcberhaupt in den Niederlanden Personal f\u00fcr den Betrieb gewinnen? Nach welchem Arbeitsrecht ist der Arbeitsvertrag abzuschlie\u00dfen? Welche Marketingkan\u00e4le kann ich daf\u00fcr nutzen? W\u00fcrde der neue Mitarbeiter \u00fcberhaupt ins Team passen? [&hellip;]<\/p>\n","protected":false},"author":21,"featured_media":0,"comment_status":"closed","ping_status":"closed","sticky":false,"template":"","format":"standard","meta":{"_acf_changed":false,"footnotes":""},"categories":[1],"tags":[],"class_list":["post-1055","post","type-post","status-publish","format-standard","hentry","category-news"],"acf":[],"yoast_head":"<!-- This site is optimized with the Yoast SEO plugin v27.4 - https:\/\/yoast.com\/product\/yoast-seo-wordpress\/ -->\n<title>Expertentreffen Personal: \u201eErfolgreich niederl\u00e4ndisches Personal werben\u201c - Ems Dollart Region<\/title>\n<meta name=\"robots\" content=\"index, follow, max-snippet:-1, max-image-preview:large, max-video-preview:-1\" \/>\n<link rel=\"canonical\" href=\"https:\/\/grenzinfo.eu\/edr\/expertentreffen-personal-erfolgreich-niederlaendisches-personal-werben\/\" \/>\n<meta property=\"og:locale\" content=\"de_DE\" \/>\n<meta property=\"og:type\" content=\"article\" \/>\n<meta property=\"og:title\" content=\"Expertentreffen Personal: \u201eErfolgreich niederl\u00e4ndisches Personal werben\u201c - Ems Dollart Region\" \/>\n<meta property=\"og:description\" content=\"Sie suchen Fachkr\u00e4fte? Haben Sie dabei schon mal an Mitarbeiter aus dem Nachbarland gedacht? Sie schrecken noch vor den vielen Fragen zur\u00fcck: Wie kann man \u00fcberhaupt in den Niederlanden Personal f\u00fcr den Betrieb gewinnen? Nach welchem Arbeitsrecht ist der Arbeitsvertrag abzuschlie\u00dfen? Welche Marketingkan\u00e4le kann ich daf\u00fcr nutzen? W\u00fcrde der neue Mitarbeiter \u00fcberhaupt ins Team passen? [&hellip;]\" \/>\n<meta property=\"og:url\" content=\"https:\/\/grenzinfo.eu\/edr\/expertentreffen-personal-erfolgreich-niederlaendisches-personal-werben\/\" \/>\n<meta property=\"og:site_name\" content=\"Ems Dollart Region\" \/>\n<meta property=\"article:published_time\" content=\"2017-08-07T09:35:15+00:00\" \/>\n<meta property=\"article:modified_time\" content=\"2019-04-08T16:01:12+00:00\" \/>\n<meta name=\"author\" content=\"malewicz\" \/>\n<meta name=\"twitter:card\" content=\"summary_large_image\" \/>\n<meta name=\"twitter:label1\" content=\"Geschrieben von\" \/>\n\t<meta name=\"twitter:data1\" content=\"malewicz\" \/>\n\t<meta name=\"twitter:label2\" content=\"Gesch\u00e4tzte Lesezeit\" \/>\n\t<meta name=\"twitter:data2\" content=\"1\u00a0Minute\" \/>\n<script type=\"application\/ld+json\" class=\"yoast-schema-graph\">{\"@context\":\"https:\\\/\\\/schema.org\",\"@graph\":[{\"@type\":\"Article\",\"@id\":\"https:\\\/\\\/grenzinfo.eu\\\/edr\\\/expertentreffen-personal-erfolgreich-niederlaendisches-personal-werben\\\/#article\",\"isPartOf\":{\"@id\":\"https:\\\/\\\/grenzinfo.eu\\\/edr\\\/expertentreffen-personal-erfolgreich-niederlaendisches-personal-werben\\\/\"},\"author\":{\"name\":\"malewicz\",\"@id\":\"https:\\\/\\\/grenzinfo.eu\\\/edr\\\/#\\\/schema\\\/person\\\/bf462f8830942a4179e4374d410ba679\"},\"headline\":\"Expertentreffen Personal: \u201eErfolgreich niederl\u00e4ndisches Personal werben\u201c\",\"datePublished\":\"2017-08-07T09:35:15+00:00\",\"dateModified\":\"2019-04-08T16:01:12+00:00\",\"mainEntityOfPage\":{\"@id\":\"https:\\\/\\\/grenzinfo.eu\\\/edr\\\/expertentreffen-personal-erfolgreich-niederlaendisches-personal-werben\\\/\"},\"wordCount\":148,\"articleSection\":[\"News\"],\"inLanguage\":\"de\"},{\"@type\":\"WebPage\",\"@id\":\"https:\\\/\\\/grenzinfo.eu\\\/edr\\\/expertentreffen-personal-erfolgreich-niederlaendisches-personal-werben\\\/\",\"url\":\"https:\\\/\\\/grenzinfo.eu\\\/edr\\\/expertentreffen-personal-erfolgreich-niederlaendisches-personal-werben\\\/\",\"name\":\"Expertentreffen Personal: \u201eErfolgreich niederl\u00e4ndisches Personal werben\u201c - Ems Dollart Region\",\"isPartOf\":{\"@id\":\"https:\\\/\\\/grenzinfo.eu\\\/edr\\\/#website\"},\"datePublished\":\"2017-08-07T09:35:15+00:00\",\"dateModified\":\"2019-04-08T16:01:12+00:00\",\"author\":{\"@id\":\"https:\\\/\\\/grenzinfo.eu\\\/edr\\\/#\\\/schema\\\/person\\\/bf462f8830942a4179e4374d410ba679\"},\"breadcrumb\":{\"@id\":\"https:\\\/\\\/grenzinfo.eu\\\/edr\\\/expertentreffen-personal-erfolgreich-niederlaendisches-personal-werben\\\/#breadcrumb\"},\"inLanguage\":\"de\",\"potentialAction\":[{\"@type\":\"ReadAction\",\"target\":[\"https:\\\/\\\/grenzinfo.eu\\\/edr\\\/expertentreffen-personal-erfolgreich-niederlaendisches-personal-werben\\\/\"]}]},{\"@type\":\"BreadcrumbList\",\"@id\":\"https:\\\/\\\/grenzinfo.eu\\\/edr\\\/expertentreffen-personal-erfolgreich-niederlaendisches-personal-werben\\\/#breadcrumb\",\"itemListElement\":[{\"@type\":\"ListItem\",\"position\":1,\"name\":\"Home\",\"item\":\"https:\\\/\\\/grenzinfo.eu\\\/edr\\\/\"},{\"@type\":\"ListItem\",\"position\":2,\"name\":\"Expertentreffen Personal: \u201eErfolgreich niederl\u00e4ndisches Personal werben\u201c\"}]},{\"@type\":\"WebSite\",\"@id\":\"https:\\\/\\\/grenzinfo.eu\\\/edr\\\/#website\",\"url\":\"https:\\\/\\\/grenzinfo.eu\\\/edr\\\/\",\"name\":\"Ems Dollart Region\",\"description\":\"Grenzinfopunkt Ems Dollart Region\",\"potentialAction\":[{\"@type\":\"SearchAction\",\"target\":{\"@type\":\"EntryPoint\",\"urlTemplate\":\"https:\\\/\\\/grenzinfo.eu\\\/edr\\\/?s={search_term_string}\"},\"query-input\":{\"@type\":\"PropertyValueSpecification\",\"valueRequired\":true,\"valueName\":\"search_term_string\"}}],\"inLanguage\":\"de\"},{\"@type\":\"Person\",\"@id\":\"https:\\\/\\\/grenzinfo.eu\\\/edr\\\/#\\\/schema\\\/person\\\/bf462f8830942a4179e4374d410ba679\",\"name\":\"malewicz\",\"url\":\"https:\\\/\\\/grenzinfo.eu\\\/edr\\\/author\\\/malewicz\\\/\"}]}<\/script>\n<!-- \/ Yoast SEO plugin. -->","yoast_head_json":{"title":"Expertentreffen Personal: \u201eErfolgreich niederl\u00e4ndisches Personal werben\u201c - Ems Dollart Region","robots":{"index":"index","follow":"follow","max-snippet":"max-snippet:-1","max-image-preview":"max-image-preview:large","max-video-preview":"max-video-preview:-1"},"canonical":"https:\/\/grenzinfo.eu\/edr\/expertentreffen-personal-erfolgreich-niederlaendisches-personal-werben\/","og_locale":"de_DE","og_type":"article","og_title":"Expertentreffen Personal: \u201eErfolgreich niederl\u00e4ndisches Personal werben\u201c - Ems Dollart Region","og_description":"Sie suchen Fachkr\u00e4fte? Haben Sie dabei schon mal an Mitarbeiter aus dem Nachbarland gedacht? Sie schrecken noch vor den vielen Fragen zur\u00fcck: Wie kann man \u00fcberhaupt in den Niederlanden Personal f\u00fcr den Betrieb gewinnen? Nach welchem Arbeitsrecht ist der Arbeitsvertrag abzuschlie\u00dfen? Welche Marketingkan\u00e4le kann ich daf\u00fcr nutzen? W\u00fcrde der neue Mitarbeiter \u00fcberhaupt ins Team passen? [&hellip;]","og_url":"https:\/\/grenzinfo.eu\/edr\/expertentreffen-personal-erfolgreich-niederlaendisches-personal-werben\/","og_site_name":"Ems Dollart Region","article_published_time":"2017-08-07T09:35:15+00:00","article_modified_time":"2019-04-08T16:01:12+00:00","author":"malewicz","twitter_card":"summary_large_image","twitter_misc":{"Geschrieben von":"malewicz","Gesch\u00e4tzte Lesezeit":"1\u00a0Minute"},"schema":{"@context":"https:\/\/schema.org","@graph":[{"@type":"Article","@id":"https:\/\/grenzinfo.eu\/edr\/expertentreffen-personal-erfolgreich-niederlaendisches-personal-werben\/#article","isPartOf":{"@id":"https:\/\/grenzinfo.eu\/edr\/expertentreffen-personal-erfolgreich-niederlaendisches-personal-werben\/"},"author":{"name":"malewicz","@id":"https:\/\/grenzinfo.eu\/edr\/#\/schema\/person\/bf462f8830942a4179e4374d410ba679"},"headline":"Expertentreffen Personal: \u201eErfolgreich niederl\u00e4ndisches Personal werben\u201c","datePublished":"2017-08-07T09:35:15+00:00","dateModified":"2019-04-08T16:01:12+00:00","mainEntityOfPage":{"@id":"https:\/\/grenzinfo.eu\/edr\/expertentreffen-personal-erfolgreich-niederlaendisches-personal-werben\/"},"wordCount":148,"articleSection":["News"],"inLanguage":"de"},{"@type":"WebPage","@id":"https:\/\/grenzinfo.eu\/edr\/expertentreffen-personal-erfolgreich-niederlaendisches-personal-werben\/","url":"https:\/\/grenzinfo.eu\/edr\/expertentreffen-personal-erfolgreich-niederlaendisches-personal-werben\/","name":"Expertentreffen Personal: \u201eErfolgreich niederl\u00e4ndisches Personal werben\u201c - Ems Dollart Region","isPartOf":{"@id":"https:\/\/grenzinfo.eu\/edr\/#website"},"datePublished":"2017-08-07T09:35:15+00:00","dateModified":"2019-04-08T16:01:12+00:00","author":{"@id":"https:\/\/grenzinfo.eu\/edr\/#\/schema\/person\/bf462f8830942a4179e4374d410ba679"},"breadcrumb":{"@id":"https:\/\/grenzinfo.eu\/edr\/expertentreffen-personal-erfolgreich-niederlaendisches-personal-werben\/#breadcrumb"},"inLanguage":"de","potentialAction":[{"@type":"ReadAction","target":["https:\/\/grenzinfo.eu\/edr\/expertentreffen-personal-erfolgreich-niederlaendisches-personal-werben\/"]}]},{"@type":"BreadcrumbList","@id":"https:\/\/grenzinfo.eu\/edr\/expertentreffen-personal-erfolgreich-niederlaendisches-personal-werben\/#breadcrumb","itemListElement":[{"@type":"ListItem","position":1,"name":"Home","item":"https:\/\/grenzinfo.eu\/edr\/"},{"@type":"ListItem","position":2,"name":"Expertentreffen Personal: \u201eErfolgreich niederl\u00e4ndisches Personal werben\u201c"}]},{"@type":"WebSite","@id":"https:\/\/grenzinfo.eu\/edr\/#website","url":"https:\/\/grenzinfo.eu\/edr\/","name":"Ems Dollart Region","description":"Grenzinfopunkt Ems Dollart Region","potentialAction":[{"@type":"SearchAction","target":{"@type":"EntryPoint","urlTemplate":"https:\/\/grenzinfo.eu\/edr\/?s={search_term_string}"},"query-input":{"@type":"PropertyValueSpecification","valueRequired":true,"valueName":"search_term_string"}}],"inLanguage":"de"},{"@type":"Person","@id":"https:\/\/grenzinfo.eu\/edr\/#\/schema\/person\/bf462f8830942a4179e4374d410ba679","name":"malewicz","url":"https:\/\/grenzinfo.eu\/edr\/author\/malewicz\/"}]}},"lang":"de","translations":{"de":1055},"pll_sync_post":[],"_links":{"self":[{"href":"https:\/\/grenzinfo.eu\/edr\/wp-json\/wp\/v2\/posts\/1055","targetHints":{"allow":["GET"]}}],"collection":[{"href":"https:\/\/grenzinfo.eu\/edr\/wp-json\/wp\/v2\/posts"}],"about":[{"href":"https:\/\/grenzinfo.eu\/edr\/wp-json\/wp\/v2\/types\/post"}],"author":[{"embeddable":true,"href":"https:\/\/grenzinfo.eu\/edr\/wp-json\/wp\/v2\/users\/21"}],"replies":[{"embeddable":true,"href":"https:\/\/grenzinfo.eu\/edr\/wp-json\/wp\/v2\/comments?post=1055"}],"version-history":[{"count":0,"href":"https:\/\/grenzinfo.eu\/edr\/wp-json\/wp\/v2\/posts\/1055\/revisions"}],"wp:attachment":[{"href":"https:\/\/grenzinfo.eu\/edr\/wp-json\/wp\/v2\/media?parent=1055"}],"wp:term":[{"taxonomy":"category","embeddable":true,"href":"https:\/\/grenzinfo.eu\/edr\/wp-json\/wp\/v2\/categories?post=1055"},{"taxonomy":"post_tag","embeddable":true,"href":"https:\/\/grenzinfo.eu\/edr\/wp-json\/wp\/v2\/tags?post=1055"}],"curies":[{"name":"wp","href":"https:\/\/api.w.org\/{rel}","templated":true}]}}