{"id":10841,"date":"2020-02-19T10:30:54","date_gmt":"2020-02-19T09:30:54","guid":{"rendered":"https:\/\/grenzinfo.eu\/edr\/?p=10841"},"modified":"2020-02-19T10:48:50","modified_gmt":"2020-02-19T09:48:50","slug":"meldepflicht-fuer-auslaendische-unternehmen-bei-der-entsendung-von-personal-in-die-niederlande","status":"publish","type":"post","link":"https:\/\/grenzinfo.eu\/edr\/meldepflicht-fuer-auslaendische-unternehmen-bei-der-entsendung-von-personal-in-die-niederlande\/","title":{"rendered":"Meldepflicht f\u00fcr ausl\u00e4ndische Unternehmen bei der Entsendung von Personal in die Niederlande"},"content":{"rendered":"<p>&nbsp;<\/p>\n<div class=\"elementor-element elementor-element-9fa0e4b elementor-widget elementor-widget-theme-post-content\" data-id=\"9fa0e4b\">\n<div class=\"elementor-widget-container\">\n<p>Ab dem 1. M\u00e4rz 2020 unterliegen Unternehmen mit Sitz au\u00dferhalb der Niederlande, die Arbeitnehmer vor\u00fcbergehend in die Niederlande entsenden, einer Meldepflicht. Die Meldepflicht gilt auch f\u00fcr au\u00dferhalb der Niederlande niedergelassene Selbst\u00e4ndige, die vor\u00fcbergehend in den Niederlanden arbeiten, wenn die auszuf\u00fchrenden T\u00e4tigkeiten zu einem der bezeichneten Wirtschaftszweige geh\u00f6ren.<\/p>\n<h4><em>Meldepflicht f\u00fcr Dienstleister<\/em><\/h4>\n<p>Sind Sie ein in Belgien oder Deutschland<\/p>\n<ul>\n<li>niedergelassener Arbeitgeber, der mit eigenem Personal in die Niederlande kommt;<\/li>\n<li>ein multinationales Unternehmen, das Mitarbeiter in eine eigene Niederlassung in die Niederlande entsendet;<\/li>\n<li>ein Zeitarbeitsunternehmen, das Zeitarbeitnehmer in den Niederlanden besch\u00e4ftigt; oder<\/li>\n<li>ein meldepflichtiger Selbst\u00e4ndiger?<\/li>\n<\/ul>\n<p>Die vor\u00fcbergehenden Aktivit\u00e4ten, die ab dem 1. M\u00e4rz 2020 beginnen, m\u00fcssen Sie online \u00fcber die website <a href=\"https:\/\/deutsch.postedworkers.nl\/\" target=\"_blank\" rel=\"noopener noreferrer\">www.postedworkers.nl<\/a> melden. Dies kann bereits ab dem 1. Februar 2020 geschehen.<\/p>\n<h4><em>Pflicht zur Kontrolle der Leistungsempf\u00e4nger<\/em><\/h4>\n<p>Sind Sie ein Unternehmen mit Sitz in den Niederlanden, das ein Unternehmen oder einen Selbst\u00e4ndigen aus Belgien oder Deutschland unter Vertrag nimmt? Ab dem 1. M\u00e4rz 2020 haben Sie als Kunde oder Auftraggeber eine Kontrollpflicht. Sie sind verpflichtet, zu pr\u00fcfen, ob diese Zeitarbeitnehmer angemeldet sind. F\u00fcr weitere Informationen und Online-Berichte besuchen Sie bitte <a href=\"https:\/\/deutsch.postedworkers.nl\/\" target=\"_blank\" rel=\"noopener noreferrer\">www.postedworkers.nl<\/a>.<\/p>\n<\/div>\n<\/div>\n","protected":false},"excerpt":{"rendered":"<p>&nbsp; Ab dem 1. M\u00e4rz 2020 unterliegen Unternehmen mit Sitz au\u00dferhalb der Niederlande, die Arbeitnehmer vor\u00fcbergehend in die Niederlande entsenden, einer Meldepflicht. Die Meldepflicht gilt auch f\u00fcr au\u00dferhalb der Niederlande niedergelassene Selbst\u00e4ndige, die vor\u00fcbergehend in den Niederlanden arbeiten, wenn die auszuf\u00fchrenden T\u00e4tigkeiten zu einem der bezeichneten Wirtschaftszweige geh\u00f6ren. Meldepflicht f\u00fcr Dienstleister Sind Sie ein in [&hellip;]<\/p>\n","protected":false},"author":23,"featured_media":10843,"comment_status":"closed","ping_status":"closed","sticky":false,"template":"","format":"standard","meta":{"_acf_changed":false,"footnotes":""},"categories":[1],"tags":[],"class_list":["post-10841","post","type-post","status-publish","format-standard","has-post-thumbnail","hentry","category-news"],"acf":[],"yoast_head":"<!-- This site is optimized with the Yoast SEO plugin v27.5 - https:\/\/yoast.com\/product\/yoast-seo-wordpress\/ -->\n<title>Meldepflicht f\u00fcr ausl\u00e4ndische Unternehmen bei der Entsendung von Personal in die Niederlande - Ems Dollart Region<\/title>\n<meta name=\"robots\" content=\"index, follow, max-snippet:-1, max-image-preview:large, max-video-preview:-1\" \/>\n<link rel=\"canonical\" href=\"https:\/\/grenzinfo.eu\/edr\/meldepflicht-fuer-auslaendische-unternehmen-bei-der-entsendung-von-personal-in-die-niederlande\/\" \/>\n<meta property=\"og:locale\" content=\"de_DE\" \/>\n<meta property=\"og:type\" content=\"article\" \/>\n<meta property=\"og:title\" content=\"Meldepflicht f\u00fcr ausl\u00e4ndische Unternehmen bei der Entsendung von Personal in die Niederlande - Ems Dollart Region\" \/>\n<meta property=\"og:description\" content=\"&nbsp; Ab dem 1. M\u00e4rz 2020 unterliegen Unternehmen mit Sitz au\u00dferhalb der Niederlande, die Arbeitnehmer vor\u00fcbergehend in die Niederlande entsenden, einer Meldepflicht. Die Meldepflicht gilt auch f\u00fcr au\u00dferhalb der Niederlande niedergelassene Selbst\u00e4ndige, die vor\u00fcbergehend in den Niederlanden arbeiten, wenn die auszuf\u00fchrenden T\u00e4tigkeiten zu einem der bezeichneten Wirtschaftszweige geh\u00f6ren. Meldepflicht f\u00fcr Dienstleister Sind Sie ein in [&hellip;]\" \/>\n<meta property=\"og:url\" content=\"https:\/\/grenzinfo.eu\/edr\/meldepflicht-fuer-auslaendische-unternehmen-bei-der-entsendung-von-personal-in-die-niederlande\/\" \/>\n<meta property=\"og:site_name\" content=\"Ems Dollart Region\" \/>\n<meta property=\"article:published_time\" content=\"2020-02-19T09:30:54+00:00\" \/>\n<meta property=\"article:modified_time\" content=\"2020-02-19T09:48:50+00:00\" \/>\n<meta property=\"og:image\" content=\"https:\/\/grenzinfo.eu\/edr\/wp-content\/uploads\/sites\/8\/2020\/02\/meldepflicht.jpg\" \/>\n\t<meta property=\"og:image:width\" content=\"1024\" \/>\n\t<meta property=\"og:image:height\" content=\"611\" \/>\n\t<meta property=\"og:image:type\" content=\"image\/jpeg\" \/>\n<meta name=\"author\" content=\"rauch\" \/>\n<meta name=\"twitter:card\" content=\"summary_large_image\" \/>\n<meta name=\"twitter:label1\" content=\"Geschrieben von\" \/>\n\t<meta name=\"twitter:data1\" content=\"rauch\" \/>\n\t<meta name=\"twitter:label2\" content=\"Gesch\u00e4tzte Lesezeit\" \/>\n\t<meta name=\"twitter:data2\" content=\"1\u00a0Minute\" \/>\n<script type=\"application\/ld+json\" class=\"yoast-schema-graph\">{\"@context\":\"https:\\\/\\\/schema.org\",\"@graph\":[{\"@type\":\"Article\",\"@id\":\"https:\\\/\\\/grenzinfo.eu\\\/edr\\\/meldepflicht-fuer-auslaendische-unternehmen-bei-der-entsendung-von-personal-in-die-niederlande\\\/#article\",\"isPartOf\":{\"@id\":\"https:\\\/\\\/grenzinfo.eu\\\/edr\\\/meldepflicht-fuer-auslaendische-unternehmen-bei-der-entsendung-von-personal-in-die-niederlande\\\/\"},\"author\":{\"name\":\"rauch\",\"@id\":\"https:\\\/\\\/grenzinfo.eu\\\/edr\\\/#\\\/schema\\\/person\\\/d81fb7fae68efb5c5bd65fd07432dab4\"},\"headline\":\"Meldepflicht f\u00fcr ausl\u00e4ndische Unternehmen bei der Entsendung von Personal in die Niederlande\",\"datePublished\":\"2020-02-19T09:30:54+00:00\",\"dateModified\":\"2020-02-19T09:48:50+00:00\",\"mainEntityOfPage\":{\"@id\":\"https:\\\/\\\/grenzinfo.eu\\\/edr\\\/meldepflicht-fuer-auslaendische-unternehmen-bei-der-entsendung-von-personal-in-die-niederlande\\\/\"},\"wordCount\":211,\"image\":{\"@id\":\"https:\\\/\\\/grenzinfo.eu\\\/edr\\\/meldepflicht-fuer-auslaendische-unternehmen-bei-der-entsendung-von-personal-in-die-niederlande\\\/#primaryimage\"},\"thumbnailUrl\":\"https:\\\/\\\/grenzinfo.eu\\\/edr\\\/wp-content\\\/uploads\\\/sites\\\/8\\\/2020\\\/02\\\/meldepflicht.jpg\",\"articleSection\":[\"News\"],\"inLanguage\":\"de\"},{\"@type\":\"WebPage\",\"@id\":\"https:\\\/\\\/grenzinfo.eu\\\/edr\\\/meldepflicht-fuer-auslaendische-unternehmen-bei-der-entsendung-von-personal-in-die-niederlande\\\/\",\"url\":\"https:\\\/\\\/grenzinfo.eu\\\/edr\\\/meldepflicht-fuer-auslaendische-unternehmen-bei-der-entsendung-von-personal-in-die-niederlande\\\/\",\"name\":\"Meldepflicht f\u00fcr ausl\u00e4ndische Unternehmen bei der Entsendung von Personal in die Niederlande - Ems Dollart Region\",\"isPartOf\":{\"@id\":\"https:\\\/\\\/grenzinfo.eu\\\/edr\\\/#website\"},\"primaryImageOfPage\":{\"@id\":\"https:\\\/\\\/grenzinfo.eu\\\/edr\\\/meldepflicht-fuer-auslaendische-unternehmen-bei-der-entsendung-von-personal-in-die-niederlande\\\/#primaryimage\"},\"image\":{\"@id\":\"https:\\\/\\\/grenzinfo.eu\\\/edr\\\/meldepflicht-fuer-auslaendische-unternehmen-bei-der-entsendung-von-personal-in-die-niederlande\\\/#primaryimage\"},\"thumbnailUrl\":\"https:\\\/\\\/grenzinfo.eu\\\/edr\\\/wp-content\\\/uploads\\\/sites\\\/8\\\/2020\\\/02\\\/meldepflicht.jpg\",\"datePublished\":\"2020-02-19T09:30:54+00:00\",\"dateModified\":\"2020-02-19T09:48:50+00:00\",\"author\":{\"@id\":\"https:\\\/\\\/grenzinfo.eu\\\/edr\\\/#\\\/schema\\\/person\\\/d81fb7fae68efb5c5bd65fd07432dab4\"},\"breadcrumb\":{\"@id\":\"https:\\\/\\\/grenzinfo.eu\\\/edr\\\/meldepflicht-fuer-auslaendische-unternehmen-bei-der-entsendung-von-personal-in-die-niederlande\\\/#breadcrumb\"},\"inLanguage\":\"de\",\"potentialAction\":[{\"@type\":\"ReadAction\",\"target\":[\"https:\\\/\\\/grenzinfo.eu\\\/edr\\\/meldepflicht-fuer-auslaendische-unternehmen-bei-der-entsendung-von-personal-in-die-niederlande\\\/\"]}]},{\"@type\":\"ImageObject\",\"inLanguage\":\"de\",\"@id\":\"https:\\\/\\\/grenzinfo.eu\\\/edr\\\/meldepflicht-fuer-auslaendische-unternehmen-bei-der-entsendung-von-personal-in-die-niederlande\\\/#primaryimage\",\"url\":\"https:\\\/\\\/grenzinfo.eu\\\/edr\\\/wp-content\\\/uploads\\\/sites\\\/8\\\/2020\\\/02\\\/meldepflicht.jpg\",\"contentUrl\":\"https:\\\/\\\/grenzinfo.eu\\\/edr\\\/wp-content\\\/uploads\\\/sites\\\/8\\\/2020\\\/02\\\/meldepflicht.jpg\",\"width\":1024,\"height\":611},{\"@type\":\"BreadcrumbList\",\"@id\":\"https:\\\/\\\/grenzinfo.eu\\\/edr\\\/meldepflicht-fuer-auslaendische-unternehmen-bei-der-entsendung-von-personal-in-die-niederlande\\\/#breadcrumb\",\"itemListElement\":[{\"@type\":\"ListItem\",\"position\":1,\"name\":\"Home\",\"item\":\"https:\\\/\\\/grenzinfo.eu\\\/edr\\\/\"},{\"@type\":\"ListItem\",\"position\":2,\"name\":\"Meldepflicht f\u00fcr ausl\u00e4ndische Unternehmen bei der Entsendung von Personal in die Niederlande\"}]},{\"@type\":\"WebSite\",\"@id\":\"https:\\\/\\\/grenzinfo.eu\\\/edr\\\/#website\",\"url\":\"https:\\\/\\\/grenzinfo.eu\\\/edr\\\/\",\"name\":\"Ems Dollart Region\",\"description\":\"Grenzinfopunkt Ems Dollart Region\",\"potentialAction\":[{\"@type\":\"SearchAction\",\"target\":{\"@type\":\"EntryPoint\",\"urlTemplate\":\"https:\\\/\\\/grenzinfo.eu\\\/edr\\\/?s={search_term_string}\"},\"query-input\":{\"@type\":\"PropertyValueSpecification\",\"valueRequired\":true,\"valueName\":\"search_term_string\"}}],\"inLanguage\":\"de\"},{\"@type\":\"Person\",\"@id\":\"https:\\\/\\\/grenzinfo.eu\\\/edr\\\/#\\\/schema\\\/person\\\/d81fb7fae68efb5c5bd65fd07432dab4\",\"name\":\"rauch\",\"url\":\"https:\\\/\\\/grenzinfo.eu\\\/edr\\\/author\\\/rauch\\\/\"}]}<\/script>\n<!-- \/ Yoast SEO plugin. -->","yoast_head_json":{"title":"Meldepflicht f\u00fcr ausl\u00e4ndische Unternehmen bei der Entsendung von Personal in die Niederlande - Ems Dollart Region","robots":{"index":"index","follow":"follow","max-snippet":"max-snippet:-1","max-image-preview":"max-image-preview:large","max-video-preview":"max-video-preview:-1"},"canonical":"https:\/\/grenzinfo.eu\/edr\/meldepflicht-fuer-auslaendische-unternehmen-bei-der-entsendung-von-personal-in-die-niederlande\/","og_locale":"de_DE","og_type":"article","og_title":"Meldepflicht f\u00fcr ausl\u00e4ndische Unternehmen bei der Entsendung von Personal in die Niederlande - Ems Dollart Region","og_description":"&nbsp; Ab dem 1. M\u00e4rz 2020 unterliegen Unternehmen mit Sitz au\u00dferhalb der Niederlande, die Arbeitnehmer vor\u00fcbergehend in die Niederlande entsenden, einer Meldepflicht. Die Meldepflicht gilt auch f\u00fcr au\u00dferhalb der Niederlande niedergelassene Selbst\u00e4ndige, die vor\u00fcbergehend in den Niederlanden arbeiten, wenn die auszuf\u00fchrenden T\u00e4tigkeiten zu einem der bezeichneten Wirtschaftszweige geh\u00f6ren. Meldepflicht f\u00fcr Dienstleister Sind Sie ein in [&hellip;]","og_url":"https:\/\/grenzinfo.eu\/edr\/meldepflicht-fuer-auslaendische-unternehmen-bei-der-entsendung-von-personal-in-die-niederlande\/","og_site_name":"Ems Dollart Region","article_published_time":"2020-02-19T09:30:54+00:00","article_modified_time":"2020-02-19T09:48:50+00:00","og_image":[{"width":1024,"height":611,"url":"https:\/\/grenzinfo.eu\/edr\/wp-content\/uploads\/sites\/8\/2020\/02\/meldepflicht.jpg","type":"image\/jpeg"}],"author":"rauch","twitter_card":"summary_large_image","twitter_misc":{"Geschrieben von":"rauch","Gesch\u00e4tzte Lesezeit":"1\u00a0Minute"},"schema":{"@context":"https:\/\/schema.org","@graph":[{"@type":"Article","@id":"https:\/\/grenzinfo.eu\/edr\/meldepflicht-fuer-auslaendische-unternehmen-bei-der-entsendung-von-personal-in-die-niederlande\/#article","isPartOf":{"@id":"https:\/\/grenzinfo.eu\/edr\/meldepflicht-fuer-auslaendische-unternehmen-bei-der-entsendung-von-personal-in-die-niederlande\/"},"author":{"name":"rauch","@id":"https:\/\/grenzinfo.eu\/edr\/#\/schema\/person\/d81fb7fae68efb5c5bd65fd07432dab4"},"headline":"Meldepflicht f\u00fcr ausl\u00e4ndische Unternehmen bei der Entsendung von Personal in die Niederlande","datePublished":"2020-02-19T09:30:54+00:00","dateModified":"2020-02-19T09:48:50+00:00","mainEntityOfPage":{"@id":"https:\/\/grenzinfo.eu\/edr\/meldepflicht-fuer-auslaendische-unternehmen-bei-der-entsendung-von-personal-in-die-niederlande\/"},"wordCount":211,"image":{"@id":"https:\/\/grenzinfo.eu\/edr\/meldepflicht-fuer-auslaendische-unternehmen-bei-der-entsendung-von-personal-in-die-niederlande\/#primaryimage"},"thumbnailUrl":"https:\/\/grenzinfo.eu\/edr\/wp-content\/uploads\/sites\/8\/2020\/02\/meldepflicht.jpg","articleSection":["News"],"inLanguage":"de"},{"@type":"WebPage","@id":"https:\/\/grenzinfo.eu\/edr\/meldepflicht-fuer-auslaendische-unternehmen-bei-der-entsendung-von-personal-in-die-niederlande\/","url":"https:\/\/grenzinfo.eu\/edr\/meldepflicht-fuer-auslaendische-unternehmen-bei-der-entsendung-von-personal-in-die-niederlande\/","name":"Meldepflicht f\u00fcr ausl\u00e4ndische Unternehmen bei der Entsendung von Personal in die Niederlande - Ems Dollart Region","isPartOf":{"@id":"https:\/\/grenzinfo.eu\/edr\/#website"},"primaryImageOfPage":{"@id":"https:\/\/grenzinfo.eu\/edr\/meldepflicht-fuer-auslaendische-unternehmen-bei-der-entsendung-von-personal-in-die-niederlande\/#primaryimage"},"image":{"@id":"https:\/\/grenzinfo.eu\/edr\/meldepflicht-fuer-auslaendische-unternehmen-bei-der-entsendung-von-personal-in-die-niederlande\/#primaryimage"},"thumbnailUrl":"https:\/\/grenzinfo.eu\/edr\/wp-content\/uploads\/sites\/8\/2020\/02\/meldepflicht.jpg","datePublished":"2020-02-19T09:30:54+00:00","dateModified":"2020-02-19T09:48:50+00:00","author":{"@id":"https:\/\/grenzinfo.eu\/edr\/#\/schema\/person\/d81fb7fae68efb5c5bd65fd07432dab4"},"breadcrumb":{"@id":"https:\/\/grenzinfo.eu\/edr\/meldepflicht-fuer-auslaendische-unternehmen-bei-der-entsendung-von-personal-in-die-niederlande\/#breadcrumb"},"inLanguage":"de","potentialAction":[{"@type":"ReadAction","target":["https:\/\/grenzinfo.eu\/edr\/meldepflicht-fuer-auslaendische-unternehmen-bei-der-entsendung-von-personal-in-die-niederlande\/"]}]},{"@type":"ImageObject","inLanguage":"de","@id":"https:\/\/grenzinfo.eu\/edr\/meldepflicht-fuer-auslaendische-unternehmen-bei-der-entsendung-von-personal-in-die-niederlande\/#primaryimage","url":"https:\/\/grenzinfo.eu\/edr\/wp-content\/uploads\/sites\/8\/2020\/02\/meldepflicht.jpg","contentUrl":"https:\/\/grenzinfo.eu\/edr\/wp-content\/uploads\/sites\/8\/2020\/02\/meldepflicht.jpg","width":1024,"height":611},{"@type":"BreadcrumbList","@id":"https:\/\/grenzinfo.eu\/edr\/meldepflicht-fuer-auslaendische-unternehmen-bei-der-entsendung-von-personal-in-die-niederlande\/#breadcrumb","itemListElement":[{"@type":"ListItem","position":1,"name":"Home","item":"https:\/\/grenzinfo.eu\/edr\/"},{"@type":"ListItem","position":2,"name":"Meldepflicht f\u00fcr ausl\u00e4ndische Unternehmen bei der Entsendung von Personal in die Niederlande"}]},{"@type":"WebSite","@id":"https:\/\/grenzinfo.eu\/edr\/#website","url":"https:\/\/grenzinfo.eu\/edr\/","name":"Ems Dollart Region","description":"Grenzinfopunkt Ems Dollart Region","potentialAction":[{"@type":"SearchAction","target":{"@type":"EntryPoint","urlTemplate":"https:\/\/grenzinfo.eu\/edr\/?s={search_term_string}"},"query-input":{"@type":"PropertyValueSpecification","valueRequired":true,"valueName":"search_term_string"}}],"inLanguage":"de"},{"@type":"Person","@id":"https:\/\/grenzinfo.eu\/edr\/#\/schema\/person\/d81fb7fae68efb5c5bd65fd07432dab4","name":"rauch","url":"https:\/\/grenzinfo.eu\/edr\/author\/rauch\/"}]}},"lang":"de","translations":{"de":10841},"pll_sync_post":[],"_links":{"self":[{"href":"https:\/\/grenzinfo.eu\/edr\/wp-json\/wp\/v2\/posts\/10841","targetHints":{"allow":["GET"]}}],"collection":[{"href":"https:\/\/grenzinfo.eu\/edr\/wp-json\/wp\/v2\/posts"}],"about":[{"href":"https:\/\/grenzinfo.eu\/edr\/wp-json\/wp\/v2\/types\/post"}],"author":[{"embeddable":true,"href":"https:\/\/grenzinfo.eu\/edr\/wp-json\/wp\/v2\/users\/23"}],"replies":[{"embeddable":true,"href":"https:\/\/grenzinfo.eu\/edr\/wp-json\/wp\/v2\/comments?post=10841"}],"version-history":[{"count":0,"href":"https:\/\/grenzinfo.eu\/edr\/wp-json\/wp\/v2\/posts\/10841\/revisions"}],"wp:featuredmedia":[{"embeddable":true,"href":"https:\/\/grenzinfo.eu\/edr\/wp-json\/wp\/v2\/media\/10843"}],"wp:attachment":[{"href":"https:\/\/grenzinfo.eu\/edr\/wp-json\/wp\/v2\/media?parent=10841"}],"wp:term":[{"taxonomy":"category","embeddable":true,"href":"https:\/\/grenzinfo.eu\/edr\/wp-json\/wp\/v2\/categories?post=10841"},{"taxonomy":"post_tag","embeddable":true,"href":"https:\/\/grenzinfo.eu\/edr\/wp-json\/wp\/v2\/tags?post=10841"}],"curies":[{"name":"wp","href":"https:\/\/api.w.org\/{rel}","templated":true}]}}