{"id":10869,"date":"2020-03-26T16:41:47","date_gmt":"2020-03-26T15:41:47","guid":{"rendered":"https:\/\/grenzinfo.eu\/edr\/?p=10869"},"modified":"2020-12-18T12:16:57","modified_gmt":"2020-12-18T11:16:57","slug":"coronavirus-und-grenzgaenger-empfehlungen-einschraenkungen-warnungen","status":"publish","type":"post","link":"https:\/\/grenzinfo.eu\/edr\/coronavirus-und-grenzgaenger-empfehlungen-einschraenkungen-warnungen\/","title":{"rendered":"Coronavirus und Grenzg\u00e4nger: Empfehlungen, Einschr\u00e4nkungen, Warnungen"},"content":{"rendered":"<p><strong>Coronavirus und Grenzg\u00e4nger<\/strong><\/p>\n<p>Empfehlungen, Einschr\u00e4nkungen, Warnungen \u2013 t\u00e4glich h\u00f6ren und lesen wir Ver\u00e4nderungen im Zusammenhang mit dem Coronavirus. Was bedeutet die aktuelle Lage f\u00fcr Grenzg\u00e4nger in der Ems Dollart Region? Auf der allgemeinen Website der GrenzInfoPunkte werden Informationen f\u00fcr alle Grenzregionen im Bereich Deutschland, Niederlanden und Belgien zur Verf\u00fcgung gestellt. Auf unserer Internetseite m\u00f6chten wir vor allem auf die Situation in der Ems Dollart Region eingehen.<\/p>\n<p>Eine erste Zusammenstellung mit Hinweisen und Informationen finden Sie hier:<\/p>\n<ul>\n<li><a href=\"https:\/\/grenzinfo.eu\/infopage\/arbeiten-im-nachbarland\/coronavirus-und-grenzgaenger\/aktuelle-corona-entwicklungen-in-deutschland\/\">Deutschland<\/a><\/li>\n<li><a href=\"https:\/\/grenzinfo.eu\/infopage\/arbeiten-im-nachbarland\/coronavirus-und-grenzgaenger\/informationen-niederlande\/\">Niederlande<\/a><\/li>\n<\/ul>\n<p><iframe hcb-fetch-image-from=\"https:\/\/youtu.be\/-a1L9eG9Zks\" title=\"Gezamenlijke oproep van MP&#039;s Rutte, De Croo en Laschet: blijf thuis\" width=\"800\" height=\"450\" src=\"https:\/\/www.youtube.com\/embed\/-a1L9eG9Zks?feature=oembed\" frameborder=\"0\" allow=\"accelerometer; autoplay; clipboard-write; encrypted-media; gyroscope; picture-in-picture\" allowfullscreen><\/iframe><\/p>\n<p><strong>CORONA-Nachrichten f\u00fcr (Solo-)Selbstst\u00e4ndige, ZZPer: <a href=\"https:\/\/grenzinfo.eu\/infopage\/arbeiten-im-nachbarland\/coronavirus-und-grenzgaenger\/informationen-niederlande\/informationen-fuer-selbststaendiger-und-unternehmer\/\">hier mehr Infos<\/a><\/strong><\/p>\n<p><strong>Haftungsausschluss<br \/>\n<\/strong>Wir bem\u00fchen uns, unsere Informationen m\u00f6glichst t\u00e4glich zu aktualisieren. Alle Angaben sind ohne Gew\u00e4hr, bitte beachten Sie die aktuellen Hinweise der \u00f6ffentlichen Stellen.<\/p>\n<h3>Coronavirus \u2013 Informationen Deutschland<\/h3>\n<p><strong>Allgemeine Informationen<\/strong><\/p>\n<ul>\n<li>Das Land Niedersachsen informiert\u00a0<a href=\"https:\/\/www.niedersachsen.de\/Coronavirus\"><strong>hier&gt;&gt;<\/strong><\/a><\/li>\n<li>Das Land NRW informiert\u00a0<a href=\"https:\/\/www.land.nrw\/corona\"><strong>hier&gt;&gt;<\/strong><\/a><\/li>\n<li>Beim <a href=\"https:\/\/www.rki.de\/DE\/Content\/InfAZ\/N\/Neuartiges_Coronavirus\/nCoV.html\">Robert Koch-Institut<\/a> gibt es <strong><a href=\"https:\/\/www.rki.de\/DE\/Content\/InfAZ\/N\/Neuartiges_Coronavirus\/nCoV.html\">hier&gt;&gt;<\/a><\/strong> eine Liste von Fragen und Antworten sowie aktuelle Informationen zum neuartigen Coronavirus.<\/li>\n<li>Weitere Hinweise finden sich <strong><a href=\"https:\/\/www.infektionsschutz.de\/coronavirus\/\">hier&gt;&gt;<\/a><\/strong> bei der <a href=\"https:\/\/www.bzga.de\/\">Bundeszentrale f\u00fcr gesundheitliche Aufkl\u00e4rung<\/a>.<\/li>\n<\/ul>\n<p><strong>Arbeitsrecht:<\/strong><\/p>\n<ul>\n<li>Informationen des Bundesministeriums f\u00fcr Arbeit (BMAS) finden Sie\u00a0<a href=\"https:\/\/www.bmas.de\/DE\/Schwerpunkte\/Informationen-Corona\/informationen-corona.html\"><strong>hier&gt;&gt;<\/strong><\/a><\/li>\n<li>Informationen des Deutschen Gewerkschaftsbundes (DGB) finden Sie\u00a0<a href=\"https:\/\/www.dgb.de\/themen\/++co++fdb5ec24-5946-11ea-8e68-52540088cada\"><strong>hier&gt;&gt;<\/strong><\/a><\/li>\n<\/ul>\n<p><strong>Grenzschlie\u00dfungen:<\/strong><\/p>\n<ul>\n<li>Das Bundesministerium des Inneren informiert\u00a0<a href=\"https:\/\/www.bmi.bund.de\/SharedDocs\/faqs\/DE\/themen\/bevoelkerungsschutz\/coronavirus\/coronavirus-faqs.html\"><strong>hier&gt;&gt;<\/strong><\/a><\/li>\n<li>Die Bundespolizei informiert <strong><a href=\"https:\/\/www.bundespolizei.de\/Web\/DE\/04Aktuelles\/01Meldungen\/2020\/03\/200317_faq.html?nn=5931604#doc13824392bodyText1\">hier&gt;&gt;<\/a><\/strong><\/li>\n<\/ul>\n<p><strong>Kinderzuschlag und Notfall-Kinderzuschlag:<\/strong><\/p>\n<ul>\n<li>F\u00fcr Familien, die in wirtschaftliche Not geraten, gibt es den Kinderzuschlag. Als Antwort auf Corona-Ma\u00dfnahmen wurde zudem der Notfall-Kinderzuschlag eingef\u00fchrt. Mehr Informationen zum Kinderzuschlag und Notfall-Kinderzuschlag finden Sie <strong><a href=\"https:\/\/grenzinfo.eu\/edr\/kinderzuschlag-und-notfall-kinderzuschlag\/\">hier&gt;&gt;<\/a>\u00a0<\/strong><\/li>\n<\/ul>\n<p><strong>Kurzarbeitergeld:<\/strong><\/p>\n<ul>\n<li>Informationen zum Kurzarbeitergeld haben wir in folgenden Artikeln f\u00fcr Sie zusammengefasst. <a href=\"https:\/\/grenzinfo.eu\/edr\/verbesserungen-beim-kurzarbeiter-und-arbeitslosengeld\/\"><strong>Hier&gt;&gt;<\/strong><\/a> finden Sie einen Beitrag \u00fcber die Erh\u00f6hung des Kurzarbeitergeldes und <a href=\"https:\/\/grenzinfo.eu\/edr\/corona-und-kurzarbeit-in-deutschland\/\"><strong>hier&gt;&gt;<\/strong><\/a> finden Sie ausf\u00fchrliche Informationen \u00fcber das Kurzarbeitergeld und die Auswirkungen des Bezuges von Kurzarbeitergeld auf Grenzg\u00e4nger.<\/li>\n<\/ul>\n<p><strong>Pendlerbescheinigung:<\/strong><\/p>\n<ul>\n<li>F\u00fcr Grenzpendler, die \u00fcber die deutsche Bundesgrenze pendeln m\u00fcssen, stellt die Bundespolizei diesen Vordruck einer Pendlerkarte zur Verf\u00fcgung: <a href=\"https:\/\/grenzinfo.eu\/emra\/wp-content\/uploads\/sites\/2\/2020\/03\/Pendlerbescheinigung.pdf\"><strong>Pendlerbescheinigung<\/strong><\/a><\/li>\n<\/ul>\n<p><strong>Schulschlie\u00dfungen und Notbetreuung:<\/strong><\/p>\n<ul>\n<li>Informationen der nieders\u00e4chsischen Landesschulbeh\u00f6rde finden Sie <strong><a href=\"https:\/\/www.landesschulbehoerde-niedersachsen.de\/themen\/aktuell-coronavirus\/corona\">hier&gt;&gt;<\/a><\/strong><\/li>\n<li>Informationen des Schulministeriums NRW finden Sie\u00a0<a href=\"https:\/\/www.schulministerium.nrw.de\/docs\/Recht\/Schulgesundheitsrecht\/Infektionsschutz\/300-Coronavirus\/index.html\"><strong>hier&gt;&gt;<\/strong><\/a><\/li>\n<\/ul>\n<h4>Sozialversicherung f\u00fcr Grenzpendler im Hinblick auf Home-Office:<\/h4>\n<p>Nach der EU-Verordnung 883 von 2004 ist ein Grenzg\u00e4nger in seinem Wohnland sozialversichert, wenn er mindestens 25% seiner T\u00e4tigkeit im Wohnland aus\u00fcbt. Viele Grenzg\u00e4nger arbeiten aber jetzt auch viel zu Hause. Dies kann im Prinzip dazu f\u00fchren, dass ein Grenzg\u00e4nger, der z.B. in Belgien lebt und normalerweise in Deutschland arbeiten w\u00fcrde, nun von der belgischen Sozialversicherung gedeckt w\u00e4re. Zum jetzigen Zeitpunkt haben sowohl die belgische, deutsche als auch die niederl\u00e4ndische Regierung beschlossen, dass diese Bewertung nicht angewendet wird, wenn die Heimarbeit durch den Ausbruch des Coronavirus verursacht wird.\u00a0 Das bedeutet, dass Sie im Zusammenhang mit dem Coronavirus weiterhin durch das Sozialversicherungssystem abgesichert sind, das Sie vor Ihrer Heimarbeit hatten.<\/p>\n<ul>\n<li>Stellungnahme der DVKA (Deutsche Verbindungsstelle Krankenversicherung Ausland)\u00a0<a href=\"https:\/\/www.dvka.de\/de\/arbeitgeber_arbeitnehmer\/coronaav.html\"><strong>hier&gt;&gt;<\/strong><\/a><\/li>\n<li>Stellungnahme der SVB (Sociale Verzekeringsbank)\u00a0<a href=\"https:\/\/www.svb.nl\/nl\/id\/nieuws\/sociale-verzekering-verandert-niet\"><strong>hier&gt;&gt;<\/strong><\/a><\/li>\n<\/ul>\n<p><strong>Steuern f\u00fcr Grenzpendler im Hinblick auf Home-Office, Kurzarbeitergeld, Insolvenzgeld und Arbeitslosengeld:<\/strong><\/p>\n<ul>\n<li>Aufgrund der Corona-Ma\u00dfnahmen sind viele Grenzg\u00e4nger derzeit gezwungen, zu Hause zu arbeiten. Au\u00dferdem wird eine zunehmende Anzahl von Grenzg\u00e4ngern, die in den Niederlanden wohnen, deutsche Unterst\u00fctzungsleistungen wie Kurzarbeitergeld, Insolvenzgeld und Arbeitslosengeld beziehen.<br \/>\nMehr Informationen zur Besteuerung finden Sie <a href=\"https:\/\/grenzinfo.eu\/eur\/steuerabkommen-zwischen-den-niederlanden-und-deutschland-in-zeiten-der-coronavirus\/\"><strong>hier&gt;&gt;<\/strong><\/a><\/li>\n<\/ul>\n<p><strong>Unternehmen mit Sitz in der Ems Dollart Region<\/strong><\/p>\n<ul>\n<li>Informationen geben die Wirtschaftsf\u00f6rderungen der Landkreise <a href=\"https:\/\/www.landkreis-leer.de\/Wirtschaft-Bauen\/Wirtschaft\">Leer<\/a>, <a href=\"https:\/\/www.emsland.de\/buerger-behoerde\/aktuell\/coronavirus\/informationen-fuer-unternehmen.html\">Emsland<\/a> sowie der <a href=\"https:\/\/wirtschaftsfoerderung.grafschaft-bentheim.de\/magazin\/magazin.php?menuid=531&amp;topmenu=530\">Grafschaft Bentheim<\/a>,<\/li>\n<li>die IHK in Emden ber\u00e4t unter 04921\/8901155 und informiert unter <a href=\"http:\/\/www.ihk-emden.de\">ihk-emden.de<\/a>,<\/li>\n<li>die Handwerkskammer f\u00fcr Ostfriesland stellt auf ihrer Homepage <a href=\"http:\/\/www.hwk-aurich.de\">hwk-aurich.de<\/a> Informationen zur Verf\u00fcgung,<\/li>\n<li>Hausbanken der Unternehmen bieten ebenfalls Beratung an.<\/li>\n<\/ul>\n<h3>Coronavirus \u2013 Informationen Niederlande<\/h3>\n<p><strong>Pendlerbescheinigung:<\/strong><\/p>\n<p>F\u00fcr Grenzpendler, die \u00fcber die deutsche Bundesgrenze pendeln m\u00fcssen, stellt die Bundespolizei diesen Vordruck einer Pendlerkarte zur Verf\u00fcgung:\u00a0<a href=\"https:\/\/grenzinfo.eu\/emra\/wp-content\/uploads\/sites\/2\/2020\/03\/Pendlerbescheinigung.pdf\"><strong>Pendlerbescheinigung<\/strong><\/a><\/p>\n<p><strong>Schulschlie\u00dfungen und Notbetreuung:<\/strong><\/p>\n<ul>\n<li>Informationen der <em>Rijksoverheid<\/em> zu Schulschlie\u00dfungen finden Sie <a href=\"https:\/\/www.rijksoverheid.nl\/onderwerpen\/coronavirus-covid-19\/veelgestelde-vragen-per-onderwerp\/onderwijs\"><strong>hier&gt;&gt;<\/strong><\/a><\/li>\n<li>Informationen der <em>Rijksoverheid<\/em> zur Notbetreuung finden Sie\u00a0<a href=\"https:\/\/www.rijksoverheid.nl\/onderwerpen\/coronavirus-covid-19\/veelgestelde-vragen-per-onderwerp\/kinderopvang\/cruciale-beroepen\"><strong>hier&gt;&gt;<\/strong><\/a><\/li>\n<\/ul>\n<p><strong>Sozialversicherung f\u00fcr Grenzpendler im Hinblick auf Home-Office:<\/strong><br \/>\nNach der EU-Verordnung 883 von 2004 ist ein Grenzg\u00e4nger in seinem Wohnland sozialversichert, wenn er mindestens 25% seiner T\u00e4tigkeit im Wohnland aus\u00fcbt. Viele Grenzg\u00e4nger arbeiten aber jetzt auch viel zu Hause. Dies kann im Prinzip dazu f\u00fchren, dass ein Grenzg\u00e4nger, der z.B. in Belgien lebt und normalerweise in Deutschland arbeiten w\u00fcrde, nun von der belgischen Sozialversicherung gedeckt w\u00e4re. Zum jetzigen Zeitpunkt haben sowohl die belgische, deutsche als auch die niederl\u00e4ndische Regierung beschlossen, dass diese Bewertung nicht angewendet wird, wenn die Heimarbeit durch den Ausbruch des Coronavirus verursacht wird. Das bedeutet, dass Sie im Zusammenhang mit dem Coronavirus weiterhin durch das Sozialversicherungssystem abgesichert sind, das Sie vor Ihrer Heimarbeit hatten.<br \/>\n\u2022 Stellungnahme der SVB (Sociale Verzekeringsbank) <a href=\"https:\/\/www.svb.nl\/nl\/id\/nieuws\/sociale-verzekering-verandert-niet\"><strong>hier&gt;&gt;<\/strong><\/a><br \/>\n\u2022 Stellungnahme der DVKA (Deutsche Verbindungsstelle Krankenversicherung Ausland) <a href=\"https:\/\/www.dvka.de\/de\/arbeitgeber_arbeitnehmer\/coronaav.html\"><strong>hier&gt;&gt;<\/strong><\/a><\/p>\n<p><strong>Steuern f\u00fcr Grenzpendler im Hinblick auf Home-Office, Kurzarbeitergeld, Insolvenzgeld und Arbeitslosengeld:<\/strong><\/p>\n<ul>\n<li>Aufgrund der Corona-Ma\u00dfnahmen sind viele Grenzg\u00e4nger derzeit gezwungen, zu Hause zu arbeiten. Au\u00dferdem wird eine zunehmende Anzahl von Grenzg\u00e4ngern, die in den Niederlanden wohnen, deutsche Unterst\u00fctzungsleistungen wie Kurzarbeitergeld, Insolvenzgeld und Arbeitslosengeld beziehen.<br \/>\nMehr Informationen zur Besteuerung finden Sie <a href=\"https:\/\/grenzinfo.eu\/eur\/steuerabkommen-zwischen-den-niederlanden-und-deutschland-in-zeiten-der-coronavirus\/\"><strong>hier&gt;&gt;<\/strong><\/a><\/li>\n<\/ul>\n<p><strong>Allgemeine Informationen \u00fcber das Coronavirus:<\/strong><\/p>\n<ul>\n<li>Aktuelle Ma\u00dfnahmen und Regeln der <em>Rijksoverheid<\/em> finden Sie\u00a0<a href=\"https:\/\/www.rijksoverheid.nl\/\"><strong>hier&gt;&gt;<\/strong><\/a><\/li>\n<li>Das <em>Rijksinstituut voor Volksgezondheid en Milieu (RIVM)<\/em> finden Sie\u00a0<a href=\"https:\/\/www.rivm.nl\/\"><strong>hier&gt;&gt;<\/strong><\/a><\/li>\n<li>Informationen zu \u00f6ffentlichen Verkehrsmitteln finden Sie\u00a0<a href=\"https:\/\/www.rijksoverheid.nl\/onderwerpen\/coronavirus-covid-19\/veelgestelde-vragen-over-coronavirus-en-het-openbaar-vervoer\"><strong>hier&gt;&gt;<\/strong><\/a><\/li>\n<li>Informationen der <em>Veiligheidsregio Groningen<\/em> finden Sie\u00a0<a href=\"https:\/\/www.veiligheidsregiogroningen.nl\/wat_jij_kan_doen\/tijdens_een_crisis\/corona\/posters_corona\/wat_betekent_het_coronavirus_voor_groningen_\/\"><strong>hier&gt;&gt;<\/strong><\/a><\/li>\n<li>Informationen der <em>Veiligheidsregio Drenthe<\/em> finden Sie\u00a0<a href=\"https:\/\/www.vrd.nl\/index.php?id=1230\"><strong>hier&gt;&gt;<\/strong><\/a><\/li>\n<\/ul>\n<p><strong>Websites mit Informationen f\u00fcr Unternehmer, Arbeitnehmer und Selbst\u00e4ndige:<br \/>\n<\/strong>\u2022 Informationen der Kamer van Koophandel mit FAQ\u00b4s f\u00fcr Unternehmer finden Sie <a href=\"https:\/\/www.kvk.nl\/corona\/veelgestelde-ondernemersvragen-over-corona\/\"><strong>hier&gt;&gt;<\/strong><\/a><br \/>\n\u2022 Informationen der niederl\u00e4ndischen Regierung zur \u00dcberbr\u00fcckungsleitung Noodmaatregel Overbrugging voor Werkbehoud (NOW) finden Sie <a href=\"https:\/\/www.rijksoverheid.nl\/onderwerpen\/ww-uitkering\/vraag-en-antwoord\/aanvragen-werktijdverkorting-en-ww-uitkering-personeel\"><strong>hier&gt;&gt;<\/strong><\/a><br \/>\n\u2022 Informationen der Gewerkschaft FNV, auch mit h\u00e4ufig gestellten Fragen f\u00fcr Grenzg\u00e4nger, finden Sie <a href=\"https:\/\/www.fnv.nl\/corona\"><strong>hier&gt;&gt;<\/strong><\/a><br \/>\n\u2022 Allgemeiner niederl\u00e4ndischer Arbeitgeberverband (AWVN) mit Informationen f\u00fcr Unternehmer und \u00fcber Grenzarbeit: <a href=\"https:\/\/www.awvn.nl\/nieuws\/coronavirus-grensarbeid-internationaal-eu\/\"><strong>hier&gt;&gt;<\/strong><\/a> mehr Infos<br \/>\n\u2022 Informationen der niederl\u00e4ndischen Regierung f\u00fcr Selbst\u00e4ndige finden Sie <a href=\"https:\/\/www.rijksoverheid.nl\/onderwerpen\/bijstand-voor-zelfstandigen-bbz\/vraag-en-antwoord\/kan-ik-gebruikmaken-van-het-bbz-als-ik-al-langere-tijd-een-eigen-bedrijf-heb\"><strong>hier&gt;&gt;<\/strong><\/a><br \/>\n\u2022 Die Bureau\u00b4s voor Belgische en Duitse zaken informieren Grenzg\u00e4nger zwischen Deutschland und den Niederlanden sowie zwischen den Niederlanden und Belgien: <a href=\"https:\/\/www.svb.nl\/nl\/bbz-bdz\/corvid19\/coronavirus-grensarbeid\"><strong>hier&gt;&gt;<\/strong><\/a> mehr Infos<\/p>\n<p><strong>Haftungsausschluss<\/strong><br \/>\nWir bem\u00fchen uns, unsere Informationen m\u00f6glichst t\u00e4glich zu aktualisieren. Alle Angaben sind ohne Gew\u00e4hr, bitte beachten Sie die aktuellen Hinweise der \u00f6ffentlichen Stellen.<\/p>\n<p>&nbsp;<\/p>\n","protected":false},"excerpt":{"rendered":"<p>Coronavirus und Grenzg\u00e4nger Empfehlungen, Einschr\u00e4nkungen, Warnungen \u2013 t\u00e4glich h\u00f6ren und lesen wir Ver\u00e4nderungen im Zusammenhang mit dem Coronavirus. Was bedeutet die aktuelle Lage f\u00fcr Grenzg\u00e4nger in der Ems Dollart Region? Auf der allgemeinen Website der GrenzInfoPunkte werden Informationen f\u00fcr alle Grenzregionen im Bereich Deutschland, Niederlanden und Belgien zur Verf\u00fcgung gestellt. Auf unserer Internetseite m\u00f6chten wir [&hellip;]<\/p>\n","protected":false},"author":23,"featured_media":0,"comment_status":"closed","ping_status":"closed","sticky":false,"template":"","format":"standard","meta":{"_acf_changed":false,"footnotes":""},"categories":[22,1,28],"tags":[],"class_list":["post-10869","post","type-post","status-publish","format-standard","hentry","category-arbeiten","category-news","category-unternehmen"],"acf":[],"yoast_head":"<!-- This site is optimized with the Yoast SEO plugin v27.5 - https:\/\/yoast.com\/product\/yoast-seo-wordpress\/ -->\n<title>Coronavirus und Grenzg\u00e4nger: Empfehlungen, Einschr\u00e4nkungen, Warnungen - Ems Dollart Region<\/title>\n<meta name=\"robots\" content=\"index, follow, max-snippet:-1, max-image-preview:large, max-video-preview:-1\" \/>\n<link rel=\"canonical\" href=\"https:\/\/grenzinfo.eu\/edr\/coronavirus-und-grenzgaenger-empfehlungen-einschraenkungen-warnungen\/\" \/>\n<meta property=\"og:locale\" content=\"de_DE\" \/>\n<meta property=\"og:type\" content=\"article\" \/>\n<meta property=\"og:title\" content=\"Coronavirus und Grenzg\u00e4nger: Empfehlungen, Einschr\u00e4nkungen, Warnungen - Ems Dollart Region\" \/>\n<meta property=\"og:description\" content=\"Coronavirus und Grenzg\u00e4nger Empfehlungen, Einschr\u00e4nkungen, Warnungen \u2013 t\u00e4glich h\u00f6ren und lesen wir Ver\u00e4nderungen im Zusammenhang mit dem Coronavirus. Was bedeutet die aktuelle Lage f\u00fcr Grenzg\u00e4nger in der Ems Dollart Region? Auf der allgemeinen Website der GrenzInfoPunkte werden Informationen f\u00fcr alle Grenzregionen im Bereich Deutschland, Niederlanden und Belgien zur Verf\u00fcgung gestellt. Auf unserer Internetseite m\u00f6chten wir [&hellip;]\" \/>\n<meta property=\"og:url\" content=\"https:\/\/grenzinfo.eu\/edr\/coronavirus-und-grenzgaenger-empfehlungen-einschraenkungen-warnungen\/\" \/>\n<meta property=\"og:site_name\" content=\"Ems Dollart Region\" \/>\n<meta property=\"article:published_time\" content=\"2020-03-26T15:41:47+00:00\" \/>\n<meta property=\"article:modified_time\" content=\"2020-12-18T11:16:57+00:00\" \/>\n<meta name=\"author\" content=\"rauch\" \/>\n<meta name=\"twitter:card\" content=\"summary_large_image\" \/>\n<meta name=\"twitter:label1\" content=\"Geschrieben von\" \/>\n\t<meta name=\"twitter:data1\" content=\"rauch\" \/>\n\t<meta name=\"twitter:label2\" content=\"Gesch\u00e4tzte Lesezeit\" \/>\n\t<meta name=\"twitter:data2\" content=\"5\u00a0Minuten\" \/>\n<script type=\"application\/ld+json\" class=\"yoast-schema-graph\">{\"@context\":\"https:\\\/\\\/schema.org\",\"@graph\":[{\"@type\":\"Article\",\"@id\":\"https:\\\/\\\/grenzinfo.eu\\\/edr\\\/coronavirus-und-grenzgaenger-empfehlungen-einschraenkungen-warnungen\\\/#article\",\"isPartOf\":{\"@id\":\"https:\\\/\\\/grenzinfo.eu\\\/edr\\\/coronavirus-und-grenzgaenger-empfehlungen-einschraenkungen-warnungen\\\/\"},\"author\":{\"name\":\"rauch\",\"@id\":\"https:\\\/\\\/grenzinfo.eu\\\/edr\\\/#\\\/schema\\\/person\\\/d81fb7fae68efb5c5bd65fd07432dab4\"},\"headline\":\"Coronavirus und Grenzg\u00e4nger: Empfehlungen, Einschr\u00e4nkungen, Warnungen\",\"datePublished\":\"2020-03-26T15:41:47+00:00\",\"dateModified\":\"2020-12-18T11:16:57+00:00\",\"mainEntityOfPage\":{\"@id\":\"https:\\\/\\\/grenzinfo.eu\\\/edr\\\/coronavirus-und-grenzgaenger-empfehlungen-einschraenkungen-warnungen\\\/\"},\"wordCount\":1078,\"articleSection\":[\"Arbeiten\",\"News\",\"Unternehmen\"],\"inLanguage\":\"de\"},{\"@type\":\"WebPage\",\"@id\":\"https:\\\/\\\/grenzinfo.eu\\\/edr\\\/coronavirus-und-grenzgaenger-empfehlungen-einschraenkungen-warnungen\\\/\",\"url\":\"https:\\\/\\\/grenzinfo.eu\\\/edr\\\/coronavirus-und-grenzgaenger-empfehlungen-einschraenkungen-warnungen\\\/\",\"name\":\"Coronavirus und Grenzg\u00e4nger: Empfehlungen, Einschr\u00e4nkungen, Warnungen - Ems Dollart Region\",\"isPartOf\":{\"@id\":\"https:\\\/\\\/grenzinfo.eu\\\/edr\\\/#website\"},\"datePublished\":\"2020-03-26T15:41:47+00:00\",\"dateModified\":\"2020-12-18T11:16:57+00:00\",\"author\":{\"@id\":\"https:\\\/\\\/grenzinfo.eu\\\/edr\\\/#\\\/schema\\\/person\\\/d81fb7fae68efb5c5bd65fd07432dab4\"},\"breadcrumb\":{\"@id\":\"https:\\\/\\\/grenzinfo.eu\\\/edr\\\/coronavirus-und-grenzgaenger-empfehlungen-einschraenkungen-warnungen\\\/#breadcrumb\"},\"inLanguage\":\"de\",\"potentialAction\":[{\"@type\":\"ReadAction\",\"target\":[\"https:\\\/\\\/grenzinfo.eu\\\/edr\\\/coronavirus-und-grenzgaenger-empfehlungen-einschraenkungen-warnungen\\\/\"]}]},{\"@type\":\"BreadcrumbList\",\"@id\":\"https:\\\/\\\/grenzinfo.eu\\\/edr\\\/coronavirus-und-grenzgaenger-empfehlungen-einschraenkungen-warnungen\\\/#breadcrumb\",\"itemListElement\":[{\"@type\":\"ListItem\",\"position\":1,\"name\":\"Home\",\"item\":\"https:\\\/\\\/grenzinfo.eu\\\/edr\\\/\"},{\"@type\":\"ListItem\",\"position\":2,\"name\":\"Coronavirus und Grenzg\u00e4nger: Empfehlungen, Einschr\u00e4nkungen, Warnungen\"}]},{\"@type\":\"WebSite\",\"@id\":\"https:\\\/\\\/grenzinfo.eu\\\/edr\\\/#website\",\"url\":\"https:\\\/\\\/grenzinfo.eu\\\/edr\\\/\",\"name\":\"Ems Dollart Region\",\"description\":\"Grenzinfopunkt Ems Dollart Region\",\"potentialAction\":[{\"@type\":\"SearchAction\",\"target\":{\"@type\":\"EntryPoint\",\"urlTemplate\":\"https:\\\/\\\/grenzinfo.eu\\\/edr\\\/?s={search_term_string}\"},\"query-input\":{\"@type\":\"PropertyValueSpecification\",\"valueRequired\":true,\"valueName\":\"search_term_string\"}}],\"inLanguage\":\"de\"},{\"@type\":\"Person\",\"@id\":\"https:\\\/\\\/grenzinfo.eu\\\/edr\\\/#\\\/schema\\\/person\\\/d81fb7fae68efb5c5bd65fd07432dab4\",\"name\":\"rauch\",\"url\":\"https:\\\/\\\/grenzinfo.eu\\\/edr\\\/author\\\/rauch\\\/\"}]}<\/script>\n<!-- \/ Yoast SEO plugin. -->","yoast_head_json":{"title":"Coronavirus und Grenzg\u00e4nger: Empfehlungen, Einschr\u00e4nkungen, Warnungen - Ems Dollart Region","robots":{"index":"index","follow":"follow","max-snippet":"max-snippet:-1","max-image-preview":"max-image-preview:large","max-video-preview":"max-video-preview:-1"},"canonical":"https:\/\/grenzinfo.eu\/edr\/coronavirus-und-grenzgaenger-empfehlungen-einschraenkungen-warnungen\/","og_locale":"de_DE","og_type":"article","og_title":"Coronavirus und Grenzg\u00e4nger: Empfehlungen, Einschr\u00e4nkungen, Warnungen - Ems Dollart Region","og_description":"Coronavirus und Grenzg\u00e4nger Empfehlungen, Einschr\u00e4nkungen, Warnungen \u2013 t\u00e4glich h\u00f6ren und lesen wir Ver\u00e4nderungen im Zusammenhang mit dem Coronavirus. Was bedeutet die aktuelle Lage f\u00fcr Grenzg\u00e4nger in der Ems Dollart Region? Auf der allgemeinen Website der GrenzInfoPunkte werden Informationen f\u00fcr alle Grenzregionen im Bereich Deutschland, Niederlanden und Belgien zur Verf\u00fcgung gestellt. Auf unserer Internetseite m\u00f6chten wir [&hellip;]","og_url":"https:\/\/grenzinfo.eu\/edr\/coronavirus-und-grenzgaenger-empfehlungen-einschraenkungen-warnungen\/","og_site_name":"Ems Dollart Region","article_published_time":"2020-03-26T15:41:47+00:00","article_modified_time":"2020-12-18T11:16:57+00:00","author":"rauch","twitter_card":"summary_large_image","twitter_misc":{"Geschrieben von":"rauch","Gesch\u00e4tzte Lesezeit":"5\u00a0Minuten"},"schema":{"@context":"https:\/\/schema.org","@graph":[{"@type":"Article","@id":"https:\/\/grenzinfo.eu\/edr\/coronavirus-und-grenzgaenger-empfehlungen-einschraenkungen-warnungen\/#article","isPartOf":{"@id":"https:\/\/grenzinfo.eu\/edr\/coronavirus-und-grenzgaenger-empfehlungen-einschraenkungen-warnungen\/"},"author":{"name":"rauch","@id":"https:\/\/grenzinfo.eu\/edr\/#\/schema\/person\/d81fb7fae68efb5c5bd65fd07432dab4"},"headline":"Coronavirus und Grenzg\u00e4nger: Empfehlungen, Einschr\u00e4nkungen, Warnungen","datePublished":"2020-03-26T15:41:47+00:00","dateModified":"2020-12-18T11:16:57+00:00","mainEntityOfPage":{"@id":"https:\/\/grenzinfo.eu\/edr\/coronavirus-und-grenzgaenger-empfehlungen-einschraenkungen-warnungen\/"},"wordCount":1078,"articleSection":["Arbeiten","News","Unternehmen"],"inLanguage":"de"},{"@type":"WebPage","@id":"https:\/\/grenzinfo.eu\/edr\/coronavirus-und-grenzgaenger-empfehlungen-einschraenkungen-warnungen\/","url":"https:\/\/grenzinfo.eu\/edr\/coronavirus-und-grenzgaenger-empfehlungen-einschraenkungen-warnungen\/","name":"Coronavirus und Grenzg\u00e4nger: Empfehlungen, Einschr\u00e4nkungen, Warnungen - Ems Dollart Region","isPartOf":{"@id":"https:\/\/grenzinfo.eu\/edr\/#website"},"datePublished":"2020-03-26T15:41:47+00:00","dateModified":"2020-12-18T11:16:57+00:00","author":{"@id":"https:\/\/grenzinfo.eu\/edr\/#\/schema\/person\/d81fb7fae68efb5c5bd65fd07432dab4"},"breadcrumb":{"@id":"https:\/\/grenzinfo.eu\/edr\/coronavirus-und-grenzgaenger-empfehlungen-einschraenkungen-warnungen\/#breadcrumb"},"inLanguage":"de","potentialAction":[{"@type":"ReadAction","target":["https:\/\/grenzinfo.eu\/edr\/coronavirus-und-grenzgaenger-empfehlungen-einschraenkungen-warnungen\/"]}]},{"@type":"BreadcrumbList","@id":"https:\/\/grenzinfo.eu\/edr\/coronavirus-und-grenzgaenger-empfehlungen-einschraenkungen-warnungen\/#breadcrumb","itemListElement":[{"@type":"ListItem","position":1,"name":"Home","item":"https:\/\/grenzinfo.eu\/edr\/"},{"@type":"ListItem","position":2,"name":"Coronavirus und Grenzg\u00e4nger: Empfehlungen, Einschr\u00e4nkungen, Warnungen"}]},{"@type":"WebSite","@id":"https:\/\/grenzinfo.eu\/edr\/#website","url":"https:\/\/grenzinfo.eu\/edr\/","name":"Ems Dollart Region","description":"Grenzinfopunkt Ems Dollart Region","potentialAction":[{"@type":"SearchAction","target":{"@type":"EntryPoint","urlTemplate":"https:\/\/grenzinfo.eu\/edr\/?s={search_term_string}"},"query-input":{"@type":"PropertyValueSpecification","valueRequired":true,"valueName":"search_term_string"}}],"inLanguage":"de"},{"@type":"Person","@id":"https:\/\/grenzinfo.eu\/edr\/#\/schema\/person\/d81fb7fae68efb5c5bd65fd07432dab4","name":"rauch","url":"https:\/\/grenzinfo.eu\/edr\/author\/rauch\/"}]}},"lang":"de","translations":{"de":10869,"nl":10860},"pll_sync_post":[],"_links":{"self":[{"href":"https:\/\/grenzinfo.eu\/edr\/wp-json\/wp\/v2\/posts\/10869","targetHints":{"allow":["GET"]}}],"collection":[{"href":"https:\/\/grenzinfo.eu\/edr\/wp-json\/wp\/v2\/posts"}],"about":[{"href":"https:\/\/grenzinfo.eu\/edr\/wp-json\/wp\/v2\/types\/post"}],"author":[{"embeddable":true,"href":"https:\/\/grenzinfo.eu\/edr\/wp-json\/wp\/v2\/users\/23"}],"replies":[{"embeddable":true,"href":"https:\/\/grenzinfo.eu\/edr\/wp-json\/wp\/v2\/comments?post=10869"}],"version-history":[{"count":0,"href":"https:\/\/grenzinfo.eu\/edr\/wp-json\/wp\/v2\/posts\/10869\/revisions"}],"wp:attachment":[{"href":"https:\/\/grenzinfo.eu\/edr\/wp-json\/wp\/v2\/media?parent=10869"}],"wp:term":[{"taxonomy":"category","embeddable":true,"href":"https:\/\/grenzinfo.eu\/edr\/wp-json\/wp\/v2\/categories?post=10869"},{"taxonomy":"post_tag","embeddable":true,"href":"https:\/\/grenzinfo.eu\/edr\/wp-json\/wp\/v2\/tags?post=10869"}],"curies":[{"name":"wp","href":"https:\/\/api.w.org\/{rel}","templated":true}]}}