{"id":12063,"date":"2022-12-20T13:35:14","date_gmt":"2022-12-20T12:35:14","guid":{"rendered":"https:\/\/grenzinfo.eu\/edr\/?p=12063"},"modified":"2022-12-20T13:35:14","modified_gmt":"2022-12-20T12:35:14","slug":"oeffnungszeiten-gip-edr-waehrend-der-feiertage-2","status":"publish","type":"post","link":"https:\/\/grenzinfo.eu\/edr\/oeffnungszeiten-gip-edr-waehrend-der-feiertage-2\/","title":{"rendered":"\u00d6ffnungszeiten GIP EDR w\u00e4hrend der Feiertage"},"content":{"rendered":"<p>Der GrenzInfoPunkt der Ems Dollart Region (GIP EDR) ist vom <strong>24. Dezember bis zum 2. Januar<\/strong> nicht besetzt und wir k\u00f6nnen Ihre Anfragen daher nicht beantworten. Ab Dienstag, 3. Januar 2023, sind wir wieder f\u00fcr Sie da.<\/p>\n<p>Einen ersten \u00dcberblick \u00fcber das Thema \u201eWohnen und Arbeiten\u201c in der Grenzregion bekommen Sie auf folgender <a href=\"https:\/\/www.grensinfo.nl\/de\/\">Website<\/a>. Als Grenzpendler k\u00f6nnen Sie sich hier z.B. \u00fcber die Auswirkungen auf Ihre Krankenversicherung, Ihre Rentenversicherung und Ihre steuerlichen Pflichten informieren.<\/p>\n<p>Zudem k\u00f6nnen Sie uns Ihre Fragen \u00fcber unser <a href=\"https:\/\/grenzinfo.eu\/edr\/anfrage\/\"><strong>Kontaktformular<\/strong><\/a> stellen. <strong><br \/>\n<\/strong>Wir bitten Sie, Ihre Situation und Ihre Fragen vollst\u00e4ndig anzugeben. Wir kommen ab dem 3. Januar m\u00f6glichst bald darauf zur\u00fcck.<\/p>\n<p>Wir w\u00fcnschen Ihnen ein frohes Weihnachtsfest und ein gesundes, neues Jahr 2023!<\/p>\n<p>Das Team vom GIP EDR<\/p>\n","protected":false},"excerpt":{"rendered":"<p>Der GrenzInfoPunkt der Ems Dollart Region (GIP EDR) ist vom 24. Dezember bis zum 2. Januar nicht besetzt und wir k\u00f6nnen Ihre Anfragen daher nicht beantworten. Ab Dienstag, 3. Januar 2023, sind wir wieder f\u00fcr Sie da. Einen ersten \u00dcberblick \u00fcber das Thema \u201eWohnen und Arbeiten\u201c in der Grenzregion bekommen Sie auf folgender Website. Als [&hellip;]<\/p>\n","protected":false},"author":29,"featured_media":10757,"comment_status":"closed","ping_status":"closed","sticky":false,"template":"","format":"standard","meta":{"_acf_changed":false,"footnotes":""},"categories":[1],"tags":[],"class_list":["post-12063","post","type-post","status-publish","format-standard","has-post-thumbnail","hentry","category-news"],"acf":[],"yoast_head":"<!-- This site is optimized with the Yoast SEO plugin v27.5 - https:\/\/yoast.com\/product\/yoast-seo-wordpress\/ -->\n<title>\u00d6ffnungszeiten GIP EDR w\u00e4hrend der Feiertage - Ems Dollart Region<\/title>\n<meta name=\"robots\" content=\"index, follow, max-snippet:-1, max-image-preview:large, max-video-preview:-1\" \/>\n<link rel=\"canonical\" href=\"https:\/\/grenzinfo.eu\/edr\/oeffnungszeiten-gip-edr-waehrend-der-feiertage-2\/\" \/>\n<meta property=\"og:locale\" content=\"de_DE\" \/>\n<meta property=\"og:type\" content=\"article\" \/>\n<meta property=\"og:title\" content=\"\u00d6ffnungszeiten GIP EDR w\u00e4hrend der Feiertage - Ems Dollart Region\" \/>\n<meta property=\"og:description\" content=\"Der GrenzInfoPunkt der Ems Dollart Region (GIP EDR) ist vom 24. Dezember bis zum 2. Januar nicht besetzt und wir k\u00f6nnen Ihre Anfragen daher nicht beantworten. Ab Dienstag, 3. Januar 2023, sind wir wieder f\u00fcr Sie da. Einen ersten \u00dcberblick \u00fcber das Thema \u201eWohnen und Arbeiten\u201c in der Grenzregion bekommen Sie auf folgender Website. Als [&hellip;]\" \/>\n<meta property=\"og:url\" content=\"https:\/\/grenzinfo.eu\/edr\/oeffnungszeiten-gip-edr-waehrend-der-feiertage-2\/\" \/>\n<meta property=\"og:site_name\" content=\"Ems Dollart Region\" \/>\n<meta property=\"article:published_time\" content=\"2022-12-20T12:35:14+00:00\" \/>\n<meta property=\"og:image\" content=\"https:\/\/grenzinfo.eu\/edr\/wp-content\/uploads\/sites\/8\/2019\/12\/Kerst-GIP-EDR.png\" \/>\n\t<meta property=\"og:image:width\" content=\"1024\" \/>\n\t<meta property=\"og:image:height\" content=\"512\" \/>\n\t<meta property=\"og:image:type\" content=\"image\/png\" \/>\n<meta name=\"author\" content=\"vanhoorn\" \/>\n<meta name=\"twitter:card\" content=\"summary_large_image\" \/>\n<meta name=\"twitter:label1\" content=\"Geschrieben von\" \/>\n\t<meta name=\"twitter:data1\" content=\"vanhoorn\" \/>\n\t<meta name=\"twitter:label2\" content=\"Gesch\u00e4tzte Lesezeit\" \/>\n\t<meta name=\"twitter:data2\" content=\"1\u00a0Minute\" \/>\n<script type=\"application\/ld+json\" class=\"yoast-schema-graph\">{\"@context\":\"https:\\\/\\\/schema.org\",\"@graph\":[{\"@type\":\"Article\",\"@id\":\"https:\\\/\\\/grenzinfo.eu\\\/edr\\\/oeffnungszeiten-gip-edr-waehrend-der-feiertage-2\\\/#article\",\"isPartOf\":{\"@id\":\"https:\\\/\\\/grenzinfo.eu\\\/edr\\\/oeffnungszeiten-gip-edr-waehrend-der-feiertage-2\\\/\"},\"author\":{\"name\":\"vanhoorn\",\"@id\":\"https:\\\/\\\/grenzinfo.eu\\\/edr\\\/#\\\/schema\\\/person\\\/73e22debc821a9c942c02772b1ee25cc\"},\"headline\":\"\u00d6ffnungszeiten GIP EDR w\u00e4hrend der Feiertage\",\"datePublished\":\"2022-12-20T12:35:14+00:00\",\"mainEntityOfPage\":{\"@id\":\"https:\\\/\\\/grenzinfo.eu\\\/edr\\\/oeffnungszeiten-gip-edr-waehrend-der-feiertage-2\\\/\"},\"wordCount\":131,\"image\":{\"@id\":\"https:\\\/\\\/grenzinfo.eu\\\/edr\\\/oeffnungszeiten-gip-edr-waehrend-der-feiertage-2\\\/#primaryimage\"},\"thumbnailUrl\":\"https:\\\/\\\/grenzinfo.eu\\\/edr\\\/wp-content\\\/uploads\\\/sites\\\/8\\\/2019\\\/12\\\/Kerst-GIP-EDR.png\",\"articleSection\":[\"News\"],\"inLanguage\":\"de\"},{\"@type\":\"WebPage\",\"@id\":\"https:\\\/\\\/grenzinfo.eu\\\/edr\\\/oeffnungszeiten-gip-edr-waehrend-der-feiertage-2\\\/\",\"url\":\"https:\\\/\\\/grenzinfo.eu\\\/edr\\\/oeffnungszeiten-gip-edr-waehrend-der-feiertage-2\\\/\",\"name\":\"\u00d6ffnungszeiten GIP EDR w\u00e4hrend der Feiertage - Ems Dollart Region\",\"isPartOf\":{\"@id\":\"https:\\\/\\\/grenzinfo.eu\\\/edr\\\/#website\"},\"primaryImageOfPage\":{\"@id\":\"https:\\\/\\\/grenzinfo.eu\\\/edr\\\/oeffnungszeiten-gip-edr-waehrend-der-feiertage-2\\\/#primaryimage\"},\"image\":{\"@id\":\"https:\\\/\\\/grenzinfo.eu\\\/edr\\\/oeffnungszeiten-gip-edr-waehrend-der-feiertage-2\\\/#primaryimage\"},\"thumbnailUrl\":\"https:\\\/\\\/grenzinfo.eu\\\/edr\\\/wp-content\\\/uploads\\\/sites\\\/8\\\/2019\\\/12\\\/Kerst-GIP-EDR.png\",\"datePublished\":\"2022-12-20T12:35:14+00:00\",\"author\":{\"@id\":\"https:\\\/\\\/grenzinfo.eu\\\/edr\\\/#\\\/schema\\\/person\\\/73e22debc821a9c942c02772b1ee25cc\"},\"breadcrumb\":{\"@id\":\"https:\\\/\\\/grenzinfo.eu\\\/edr\\\/oeffnungszeiten-gip-edr-waehrend-der-feiertage-2\\\/#breadcrumb\"},\"inLanguage\":\"de\",\"potentialAction\":[{\"@type\":\"ReadAction\",\"target\":[\"https:\\\/\\\/grenzinfo.eu\\\/edr\\\/oeffnungszeiten-gip-edr-waehrend-der-feiertage-2\\\/\"]}]},{\"@type\":\"ImageObject\",\"inLanguage\":\"de\",\"@id\":\"https:\\\/\\\/grenzinfo.eu\\\/edr\\\/oeffnungszeiten-gip-edr-waehrend-der-feiertage-2\\\/#primaryimage\",\"url\":\"https:\\\/\\\/grenzinfo.eu\\\/edr\\\/wp-content\\\/uploads\\\/sites\\\/8\\\/2019\\\/12\\\/Kerst-GIP-EDR.png\",\"contentUrl\":\"https:\\\/\\\/grenzinfo.eu\\\/edr\\\/wp-content\\\/uploads\\\/sites\\\/8\\\/2019\\\/12\\\/Kerst-GIP-EDR.png\",\"width\":1024,\"height\":512},{\"@type\":\"BreadcrumbList\",\"@id\":\"https:\\\/\\\/grenzinfo.eu\\\/edr\\\/oeffnungszeiten-gip-edr-waehrend-der-feiertage-2\\\/#breadcrumb\",\"itemListElement\":[{\"@type\":\"ListItem\",\"position\":1,\"name\":\"Home\",\"item\":\"https:\\\/\\\/grenzinfo.eu\\\/edr\\\/\"},{\"@type\":\"ListItem\",\"position\":2,\"name\":\"\u00d6ffnungszeiten GIP EDR w\u00e4hrend der Feiertage\"}]},{\"@type\":\"WebSite\",\"@id\":\"https:\\\/\\\/grenzinfo.eu\\\/edr\\\/#website\",\"url\":\"https:\\\/\\\/grenzinfo.eu\\\/edr\\\/\",\"name\":\"Ems Dollart Region\",\"description\":\"Grenzinfopunkt Ems Dollart Region\",\"potentialAction\":[{\"@type\":\"SearchAction\",\"target\":{\"@type\":\"EntryPoint\",\"urlTemplate\":\"https:\\\/\\\/grenzinfo.eu\\\/edr\\\/?s={search_term_string}\"},\"query-input\":{\"@type\":\"PropertyValueSpecification\",\"valueRequired\":true,\"valueName\":\"search_term_string\"}}],\"inLanguage\":\"de\"},{\"@type\":\"Person\",\"@id\":\"https:\\\/\\\/grenzinfo.eu\\\/edr\\\/#\\\/schema\\\/person\\\/73e22debc821a9c942c02772b1ee25cc\",\"name\":\"vanhoorn\",\"url\":\"https:\\\/\\\/grenzinfo.eu\\\/edr\\\/author\\\/vanhoorn\\\/\"}]}<\/script>\n<!-- \/ Yoast SEO plugin. -->","yoast_head_json":{"title":"\u00d6ffnungszeiten GIP EDR w\u00e4hrend der Feiertage - Ems Dollart Region","robots":{"index":"index","follow":"follow","max-snippet":"max-snippet:-1","max-image-preview":"max-image-preview:large","max-video-preview":"max-video-preview:-1"},"canonical":"https:\/\/grenzinfo.eu\/edr\/oeffnungszeiten-gip-edr-waehrend-der-feiertage-2\/","og_locale":"de_DE","og_type":"article","og_title":"\u00d6ffnungszeiten GIP EDR w\u00e4hrend der Feiertage - Ems Dollart Region","og_description":"Der GrenzInfoPunkt der Ems Dollart Region (GIP EDR) ist vom 24. Dezember bis zum 2. Januar nicht besetzt und wir k\u00f6nnen Ihre Anfragen daher nicht beantworten. Ab Dienstag, 3. Januar 2023, sind wir wieder f\u00fcr Sie da. Einen ersten \u00dcberblick \u00fcber das Thema \u201eWohnen und Arbeiten\u201c in der Grenzregion bekommen Sie auf folgender Website. Als [&hellip;]","og_url":"https:\/\/grenzinfo.eu\/edr\/oeffnungszeiten-gip-edr-waehrend-der-feiertage-2\/","og_site_name":"Ems Dollart Region","article_published_time":"2022-12-20T12:35:14+00:00","og_image":[{"width":1024,"height":512,"url":"https:\/\/grenzinfo.eu\/edr\/wp-content\/uploads\/sites\/8\/2019\/12\/Kerst-GIP-EDR.png","type":"image\/png"}],"author":"vanhoorn","twitter_card":"summary_large_image","twitter_misc":{"Geschrieben von":"vanhoorn","Gesch\u00e4tzte Lesezeit":"1\u00a0Minute"},"schema":{"@context":"https:\/\/schema.org","@graph":[{"@type":"Article","@id":"https:\/\/grenzinfo.eu\/edr\/oeffnungszeiten-gip-edr-waehrend-der-feiertage-2\/#article","isPartOf":{"@id":"https:\/\/grenzinfo.eu\/edr\/oeffnungszeiten-gip-edr-waehrend-der-feiertage-2\/"},"author":{"name":"vanhoorn","@id":"https:\/\/grenzinfo.eu\/edr\/#\/schema\/person\/73e22debc821a9c942c02772b1ee25cc"},"headline":"\u00d6ffnungszeiten GIP EDR w\u00e4hrend der Feiertage","datePublished":"2022-12-20T12:35:14+00:00","mainEntityOfPage":{"@id":"https:\/\/grenzinfo.eu\/edr\/oeffnungszeiten-gip-edr-waehrend-der-feiertage-2\/"},"wordCount":131,"image":{"@id":"https:\/\/grenzinfo.eu\/edr\/oeffnungszeiten-gip-edr-waehrend-der-feiertage-2\/#primaryimage"},"thumbnailUrl":"https:\/\/grenzinfo.eu\/edr\/wp-content\/uploads\/sites\/8\/2019\/12\/Kerst-GIP-EDR.png","articleSection":["News"],"inLanguage":"de"},{"@type":"WebPage","@id":"https:\/\/grenzinfo.eu\/edr\/oeffnungszeiten-gip-edr-waehrend-der-feiertage-2\/","url":"https:\/\/grenzinfo.eu\/edr\/oeffnungszeiten-gip-edr-waehrend-der-feiertage-2\/","name":"\u00d6ffnungszeiten GIP EDR w\u00e4hrend der Feiertage - Ems Dollart Region","isPartOf":{"@id":"https:\/\/grenzinfo.eu\/edr\/#website"},"primaryImageOfPage":{"@id":"https:\/\/grenzinfo.eu\/edr\/oeffnungszeiten-gip-edr-waehrend-der-feiertage-2\/#primaryimage"},"image":{"@id":"https:\/\/grenzinfo.eu\/edr\/oeffnungszeiten-gip-edr-waehrend-der-feiertage-2\/#primaryimage"},"thumbnailUrl":"https:\/\/grenzinfo.eu\/edr\/wp-content\/uploads\/sites\/8\/2019\/12\/Kerst-GIP-EDR.png","datePublished":"2022-12-20T12:35:14+00:00","author":{"@id":"https:\/\/grenzinfo.eu\/edr\/#\/schema\/person\/73e22debc821a9c942c02772b1ee25cc"},"breadcrumb":{"@id":"https:\/\/grenzinfo.eu\/edr\/oeffnungszeiten-gip-edr-waehrend-der-feiertage-2\/#breadcrumb"},"inLanguage":"de","potentialAction":[{"@type":"ReadAction","target":["https:\/\/grenzinfo.eu\/edr\/oeffnungszeiten-gip-edr-waehrend-der-feiertage-2\/"]}]},{"@type":"ImageObject","inLanguage":"de","@id":"https:\/\/grenzinfo.eu\/edr\/oeffnungszeiten-gip-edr-waehrend-der-feiertage-2\/#primaryimage","url":"https:\/\/grenzinfo.eu\/edr\/wp-content\/uploads\/sites\/8\/2019\/12\/Kerst-GIP-EDR.png","contentUrl":"https:\/\/grenzinfo.eu\/edr\/wp-content\/uploads\/sites\/8\/2019\/12\/Kerst-GIP-EDR.png","width":1024,"height":512},{"@type":"BreadcrumbList","@id":"https:\/\/grenzinfo.eu\/edr\/oeffnungszeiten-gip-edr-waehrend-der-feiertage-2\/#breadcrumb","itemListElement":[{"@type":"ListItem","position":1,"name":"Home","item":"https:\/\/grenzinfo.eu\/edr\/"},{"@type":"ListItem","position":2,"name":"\u00d6ffnungszeiten GIP EDR w\u00e4hrend der Feiertage"}]},{"@type":"WebSite","@id":"https:\/\/grenzinfo.eu\/edr\/#website","url":"https:\/\/grenzinfo.eu\/edr\/","name":"Ems Dollart Region","description":"Grenzinfopunkt Ems Dollart Region","potentialAction":[{"@type":"SearchAction","target":{"@type":"EntryPoint","urlTemplate":"https:\/\/grenzinfo.eu\/edr\/?s={search_term_string}"},"query-input":{"@type":"PropertyValueSpecification","valueRequired":true,"valueName":"search_term_string"}}],"inLanguage":"de"},{"@type":"Person","@id":"https:\/\/grenzinfo.eu\/edr\/#\/schema\/person\/73e22debc821a9c942c02772b1ee25cc","name":"vanhoorn","url":"https:\/\/grenzinfo.eu\/edr\/author\/vanhoorn\/"}]}},"lang":"de","translations":{"de":12063,"nl":12065},"pll_sync_post":[],"_links":{"self":[{"href":"https:\/\/grenzinfo.eu\/edr\/wp-json\/wp\/v2\/posts\/12063","targetHints":{"allow":["GET"]}}],"collection":[{"href":"https:\/\/grenzinfo.eu\/edr\/wp-json\/wp\/v2\/posts"}],"about":[{"href":"https:\/\/grenzinfo.eu\/edr\/wp-json\/wp\/v2\/types\/post"}],"author":[{"embeddable":true,"href":"https:\/\/grenzinfo.eu\/edr\/wp-json\/wp\/v2\/users\/29"}],"replies":[{"embeddable":true,"href":"https:\/\/grenzinfo.eu\/edr\/wp-json\/wp\/v2\/comments?post=12063"}],"version-history":[{"count":1,"href":"https:\/\/grenzinfo.eu\/edr\/wp-json\/wp\/v2\/posts\/12063\/revisions"}],"predecessor-version":[{"id":12064,"href":"https:\/\/grenzinfo.eu\/edr\/wp-json\/wp\/v2\/posts\/12063\/revisions\/12064"}],"wp:featuredmedia":[{"embeddable":true,"href":"https:\/\/grenzinfo.eu\/edr\/wp-json\/wp\/v2\/media\/10757"}],"wp:attachment":[{"href":"https:\/\/grenzinfo.eu\/edr\/wp-json\/wp\/v2\/media?parent=12063"}],"wp:term":[{"taxonomy":"category","embeddable":true,"href":"https:\/\/grenzinfo.eu\/edr\/wp-json\/wp\/v2\/categories?post=12063"},{"taxonomy":"post_tag","embeddable":true,"href":"https:\/\/grenzinfo.eu\/edr\/wp-json\/wp\/v2\/tags?post=12063"}],"curies":[{"name":"wp","href":"https:\/\/api.w.org\/{rel}","templated":true}]}}