{"id":1291,"date":"2017-11-20T14:39:09","date_gmt":"2017-11-20T13:39:09","guid":{"rendered":"https:\/\/grenzinfo.eu\/edr\/?p=1291"},"modified":"2019-04-08T18:01:12","modified_gmt":"2019-04-08T16:01:12","slug":"grenzinfopunkt-edr-bandbreite-beratungen-erweitert","status":"publish","type":"post","link":"https:\/\/grenzinfo.eu\/edr\/grenzinfopunkt-edr-bandbreite-beratungen-erweitert\/","title":{"rendered":"GrenzInfoPunkt EDR: Bandbreite der Beratungen erweitert"},"content":{"rendered":"\t\t<div data-elementor-type=\"wp-post\" data-elementor-id=\"1291\" class=\"elementor elementor-1291 elementor-bc-flex-widget\" data-elementor-post-type=\"post\">\n\t\t\t\t\t\t<section class=\"elementor-section elementor-top-section elementor-element elementor-element-5d2057a elementor-section-boxed elementor-section-height-default elementor-section-height-default\" data-id=\"5d2057a\" data-element_type=\"section\" data-e-type=\"section\">\n\t\t\t\t\t\t<div class=\"elementor-container elementor-column-gap-default\">\n\t\t\t\t\t<div class=\"elementor-column elementor-col-100 elementor-top-column elementor-element elementor-element-7b13175\" data-id=\"7b13175\" data-element_type=\"column\" data-e-type=\"column\">\n\t\t\t<div class=\"elementor-widget-wrap elementor-element-populated\">\n\t\t\t\t\t\t<div class=\"elementor-element elementor-element-53bb55e elementor-widget elementor-widget-text-editor\" data-id=\"53bb55e\" data-element_type=\"widget\" data-e-type=\"widget\" data-widget_type=\"text-editor.default\">\n\t\t\t\t<div class=\"elementor-widget-container\">\n\t\t\t\t\t\t\t\t\t<p>Noch mehr Hintergrundwissen f\u00fcr die Beratungen im <a href=\"https:\/\/grenzinfo.eu\/edr\">GrenzInfoPunkt Ems Dollart Region (GIP EDR)<\/a>: GIP-Berater Michiel Malewicz ist nun auch offizieller <a href=\"https:\/\/ec.europa.eu\/eures\/public\/nl\/eures-advisers\">EURES-Berater<\/a>. \u201eIch freue mich \u00fcber die erfolgreiche EURES-Fortbildung und das Zertifikat. Meine Kollegen und ich bauen damit unsere Bandbreite bei den Beratungen im <a href=\"http:\/\/www.grenzinfo.eu\/edr\">GIP EDR<\/a> noch weiter aus. Damit gew\u00e4hrleisten wir die die bestm\u00f6gliche Unterst\u00fctzung f\u00fcr die Menschen, die im Nachbarland t\u00e4tig werden wollen.\u201c<\/p>\t\t\t\t\t\t\t\t<\/div>\n\t\t\t\t<\/div>\n\t\t\t\t<div class=\"elementor-element elementor-element-2efb610 elementor-widget elementor-widget-heading\" data-id=\"2efb610\" data-element_type=\"widget\" data-e-type=\"widget\" data-widget_type=\"heading.default\">\n\t\t\t\t<div class=\"elementor-widget-container\">\n\t\t\t\t\t<h3 class=\"elementor-heading-title elementor-size-default\">Was machen EURES-Berater?<\/h3>\t\t\t\t<\/div>\n\t\t\t\t<\/div>\n\t\t\t\t<div class=\"elementor-element elementor-element-6f60dc3 elementor-widget elementor-widget-text-editor\" data-id=\"6f60dc3\" data-element_type=\"widget\" data-e-type=\"widget\" data-widget_type=\"text-editor.default\">\n\t\t\t\t<div class=\"elementor-widget-container\">\n\t\t\t\t\t\t\t\t\t<p><a href=\"https:\/\/ec.europa.eu\/eures\/public\/nl\/eures-advisers\">EURES-Berater<\/a> sind ausgebildete Fachkr\u00e4fte, die interessierten Arbeitsuchenden und Arbeitgebern die drei grundlegenden EURES-Dienstleistungen \u2013 Information, Beratung und Vermittlung \u2013 anbieten. Sie besitzen spezifische Fachkenntnisse in allen Fragen der Arbeitskr\u00e4ftemobilit\u00e4t auf nationaler und grenz\u00fcbergreifender Ebene \u2013 seien diese praktischer, rechtlicher oder verwaltungstechnischer Natur. Sie erf\u00fcllen ihre Aufgabe innerhalb der \u00f6ffentlichen Arbeitsverwaltung des jeweiligen Landes oder innerhalb der Partnerorganisationen des EURES-Netzes. Es gibt in Europa mehr als 850 EURES-Berater \u2013 und mit Michiel Malewicz jetzt auch einen im <a href=\"http:\/\/www.grenzinfo.eu\/edr\">GIP EDR<\/a>.<\/p>\t\t\t\t\t\t\t\t<\/div>\n\t\t\t\t<\/div>\n\t\t\t\t<div class=\"elementor-element elementor-element-2f208a5 elementor-widget elementor-widget-heading\" data-id=\"2f208a5\" data-element_type=\"widget\" data-e-type=\"widget\" data-widget_type=\"heading.default\">\n\t\t\t\t<div class=\"elementor-widget-container\">\n\t\t\t\t\t<h3 class=\"elementor-heading-title elementor-size-default\">Was ist EURES?<\/h3>\t\t\t\t<\/div>\n\t\t\t\t<\/div>\n\t\t\t\t<div class=\"elementor-element elementor-element-38fc455 elementor-widget elementor-widget-text-editor\" data-id=\"38fc455\" data-element_type=\"widget\" data-e-type=\"widget\" data-widget_type=\"text-editor.default\">\n\t\t\t\t<div class=\"elementor-widget-container\">\n\t\t\t\t\t\t\t\t\t<p>https:\/\/ec.europa.eu\/eures\/public\/nl\/eures-servicesEURES steht f\u00fcr \u201eEuropean Employment Services\u201c und ist ein Kooperationsnetzwerk, das die Freiz\u00fcgigkeit der Arbeitnehmer in den 28 L\u00e4ndern der EU sowie in der Schweiz, Island, Liechtenstein und Norwegen erleichtern soll. Zu den Partnern geh\u00f6ren \u00f6ffentliche Arbeitsverwaltungen, private Arbeitsvermittlungen, Gewerkschaften, Arbeitgeberverb\u00e4nde und andere Akteure des Arbeitsmarktes geh\u00f6ren. <br \/> <a href=\"https:\/\/ec.europa.eu\/eures\/public\/nl\/eures-services\">Mehr Infos zu EURES finden Sie hier<\/a>.<\/p>\t\t\t\t\t\t\t\t<\/div>\n\t\t\t\t<\/div>\n\t\t\t\t<div class=\"elementor-element elementor-element-291de38 elementor-widget elementor-widget-heading\" data-id=\"291de38\" data-element_type=\"widget\" data-e-type=\"widget\" data-widget_type=\"heading.default\">\n\t\t\t\t<div class=\"elementor-widget-container\">\n\t\t\t\t\t<h3 class=\"elementor-heading-title elementor-size-default\">Kontaktdaten<\/h3>\t\t\t\t<\/div>\n\t\t\t\t<\/div>\n\t\t\t\t<div class=\"elementor-element elementor-element-96b0885 elementor-widget elementor-widget-text-editor\" data-id=\"96b0885\" data-element_type=\"widget\" data-e-type=\"widget\" data-widget_type=\"text-editor.default\">\n\t\t\t\t<div class=\"elementor-widget-container\">\n\t\t\t\t\t\t\t\t\t<p>Sie ben\u00f6tigen Hilfe zu den Themen Wohnen, Arbeiten, Studieren oder Unternehmertum im Nachbarland? Kostenlose Beratung gibt es beim <a href=\"https:\/\/grenzinfo.eu\/edr\/kontakt\/\">GIP EDR<\/a> oder bei einem anderen GrenzInfoPunkt in Ihrer N\u00e4he.\u00a0<\/p>\t\t\t\t\t\t\t\t<\/div>\n\t\t\t\t<\/div>\n\t\t\t\t\t<\/div>\n\t\t<\/div>\n\t\t\t\t\t<\/div>\n\t\t<\/section>\n\t\t\t\t<\/div>\n\t\t","protected":false},"excerpt":{"rendered":"<p>Noch mehr Hintergrundwissen f\u00fcr die Beratungen im GrenzInfoPunkt Ems Dollart Region (GIP EDR): GIP-Berater Michiel Malewicz ist nun auch offizieller EURES-Berater. \u201eIch freue mich \u00fcber die erfolgreiche EURES-Fortbildung und das Zertifikat. Meine Kollegen und ich bauen damit unsere Bandbreite bei den Beratungen im GIP EDR noch weiter aus. Damit gew\u00e4hrleisten wir die die bestm\u00f6gliche Unterst\u00fctzung [&hellip;]<\/p>\n","protected":false},"author":21,"featured_media":1274,"comment_status":"closed","ping_status":"closed","sticky":false,"template":"","format":"standard","meta":{"_acf_changed":false,"footnotes":""},"categories":[1],"tags":[],"class_list":["post-1291","post","type-post","status-publish","format-standard","has-post-thumbnail","hentry","category-news"],"acf":[],"yoast_head":"<!-- This site is optimized with the Yoast SEO plugin v27.4 - https:\/\/yoast.com\/product\/yoast-seo-wordpress\/ -->\n<title>GrenzInfoPunkt EDR: Bandbreite der Beratungen erweitert - Ems Dollart Region<\/title>\n<meta name=\"robots\" content=\"index, follow, max-snippet:-1, max-image-preview:large, max-video-preview:-1\" \/>\n<link rel=\"canonical\" href=\"https:\/\/grenzinfo.eu\/edr\/grenzinfopunkt-edr-bandbreite-beratungen-erweitert\/\" \/>\n<meta property=\"og:locale\" content=\"de_DE\" \/>\n<meta property=\"og:type\" content=\"article\" \/>\n<meta property=\"og:title\" content=\"GrenzInfoPunkt EDR: Bandbreite der Beratungen erweitert - Ems Dollart Region\" \/>\n<meta property=\"og:description\" content=\"Noch mehr Hintergrundwissen f\u00fcr die Beratungen im GrenzInfoPunkt Ems Dollart Region (GIP EDR): GIP-Berater Michiel Malewicz ist nun auch offizieller EURES-Berater. \u201eIch freue mich \u00fcber die erfolgreiche EURES-Fortbildung und das Zertifikat. Meine Kollegen und ich bauen damit unsere Bandbreite bei den Beratungen im GIP EDR noch weiter aus. Damit gew\u00e4hrleisten wir die die bestm\u00f6gliche Unterst\u00fctzung [&hellip;]\" \/>\n<meta property=\"og:url\" content=\"https:\/\/grenzinfo.eu\/edr\/grenzinfopunkt-edr-bandbreite-beratungen-erweitert\/\" \/>\n<meta property=\"og:site_name\" content=\"Ems Dollart Region\" \/>\n<meta property=\"article:published_time\" content=\"2017-11-20T13:39:09+00:00\" \/>\n<meta property=\"article:modified_time\" content=\"2019-04-08T16:01:12+00:00\" \/>\n<meta property=\"og:image\" content=\"https:\/\/grenzinfo.eu\/edr\/wp-content\/uploads\/sites\/8\/2017\/11\/Meer-kennis-in-huis-bij-GIP-EDR1.jpg\" \/>\n\t<meta property=\"og:image:width\" content=\"750\" \/>\n\t<meta property=\"og:image:height\" content=\"500\" \/>\n\t<meta property=\"og:image:type\" content=\"image\/jpeg\" \/>\n<meta name=\"author\" content=\"malewicz\" \/>\n<meta name=\"twitter:card\" content=\"summary_large_image\" \/>\n<meta name=\"twitter:label1\" content=\"Geschrieben von\" \/>\n\t<meta name=\"twitter:data1\" content=\"malewicz\" \/>\n\t<meta name=\"twitter:label2\" content=\"Gesch\u00e4tzte Lesezeit\" \/>\n\t<meta name=\"twitter:data2\" content=\"1\u00a0Minute\" \/>\n<script type=\"application\/ld+json\" class=\"yoast-schema-graph\">{\"@context\":\"https:\\\/\\\/schema.org\",\"@graph\":[{\"@type\":\"Article\",\"@id\":\"https:\\\/\\\/grenzinfo.eu\\\/edr\\\/grenzinfopunkt-edr-bandbreite-beratungen-erweitert\\\/#article\",\"isPartOf\":{\"@id\":\"https:\\\/\\\/grenzinfo.eu\\\/edr\\\/grenzinfopunkt-edr-bandbreite-beratungen-erweitert\\\/\"},\"author\":{\"name\":\"malewicz\",\"@id\":\"https:\\\/\\\/grenzinfo.eu\\\/edr\\\/#\\\/schema\\\/person\\\/bf462f8830942a4179e4374d410ba679\"},\"headline\":\"GrenzInfoPunkt EDR: Bandbreite der Beratungen erweitert\",\"datePublished\":\"2017-11-20T13:39:09+00:00\",\"dateModified\":\"2019-04-08T16:01:12+00:00\",\"mainEntityOfPage\":{\"@id\":\"https:\\\/\\\/grenzinfo.eu\\\/edr\\\/grenzinfopunkt-edr-bandbreite-beratungen-erweitert\\\/\"},\"wordCount\":257,\"image\":{\"@id\":\"https:\\\/\\\/grenzinfo.eu\\\/edr\\\/grenzinfopunkt-edr-bandbreite-beratungen-erweitert\\\/#primaryimage\"},\"thumbnailUrl\":\"https:\\\/\\\/grenzinfo.eu\\\/edr\\\/wp-content\\\/uploads\\\/sites\\\/8\\\/2017\\\/11\\\/Meer-kennis-in-huis-bij-GIP-EDR1.jpg\",\"articleSection\":[\"News\"],\"inLanguage\":\"de\"},{\"@type\":\"WebPage\",\"@id\":\"https:\\\/\\\/grenzinfo.eu\\\/edr\\\/grenzinfopunkt-edr-bandbreite-beratungen-erweitert\\\/\",\"url\":\"https:\\\/\\\/grenzinfo.eu\\\/edr\\\/grenzinfopunkt-edr-bandbreite-beratungen-erweitert\\\/\",\"name\":\"GrenzInfoPunkt EDR: Bandbreite der Beratungen erweitert - Ems Dollart Region\",\"isPartOf\":{\"@id\":\"https:\\\/\\\/grenzinfo.eu\\\/edr\\\/#website\"},\"primaryImageOfPage\":{\"@id\":\"https:\\\/\\\/grenzinfo.eu\\\/edr\\\/grenzinfopunkt-edr-bandbreite-beratungen-erweitert\\\/#primaryimage\"},\"image\":{\"@id\":\"https:\\\/\\\/grenzinfo.eu\\\/edr\\\/grenzinfopunkt-edr-bandbreite-beratungen-erweitert\\\/#primaryimage\"},\"thumbnailUrl\":\"https:\\\/\\\/grenzinfo.eu\\\/edr\\\/wp-content\\\/uploads\\\/sites\\\/8\\\/2017\\\/11\\\/Meer-kennis-in-huis-bij-GIP-EDR1.jpg\",\"datePublished\":\"2017-11-20T13:39:09+00:00\",\"dateModified\":\"2019-04-08T16:01:12+00:00\",\"author\":{\"@id\":\"https:\\\/\\\/grenzinfo.eu\\\/edr\\\/#\\\/schema\\\/person\\\/bf462f8830942a4179e4374d410ba679\"},\"breadcrumb\":{\"@id\":\"https:\\\/\\\/grenzinfo.eu\\\/edr\\\/grenzinfopunkt-edr-bandbreite-beratungen-erweitert\\\/#breadcrumb\"},\"inLanguage\":\"de\",\"potentialAction\":[{\"@type\":\"ReadAction\",\"target\":[\"https:\\\/\\\/grenzinfo.eu\\\/edr\\\/grenzinfopunkt-edr-bandbreite-beratungen-erweitert\\\/\"]}]},{\"@type\":\"ImageObject\",\"inLanguage\":\"de\",\"@id\":\"https:\\\/\\\/grenzinfo.eu\\\/edr\\\/grenzinfopunkt-edr-bandbreite-beratungen-erweitert\\\/#primaryimage\",\"url\":\"https:\\\/\\\/grenzinfo.eu\\\/edr\\\/wp-content\\\/uploads\\\/sites\\\/8\\\/2017\\\/11\\\/Meer-kennis-in-huis-bij-GIP-EDR1.jpg\",\"contentUrl\":\"https:\\\/\\\/grenzinfo.eu\\\/edr\\\/wp-content\\\/uploads\\\/sites\\\/8\\\/2017\\\/11\\\/Meer-kennis-in-huis-bij-GIP-EDR1.jpg\",\"width\":750,\"height\":500},{\"@type\":\"BreadcrumbList\",\"@id\":\"https:\\\/\\\/grenzinfo.eu\\\/edr\\\/grenzinfopunkt-edr-bandbreite-beratungen-erweitert\\\/#breadcrumb\",\"itemListElement\":[{\"@type\":\"ListItem\",\"position\":1,\"name\":\"Home\",\"item\":\"https:\\\/\\\/grenzinfo.eu\\\/edr\\\/\"},{\"@type\":\"ListItem\",\"position\":2,\"name\":\"GrenzInfoPunkt EDR: Bandbreite der Beratungen erweitert\"}]},{\"@type\":\"WebSite\",\"@id\":\"https:\\\/\\\/grenzinfo.eu\\\/edr\\\/#website\",\"url\":\"https:\\\/\\\/grenzinfo.eu\\\/edr\\\/\",\"name\":\"Ems Dollart Region\",\"description\":\"Grenzinfopunkt Ems Dollart Region\",\"potentialAction\":[{\"@type\":\"SearchAction\",\"target\":{\"@type\":\"EntryPoint\",\"urlTemplate\":\"https:\\\/\\\/grenzinfo.eu\\\/edr\\\/?s={search_term_string}\"},\"query-input\":{\"@type\":\"PropertyValueSpecification\",\"valueRequired\":true,\"valueName\":\"search_term_string\"}}],\"inLanguage\":\"de\"},{\"@type\":\"Person\",\"@id\":\"https:\\\/\\\/grenzinfo.eu\\\/edr\\\/#\\\/schema\\\/person\\\/bf462f8830942a4179e4374d410ba679\",\"name\":\"malewicz\",\"url\":\"https:\\\/\\\/grenzinfo.eu\\\/edr\\\/author\\\/malewicz\\\/\"}]}<\/script>\n<!-- \/ Yoast SEO plugin. -->","yoast_head_json":{"title":"GrenzInfoPunkt EDR: Bandbreite der Beratungen erweitert - Ems Dollart Region","robots":{"index":"index","follow":"follow","max-snippet":"max-snippet:-1","max-image-preview":"max-image-preview:large","max-video-preview":"max-video-preview:-1"},"canonical":"https:\/\/grenzinfo.eu\/edr\/grenzinfopunkt-edr-bandbreite-beratungen-erweitert\/","og_locale":"de_DE","og_type":"article","og_title":"GrenzInfoPunkt EDR: Bandbreite der Beratungen erweitert - Ems Dollart Region","og_description":"Noch mehr Hintergrundwissen f\u00fcr die Beratungen im GrenzInfoPunkt Ems Dollart Region (GIP EDR): GIP-Berater Michiel Malewicz ist nun auch offizieller EURES-Berater. \u201eIch freue mich \u00fcber die erfolgreiche EURES-Fortbildung und das Zertifikat. Meine Kollegen und ich bauen damit unsere Bandbreite bei den Beratungen im GIP EDR noch weiter aus. Damit gew\u00e4hrleisten wir die die bestm\u00f6gliche Unterst\u00fctzung [&hellip;]","og_url":"https:\/\/grenzinfo.eu\/edr\/grenzinfopunkt-edr-bandbreite-beratungen-erweitert\/","og_site_name":"Ems Dollart Region","article_published_time":"2017-11-20T13:39:09+00:00","article_modified_time":"2019-04-08T16:01:12+00:00","og_image":[{"width":750,"height":500,"url":"https:\/\/grenzinfo.eu\/edr\/wp-content\/uploads\/sites\/8\/2017\/11\/Meer-kennis-in-huis-bij-GIP-EDR1.jpg","type":"image\/jpeg"}],"author":"malewicz","twitter_card":"summary_large_image","twitter_misc":{"Geschrieben von":"malewicz","Gesch\u00e4tzte Lesezeit":"1\u00a0Minute"},"schema":{"@context":"https:\/\/schema.org","@graph":[{"@type":"Article","@id":"https:\/\/grenzinfo.eu\/edr\/grenzinfopunkt-edr-bandbreite-beratungen-erweitert\/#article","isPartOf":{"@id":"https:\/\/grenzinfo.eu\/edr\/grenzinfopunkt-edr-bandbreite-beratungen-erweitert\/"},"author":{"name":"malewicz","@id":"https:\/\/grenzinfo.eu\/edr\/#\/schema\/person\/bf462f8830942a4179e4374d410ba679"},"headline":"GrenzInfoPunkt EDR: Bandbreite der Beratungen erweitert","datePublished":"2017-11-20T13:39:09+00:00","dateModified":"2019-04-08T16:01:12+00:00","mainEntityOfPage":{"@id":"https:\/\/grenzinfo.eu\/edr\/grenzinfopunkt-edr-bandbreite-beratungen-erweitert\/"},"wordCount":257,"image":{"@id":"https:\/\/grenzinfo.eu\/edr\/grenzinfopunkt-edr-bandbreite-beratungen-erweitert\/#primaryimage"},"thumbnailUrl":"https:\/\/grenzinfo.eu\/edr\/wp-content\/uploads\/sites\/8\/2017\/11\/Meer-kennis-in-huis-bij-GIP-EDR1.jpg","articleSection":["News"],"inLanguage":"de"},{"@type":"WebPage","@id":"https:\/\/grenzinfo.eu\/edr\/grenzinfopunkt-edr-bandbreite-beratungen-erweitert\/","url":"https:\/\/grenzinfo.eu\/edr\/grenzinfopunkt-edr-bandbreite-beratungen-erweitert\/","name":"GrenzInfoPunkt EDR: Bandbreite der Beratungen erweitert - Ems Dollart Region","isPartOf":{"@id":"https:\/\/grenzinfo.eu\/edr\/#website"},"primaryImageOfPage":{"@id":"https:\/\/grenzinfo.eu\/edr\/grenzinfopunkt-edr-bandbreite-beratungen-erweitert\/#primaryimage"},"image":{"@id":"https:\/\/grenzinfo.eu\/edr\/grenzinfopunkt-edr-bandbreite-beratungen-erweitert\/#primaryimage"},"thumbnailUrl":"https:\/\/grenzinfo.eu\/edr\/wp-content\/uploads\/sites\/8\/2017\/11\/Meer-kennis-in-huis-bij-GIP-EDR1.jpg","datePublished":"2017-11-20T13:39:09+00:00","dateModified":"2019-04-08T16:01:12+00:00","author":{"@id":"https:\/\/grenzinfo.eu\/edr\/#\/schema\/person\/bf462f8830942a4179e4374d410ba679"},"breadcrumb":{"@id":"https:\/\/grenzinfo.eu\/edr\/grenzinfopunkt-edr-bandbreite-beratungen-erweitert\/#breadcrumb"},"inLanguage":"de","potentialAction":[{"@type":"ReadAction","target":["https:\/\/grenzinfo.eu\/edr\/grenzinfopunkt-edr-bandbreite-beratungen-erweitert\/"]}]},{"@type":"ImageObject","inLanguage":"de","@id":"https:\/\/grenzinfo.eu\/edr\/grenzinfopunkt-edr-bandbreite-beratungen-erweitert\/#primaryimage","url":"https:\/\/grenzinfo.eu\/edr\/wp-content\/uploads\/sites\/8\/2017\/11\/Meer-kennis-in-huis-bij-GIP-EDR1.jpg","contentUrl":"https:\/\/grenzinfo.eu\/edr\/wp-content\/uploads\/sites\/8\/2017\/11\/Meer-kennis-in-huis-bij-GIP-EDR1.jpg","width":750,"height":500},{"@type":"BreadcrumbList","@id":"https:\/\/grenzinfo.eu\/edr\/grenzinfopunkt-edr-bandbreite-beratungen-erweitert\/#breadcrumb","itemListElement":[{"@type":"ListItem","position":1,"name":"Home","item":"https:\/\/grenzinfo.eu\/edr\/"},{"@type":"ListItem","position":2,"name":"GrenzInfoPunkt EDR: Bandbreite der Beratungen erweitert"}]},{"@type":"WebSite","@id":"https:\/\/grenzinfo.eu\/edr\/#website","url":"https:\/\/grenzinfo.eu\/edr\/","name":"Ems Dollart Region","description":"Grenzinfopunkt Ems Dollart Region","potentialAction":[{"@type":"SearchAction","target":{"@type":"EntryPoint","urlTemplate":"https:\/\/grenzinfo.eu\/edr\/?s={search_term_string}"},"query-input":{"@type":"PropertyValueSpecification","valueRequired":true,"valueName":"search_term_string"}}],"inLanguage":"de"},{"@type":"Person","@id":"https:\/\/grenzinfo.eu\/edr\/#\/schema\/person\/bf462f8830942a4179e4374d410ba679","name":"malewicz","url":"https:\/\/grenzinfo.eu\/edr\/author\/malewicz\/"}]}},"lang":"de","translations":{"de":1291},"pll_sync_post":[],"_links":{"self":[{"href":"https:\/\/grenzinfo.eu\/edr\/wp-json\/wp\/v2\/posts\/1291","targetHints":{"allow":["GET"]}}],"collection":[{"href":"https:\/\/grenzinfo.eu\/edr\/wp-json\/wp\/v2\/posts"}],"about":[{"href":"https:\/\/grenzinfo.eu\/edr\/wp-json\/wp\/v2\/types\/post"}],"author":[{"embeddable":true,"href":"https:\/\/grenzinfo.eu\/edr\/wp-json\/wp\/v2\/users\/21"}],"replies":[{"embeddable":true,"href":"https:\/\/grenzinfo.eu\/edr\/wp-json\/wp\/v2\/comments?post=1291"}],"version-history":[{"count":0,"href":"https:\/\/grenzinfo.eu\/edr\/wp-json\/wp\/v2\/posts\/1291\/revisions"}],"wp:featuredmedia":[{"embeddable":true,"href":"https:\/\/grenzinfo.eu\/edr\/wp-json\/wp\/v2\/media\/1274"}],"wp:attachment":[{"href":"https:\/\/grenzinfo.eu\/edr\/wp-json\/wp\/v2\/media?parent=1291"}],"wp:term":[{"taxonomy":"category","embeddable":true,"href":"https:\/\/grenzinfo.eu\/edr\/wp-json\/wp\/v2\/categories?post=1291"},{"taxonomy":"post_tag","embeddable":true,"href":"https:\/\/grenzinfo.eu\/edr\/wp-json\/wp\/v2\/tags?post=1291"}],"curies":[{"name":"wp","href":"https:\/\/api.w.org\/{rel}","templated":true}]}}