{"id":1742,"date":"2018-05-30T13:47:36","date_gmt":"2018-05-30T11:47:36","guid":{"rendered":"https:\/\/grenzinfo.eu\/edr\/?p=1742"},"modified":"2019-04-08T18:01:11","modified_gmt":"2019-04-08T16:01:11","slug":"praktische-loesungsansaetze-die-wir-nutzen-sollten","status":"publish","type":"post","link":"https:\/\/grenzinfo.eu\/edr\/praktische-loesungsansaetze-die-wir-nutzen-sollten\/","title":{"rendered":"\u201ePraktische L\u00f6sungsans\u00e4tze, die wir nutzen sollten\u201c"},"content":{"rendered":"\t\t<div data-elementor-type=\"wp-post\" data-elementor-id=\"1742\" class=\"elementor elementor-1742 elementor-bc-flex-widget\" data-elementor-post-type=\"post\">\n\t\t\t\t\t\t<section class=\"elementor-section elementor-top-section elementor-element elementor-element-a9e2d2f elementor-section-boxed elementor-section-height-default elementor-section-height-default\" data-id=\"a9e2d2f\" data-element_type=\"section\" data-e-type=\"section\">\n\t\t\t\t\t\t<div class=\"elementor-container elementor-column-gap-default\">\n\t\t\t\t\t<div class=\"elementor-column elementor-col-100 elementor-top-column elementor-element elementor-element-bff3224\" data-id=\"bff3224\" data-element_type=\"column\" data-e-type=\"column\">\n\t\t\t<div class=\"elementor-widget-wrap elementor-element-populated\">\n\t\t\t\t\t\t<div class=\"elementor-element elementor-element-9acb569 elementor-widget elementor-widget-text-editor\" data-id=\"9acb569\" data-element_type=\"widget\" data-e-type=\"widget\" data-widget_type=\"text-editor.default\">\n\t\t\t\t<div class=\"elementor-widget-container\">\n\t\t\t\t\t\t\t\t\t<p>Die Chancen und Herausforderungen eines Praktikums und einer Ausbildung im Nachbarland wurden in Papenburg bei der Veranstaltung \u201eIm Gespr\u00e4ch mit\u2026\u201c er\u00f6rtert<\/p>\t\t\t\t\t\t\t\t<\/div>\n\t\t\t\t<\/div>\n\t\t\t\t\t<\/div>\n\t\t<\/div>\n\t\t\t\t\t<\/div>\n\t\t<\/section>\n\t\t\t\t<section class=\"elementor-section elementor-top-section elementor-element elementor-element-97ef883 elementor-section-boxed elementor-section-height-default elementor-section-height-default\" data-id=\"97ef883\" data-element_type=\"section\" data-e-type=\"section\">\n\t\t\t\t\t\t<div class=\"elementor-container elementor-column-gap-default\">\n\t\t\t\t\t<div class=\"elementor-column elementor-col-100 elementor-top-column elementor-element elementor-element-5414f1c\" data-id=\"5414f1c\" data-element_type=\"column\" data-e-type=\"column\">\n\t\t\t<div class=\"elementor-widget-wrap elementor-element-populated\">\n\t\t\t\t\t\t<div class=\"elementor-element elementor-element-505e577 elementor-widget elementor-widget-text-editor\" data-id=\"505e577\" data-element_type=\"widget\" data-e-type=\"widget\" data-widget_type=\"text-editor.default\">\n\t\t\t\t<div class=\"elementor-widget-container\">\n\t\t\t\t\t\t\t\t\t<div class=\"post-entry post-entry-type-page post-entry-743\"><div class=\"entry-content-wrapper clearfix\"><section class=\"av_textblock_section \"><div class=\"avia_textblock  \"><p><strong>PAPENBURG \u2013<\/strong> \u201eDer Bedarf an Auszubildenden und Fachkr\u00e4ften ist gro\u00df. Daher ist ein Austausch zwischen niederl\u00e4ndischen und deutschen Studenten, Praktikanten, Arbeitgebern und Unternehmen besonders wichtig. Beispiele aus der Praxis helfen uns, um zu erfahren, wie wir daf\u00fcr sorgen k\u00f6nnen, die M\u00f6glichkeiten f\u00fcr grenz\u00fcbergreifende Praktika und Ausbildungen weiter zu verbessern\u201c, sagte Bettina Osewold-Spellbring von der Agentur f\u00fcr Arbeit Papenburg. Die Agentur hatte gemeinsam mit dem GrenzInfoPunkt Ems Dollart Region (GIP EDR) die Veranstaltung \u201eIm Gespr\u00e4ch mit\u2026\u201c organisiert, die jetzt in Papenburg stattfand.<\/p><p>Die Veranstaltungsreihe widmet sich unterschiedlichen niederl\u00e4ndisch-deutschen Arbeitsmarkt-Themen. Dieses Mal stand der Austausch zu Ausbildungs- und Praktikumspl\u00e4tzen im Blickpunkt. An der Veranstaltung nahmen neben Arbeitsmarkt-Experten, Unternehmern, Vertretern von Schulen, Industrie- und Handelskammer sowie Handwerkskammern auch Studenten teil, die derzeit ein Praktikum im Nachbarland absolvieren. Die Niederl\u00e4nderinnen Nadine van Merode und Michelle Hartmans studieren Medizin und entschieden sich f\u00fcr ein Praktikum in Oldenburg. \u201eZun\u00e4chst waren einige b\u00fcrokratische H\u00fcrden zu \u00fcberwinden \u2013 zum Beispiel, in welchem Land wir w\u00e4hrend des Praktikums krankenversichert sind. Dann stand in den ersten Wochen das Eingew\u00f6hnen an die Sprache im Vordergrund. Aber jetzt sind wir voll in die praktische Arbeit eingebunden und sind sehr zufrieden\u201c, berichten die Studentinnen. Bei der Wahl des Praktikumsplatzes habe auch die Zukunftsperspektive eine Rolle gespielt, gibt Michelle Hartmans zu: \u201eIn Deutschland ist der \u00c4rztemangel wesentlich gr\u00f6\u00dfer als in den Niederlanden. Es ist sicherlich f\u00fcr eine eventuelle sp\u00e4tere T\u00e4tigkeit in Deutschland von Vorteil, dort bereits praktische Erfahrung gesammelt zu haben.\u201c<\/p><p>Auch der Landkreis Leer hat mit Bram Gradussen einen Praktikanten aus den Niederlanden. Er absolviert sein Praktikum in der IT-Abteilung des Kreishauses und kann diesen Schritt ebenfalls empfehlen: \u201eSicherlich gibt es einige Kulturunterschiede in der Arbeitsweise. Und auch fehlende Sprachkenntnisse erschweren ein Praktikum. Aber trotzdem habe ich mich schnell eingearbeitet und habe viel Unterst\u00fctzung bekommen\u201c, so Gradussen. Der Berufssch\u00fcler aus Winschoten war \u00fcber das Projekt \u201eArbeitgeberberatung\u201c als Praktikant vermittelt worden. Das Projekt ist Teil des Dachprojektes \u201eArbeitsmarkt Nord\u201c, das von der Ems Dollart Region (EDR) organisiert wird.<\/p><p>Neben vielen positiven Erfahrungen wurden in Papenburg aber auch Themen angesprochen, die ein Praktikum oder eine Ausbildung im Nachbarland erschweren oder sogar verhindern. Aufkl\u00e4rung \u00fcber die Chancen, aber auch \u00fcber die Herausforderungen sei wichtig, waren sich die insgesamt 35 Teilnehmer der Veranstaltung einig. Hermann Schmitz von der Kreishandwerkerschaft Aschendorf-H\u00fcmmling wies darauf hin, dass die duale Ausbildung in den Niederlanden einen negativen Ruf habe. Vincent ten Voorde, EURES-Berater in der Agentur f\u00fcr Arbeit, best\u00e4tigte, dass sich duale Ausbildung dort eher an schw\u00e4chere Sch\u00fcler richte. Daher sei Aufkl\u00e4rung erforderlich, um das Image der dualen Ausbildung zu verbessern und zu verdeutlichen, dass diese Form der Ausbildung in Deutschland Standard sei.<\/p><p>Auch Caroline Wille von der Stenden Hogeschool kennt die Verunsicherung von Sch\u00fclern und Studenten, die dar\u00fcber nachdenken, in das Nachbarland zu gehen: \u201eDiese Unsicherheit betrifft mehrere Bereiche. Es werden oft Fragen gestellt, ob die Abschl\u00fcsse auf der anderen Seite der Grenze anerkannt werden oder welche Berufschancen es mit einer Ausbildung im Nachbarland \u00fcberhaupt gibt. Die Studenten und auch deren Eltern m\u00fcssen daher an die Hand genommen werden, um Unsicherheiten abzubauen.\u201c Daher werden im Projekt \u201ePraktiTrans\u201c regelm\u00e4\u00dfig so genannte Job-Busse organisiert, mit denen Sch\u00fcler und Studenten Unternehmen im Nachbarland besuchen. \u201ePraktiTrans\u201c ist ebenfalls Teil des Dachprojektes \u201eArbeitsmarkt Nord\u201c. \u201eDurch den Besuch in den Unternehmen und den direkten Kontakt werden viele Zweifel abgebaut\u201c, best\u00e4tigt Jule Tirrel von der Wachstumsregion Ems-Achse, von der die Busse mit organisiert werden.<\/p><p>\u201eDie Veranstaltung in Papenburg hat uns erneut gezeigt, dass es auch in den Unternehmen gro\u00dfes Interesse an Auszubildenden und Praktikanten aus dem Nachbarland gibt. Es muss weiterhin ein Umdenken stattfinden, um uns den Herausforderungen zu stellen, die ein grenz\u00fcbergreifender Ausbildungs- und Arbeitsmarkt mit sich bringt. Aber es gibt praktische L\u00f6sungsans\u00e4tze, die wir nutzen sollten\u201c, lautete das Fazit von Michiel Malewicz, Projektmanager des Dachprojektes \u201eArbeitsmarkt Nord\u201c und Berater des GIP EDR. \u201eAuch in Papenburg wurde wieder deutlich, dass es nicht darum geht, sich gegenseitig Fachkr\u00e4fte abzuwerben, sondern Sch\u00fclern und Studenten die M\u00f6glichkeit zu geben, Arbeitserfahrung im Nachbarland zu sammeln. Und das kommt allen Beteiligten in der Region zugute\u201c, so Malewicz.<\/p><p>Die Veranstaltungsreihe \u201eIm Gespr\u00e4ch mit\u2026\u201c wird im Rahmen des Dachprojektes \u201eArbeitsmarkt Nord\u201c organisiert. Federf\u00fchrend beim \u201eArbeitsmarkt Nord\u201c ist die\u00a0Ems Dollart Region (EDR)\u00a0in Bad Nieuweschans. Das Projekt wird im Rahmen des\u00a0INTERREG V A-Programms Deutschland-Nederland\u00a0mit Mitteln des Europ\u00e4ischen Fonds f\u00fcr Regionale Entwicklung (EFRE) gef\u00f6rdert. Kofinanzierer sind das niederl\u00e4ndische Ministerie van Economische Zaken en Klimaat, das Nieders\u00e4chsische Ministerium f\u00fcr Bundes- und Europaangelegenheiten und Regionale Entwicklung sowie die Provinzen Groningen, Drenthe und Frysl\u00e2n.<\/p><\/div><\/section><\/div><\/div>\t\t\t\t\t\t\t\t<\/div>\n\t\t\t\t<\/div>\n\t\t\t\t\t<\/div>\n\t\t<\/div>\n\t\t\t\t\t<\/div>\n\t\t<\/section>\n\t\t\t\t<\/div>\n\t\t","protected":false},"excerpt":{"rendered":"<p>Die Chancen und Herausforderungen eines Praktikums und einer Ausbildung im Nachbarland wurden in Papenburg bei der Veranstaltung \u201eIm Gespr\u00e4ch mit\u2026\u201c er\u00f6rtert PAPENBURG \u2013 \u201eDer Bedarf an Auszubildenden und Fachkr\u00e4ften ist gro\u00df. Daher ist ein Austausch zwischen niederl\u00e4ndischen und deutschen Studenten, Praktikanten, Arbeitgebern und Unternehmen besonders wichtig. Beispiele aus der Praxis helfen uns, um zu erfahren, [&hellip;]<\/p>\n","protected":false},"author":21,"featured_media":1744,"comment_status":"closed","ping_status":"closed","sticky":false,"template":"","format":"standard","meta":{"_acf_changed":false,"footnotes":""},"categories":[1],"tags":[],"class_list":["post-1742","post","type-post","status-publish","format-standard","has-post-thumbnail","hentry","category-news"],"acf":[],"yoast_head":"<!-- This site is optimized with the Yoast SEO plugin v27.4 - https:\/\/yoast.com\/product\/yoast-seo-wordpress\/ -->\n<title>\u201ePraktische L\u00f6sungsans\u00e4tze, die wir nutzen sollten\u201c - Ems Dollart Region<\/title>\n<meta name=\"robots\" content=\"index, follow, max-snippet:-1, max-image-preview:large, max-video-preview:-1\" \/>\n<link rel=\"canonical\" href=\"https:\/\/grenzinfo.eu\/edr\/praktische-loesungsansaetze-die-wir-nutzen-sollten\/\" \/>\n<meta property=\"og:locale\" content=\"de_DE\" \/>\n<meta property=\"og:type\" content=\"article\" \/>\n<meta property=\"og:title\" content=\"\u201ePraktische L\u00f6sungsans\u00e4tze, die wir nutzen sollten\u201c - Ems Dollart Region\" \/>\n<meta property=\"og:description\" content=\"Die Chancen und Herausforderungen eines Praktikums und einer Ausbildung im Nachbarland wurden in Papenburg bei der Veranstaltung \u201eIm Gespr\u00e4ch mit\u2026\u201c er\u00f6rtert PAPENBURG \u2013 \u201eDer Bedarf an Auszubildenden und Fachkr\u00e4ften ist gro\u00df. Daher ist ein Austausch zwischen niederl\u00e4ndischen und deutschen Studenten, Praktikanten, Arbeitgebern und Unternehmen besonders wichtig. Beispiele aus der Praxis helfen uns, um zu erfahren, [&hellip;]\" \/>\n<meta property=\"og:url\" content=\"https:\/\/grenzinfo.eu\/edr\/praktische-loesungsansaetze-die-wir-nutzen-sollten\/\" \/>\n<meta property=\"og:site_name\" content=\"Ems Dollart Region\" \/>\n<meta property=\"article:published_time\" content=\"2018-05-30T11:47:36+00:00\" \/>\n<meta property=\"article:modified_time\" content=\"2019-04-08T16:01:11+00:00\" \/>\n<meta property=\"og:image\" content=\"https:\/\/grenzinfo.eu\/edr\/wp-content\/uploads\/sites\/8\/2018\/05\/Studenten_1.jpg\" \/>\n\t<meta property=\"og:image:width\" content=\"2048\" \/>\n\t<meta property=\"og:image:height\" content=\"1201\" \/>\n\t<meta property=\"og:image:type\" content=\"image\/jpeg\" \/>\n<meta name=\"author\" content=\"malewicz\" \/>\n<meta name=\"twitter:card\" content=\"summary_large_image\" \/>\n<meta name=\"twitter:label1\" content=\"Geschrieben von\" \/>\n\t<meta name=\"twitter:data1\" content=\"malewicz\" \/>\n\t<meta name=\"twitter:label2\" content=\"Gesch\u00e4tzte Lesezeit\" \/>\n\t<meta name=\"twitter:data2\" content=\"4\u00a0Minuten\" \/>\n<script type=\"application\/ld+json\" class=\"yoast-schema-graph\">{\"@context\":\"https:\\\/\\\/schema.org\",\"@graph\":[{\"@type\":\"Article\",\"@id\":\"https:\\\/\\\/grenzinfo.eu\\\/edr\\\/praktische-loesungsansaetze-die-wir-nutzen-sollten\\\/#article\",\"isPartOf\":{\"@id\":\"https:\\\/\\\/grenzinfo.eu\\\/edr\\\/praktische-loesungsansaetze-die-wir-nutzen-sollten\\\/\"},\"author\":{\"name\":\"malewicz\",\"@id\":\"https:\\\/\\\/grenzinfo.eu\\\/edr\\\/#\\\/schema\\\/person\\\/bf462f8830942a4179e4374d410ba679\"},\"headline\":\"\u201ePraktische L\u00f6sungsans\u00e4tze, die wir nutzen sollten\u201c\",\"datePublished\":\"2018-05-30T11:47:36+00:00\",\"dateModified\":\"2019-04-08T16:01:11+00:00\",\"mainEntityOfPage\":{\"@id\":\"https:\\\/\\\/grenzinfo.eu\\\/edr\\\/praktische-loesungsansaetze-die-wir-nutzen-sollten\\\/\"},\"wordCount\":820,\"image\":{\"@id\":\"https:\\\/\\\/grenzinfo.eu\\\/edr\\\/praktische-loesungsansaetze-die-wir-nutzen-sollten\\\/#primaryimage\"},\"thumbnailUrl\":\"https:\\\/\\\/grenzinfo.eu\\\/edr\\\/wp-content\\\/uploads\\\/sites\\\/8\\\/2018\\\/05\\\/Studenten_1.jpg\",\"articleSection\":[\"News\"],\"inLanguage\":\"de\"},{\"@type\":\"WebPage\",\"@id\":\"https:\\\/\\\/grenzinfo.eu\\\/edr\\\/praktische-loesungsansaetze-die-wir-nutzen-sollten\\\/\",\"url\":\"https:\\\/\\\/grenzinfo.eu\\\/edr\\\/praktische-loesungsansaetze-die-wir-nutzen-sollten\\\/\",\"name\":\"\u201ePraktische L\u00f6sungsans\u00e4tze, die wir nutzen sollten\u201c - Ems Dollart Region\",\"isPartOf\":{\"@id\":\"https:\\\/\\\/grenzinfo.eu\\\/edr\\\/#website\"},\"primaryImageOfPage\":{\"@id\":\"https:\\\/\\\/grenzinfo.eu\\\/edr\\\/praktische-loesungsansaetze-die-wir-nutzen-sollten\\\/#primaryimage\"},\"image\":{\"@id\":\"https:\\\/\\\/grenzinfo.eu\\\/edr\\\/praktische-loesungsansaetze-die-wir-nutzen-sollten\\\/#primaryimage\"},\"thumbnailUrl\":\"https:\\\/\\\/grenzinfo.eu\\\/edr\\\/wp-content\\\/uploads\\\/sites\\\/8\\\/2018\\\/05\\\/Studenten_1.jpg\",\"datePublished\":\"2018-05-30T11:47:36+00:00\",\"dateModified\":\"2019-04-08T16:01:11+00:00\",\"author\":{\"@id\":\"https:\\\/\\\/grenzinfo.eu\\\/edr\\\/#\\\/schema\\\/person\\\/bf462f8830942a4179e4374d410ba679\"},\"breadcrumb\":{\"@id\":\"https:\\\/\\\/grenzinfo.eu\\\/edr\\\/praktische-loesungsansaetze-die-wir-nutzen-sollten\\\/#breadcrumb\"},\"inLanguage\":\"de\",\"potentialAction\":[{\"@type\":\"ReadAction\",\"target\":[\"https:\\\/\\\/grenzinfo.eu\\\/edr\\\/praktische-loesungsansaetze-die-wir-nutzen-sollten\\\/\"]}]},{\"@type\":\"ImageObject\",\"inLanguage\":\"de\",\"@id\":\"https:\\\/\\\/grenzinfo.eu\\\/edr\\\/praktische-loesungsansaetze-die-wir-nutzen-sollten\\\/#primaryimage\",\"url\":\"https:\\\/\\\/grenzinfo.eu\\\/edr\\\/wp-content\\\/uploads\\\/sites\\\/8\\\/2018\\\/05\\\/Studenten_1.jpg\",\"contentUrl\":\"https:\\\/\\\/grenzinfo.eu\\\/edr\\\/wp-content\\\/uploads\\\/sites\\\/8\\\/2018\\\/05\\\/Studenten_1.jpg\",\"width\":2048,\"height\":1201},{\"@type\":\"BreadcrumbList\",\"@id\":\"https:\\\/\\\/grenzinfo.eu\\\/edr\\\/praktische-loesungsansaetze-die-wir-nutzen-sollten\\\/#breadcrumb\",\"itemListElement\":[{\"@type\":\"ListItem\",\"position\":1,\"name\":\"Home\",\"item\":\"https:\\\/\\\/grenzinfo.eu\\\/edr\\\/\"},{\"@type\":\"ListItem\",\"position\":2,\"name\":\"\u201ePraktische L\u00f6sungsans\u00e4tze, die wir nutzen sollten\u201c\"}]},{\"@type\":\"WebSite\",\"@id\":\"https:\\\/\\\/grenzinfo.eu\\\/edr\\\/#website\",\"url\":\"https:\\\/\\\/grenzinfo.eu\\\/edr\\\/\",\"name\":\"Ems Dollart Region\",\"description\":\"Grenzinfopunkt Ems Dollart Region\",\"potentialAction\":[{\"@type\":\"SearchAction\",\"target\":{\"@type\":\"EntryPoint\",\"urlTemplate\":\"https:\\\/\\\/grenzinfo.eu\\\/edr\\\/?s={search_term_string}\"},\"query-input\":{\"@type\":\"PropertyValueSpecification\",\"valueRequired\":true,\"valueName\":\"search_term_string\"}}],\"inLanguage\":\"de\"},{\"@type\":\"Person\",\"@id\":\"https:\\\/\\\/grenzinfo.eu\\\/edr\\\/#\\\/schema\\\/person\\\/bf462f8830942a4179e4374d410ba679\",\"name\":\"malewicz\",\"url\":\"https:\\\/\\\/grenzinfo.eu\\\/edr\\\/author\\\/malewicz\\\/\"}]}<\/script>\n<!-- \/ Yoast SEO plugin. -->","yoast_head_json":{"title":"\u201ePraktische L\u00f6sungsans\u00e4tze, die wir nutzen sollten\u201c - Ems Dollart Region","robots":{"index":"index","follow":"follow","max-snippet":"max-snippet:-1","max-image-preview":"max-image-preview:large","max-video-preview":"max-video-preview:-1"},"canonical":"https:\/\/grenzinfo.eu\/edr\/praktische-loesungsansaetze-die-wir-nutzen-sollten\/","og_locale":"de_DE","og_type":"article","og_title":"\u201ePraktische L\u00f6sungsans\u00e4tze, die wir nutzen sollten\u201c - Ems Dollart Region","og_description":"Die Chancen und Herausforderungen eines Praktikums und einer Ausbildung im Nachbarland wurden in Papenburg bei der Veranstaltung \u201eIm Gespr\u00e4ch mit\u2026\u201c er\u00f6rtert PAPENBURG \u2013 \u201eDer Bedarf an Auszubildenden und Fachkr\u00e4ften ist gro\u00df. Daher ist ein Austausch zwischen niederl\u00e4ndischen und deutschen Studenten, Praktikanten, Arbeitgebern und Unternehmen besonders wichtig. Beispiele aus der Praxis helfen uns, um zu erfahren, [&hellip;]","og_url":"https:\/\/grenzinfo.eu\/edr\/praktische-loesungsansaetze-die-wir-nutzen-sollten\/","og_site_name":"Ems Dollart Region","article_published_time":"2018-05-30T11:47:36+00:00","article_modified_time":"2019-04-08T16:01:11+00:00","og_image":[{"width":2048,"height":1201,"url":"https:\/\/grenzinfo.eu\/edr\/wp-content\/uploads\/sites\/8\/2018\/05\/Studenten_1.jpg","type":"image\/jpeg"}],"author":"malewicz","twitter_card":"summary_large_image","twitter_misc":{"Geschrieben von":"malewicz","Gesch\u00e4tzte Lesezeit":"4\u00a0Minuten"},"schema":{"@context":"https:\/\/schema.org","@graph":[{"@type":"Article","@id":"https:\/\/grenzinfo.eu\/edr\/praktische-loesungsansaetze-die-wir-nutzen-sollten\/#article","isPartOf":{"@id":"https:\/\/grenzinfo.eu\/edr\/praktische-loesungsansaetze-die-wir-nutzen-sollten\/"},"author":{"name":"malewicz","@id":"https:\/\/grenzinfo.eu\/edr\/#\/schema\/person\/bf462f8830942a4179e4374d410ba679"},"headline":"\u201ePraktische L\u00f6sungsans\u00e4tze, die wir nutzen sollten\u201c","datePublished":"2018-05-30T11:47:36+00:00","dateModified":"2019-04-08T16:01:11+00:00","mainEntityOfPage":{"@id":"https:\/\/grenzinfo.eu\/edr\/praktische-loesungsansaetze-die-wir-nutzen-sollten\/"},"wordCount":820,"image":{"@id":"https:\/\/grenzinfo.eu\/edr\/praktische-loesungsansaetze-die-wir-nutzen-sollten\/#primaryimage"},"thumbnailUrl":"https:\/\/grenzinfo.eu\/edr\/wp-content\/uploads\/sites\/8\/2018\/05\/Studenten_1.jpg","articleSection":["News"],"inLanguage":"de"},{"@type":"WebPage","@id":"https:\/\/grenzinfo.eu\/edr\/praktische-loesungsansaetze-die-wir-nutzen-sollten\/","url":"https:\/\/grenzinfo.eu\/edr\/praktische-loesungsansaetze-die-wir-nutzen-sollten\/","name":"\u201ePraktische L\u00f6sungsans\u00e4tze, die wir nutzen sollten\u201c - Ems Dollart Region","isPartOf":{"@id":"https:\/\/grenzinfo.eu\/edr\/#website"},"primaryImageOfPage":{"@id":"https:\/\/grenzinfo.eu\/edr\/praktische-loesungsansaetze-die-wir-nutzen-sollten\/#primaryimage"},"image":{"@id":"https:\/\/grenzinfo.eu\/edr\/praktische-loesungsansaetze-die-wir-nutzen-sollten\/#primaryimage"},"thumbnailUrl":"https:\/\/grenzinfo.eu\/edr\/wp-content\/uploads\/sites\/8\/2018\/05\/Studenten_1.jpg","datePublished":"2018-05-30T11:47:36+00:00","dateModified":"2019-04-08T16:01:11+00:00","author":{"@id":"https:\/\/grenzinfo.eu\/edr\/#\/schema\/person\/bf462f8830942a4179e4374d410ba679"},"breadcrumb":{"@id":"https:\/\/grenzinfo.eu\/edr\/praktische-loesungsansaetze-die-wir-nutzen-sollten\/#breadcrumb"},"inLanguage":"de","potentialAction":[{"@type":"ReadAction","target":["https:\/\/grenzinfo.eu\/edr\/praktische-loesungsansaetze-die-wir-nutzen-sollten\/"]}]},{"@type":"ImageObject","inLanguage":"de","@id":"https:\/\/grenzinfo.eu\/edr\/praktische-loesungsansaetze-die-wir-nutzen-sollten\/#primaryimage","url":"https:\/\/grenzinfo.eu\/edr\/wp-content\/uploads\/sites\/8\/2018\/05\/Studenten_1.jpg","contentUrl":"https:\/\/grenzinfo.eu\/edr\/wp-content\/uploads\/sites\/8\/2018\/05\/Studenten_1.jpg","width":2048,"height":1201},{"@type":"BreadcrumbList","@id":"https:\/\/grenzinfo.eu\/edr\/praktische-loesungsansaetze-die-wir-nutzen-sollten\/#breadcrumb","itemListElement":[{"@type":"ListItem","position":1,"name":"Home","item":"https:\/\/grenzinfo.eu\/edr\/"},{"@type":"ListItem","position":2,"name":"\u201ePraktische L\u00f6sungsans\u00e4tze, die wir nutzen sollten\u201c"}]},{"@type":"WebSite","@id":"https:\/\/grenzinfo.eu\/edr\/#website","url":"https:\/\/grenzinfo.eu\/edr\/","name":"Ems Dollart Region","description":"Grenzinfopunkt Ems Dollart Region","potentialAction":[{"@type":"SearchAction","target":{"@type":"EntryPoint","urlTemplate":"https:\/\/grenzinfo.eu\/edr\/?s={search_term_string}"},"query-input":{"@type":"PropertyValueSpecification","valueRequired":true,"valueName":"search_term_string"}}],"inLanguage":"de"},{"@type":"Person","@id":"https:\/\/grenzinfo.eu\/edr\/#\/schema\/person\/bf462f8830942a4179e4374d410ba679","name":"malewicz","url":"https:\/\/grenzinfo.eu\/edr\/author\/malewicz\/"}]}},"lang":"de","translations":{"de":1742},"pll_sync_post":[],"_links":{"self":[{"href":"https:\/\/grenzinfo.eu\/edr\/wp-json\/wp\/v2\/posts\/1742","targetHints":{"allow":["GET"]}}],"collection":[{"href":"https:\/\/grenzinfo.eu\/edr\/wp-json\/wp\/v2\/posts"}],"about":[{"href":"https:\/\/grenzinfo.eu\/edr\/wp-json\/wp\/v2\/types\/post"}],"author":[{"embeddable":true,"href":"https:\/\/grenzinfo.eu\/edr\/wp-json\/wp\/v2\/users\/21"}],"replies":[{"embeddable":true,"href":"https:\/\/grenzinfo.eu\/edr\/wp-json\/wp\/v2\/comments?post=1742"}],"version-history":[{"count":0,"href":"https:\/\/grenzinfo.eu\/edr\/wp-json\/wp\/v2\/posts\/1742\/revisions"}],"wp:featuredmedia":[{"embeddable":true,"href":"https:\/\/grenzinfo.eu\/edr\/wp-json\/wp\/v2\/media\/1744"}],"wp:attachment":[{"href":"https:\/\/grenzinfo.eu\/edr\/wp-json\/wp\/v2\/media?parent=1742"}],"wp:term":[{"taxonomy":"category","embeddable":true,"href":"https:\/\/grenzinfo.eu\/edr\/wp-json\/wp\/v2\/categories?post=1742"},{"taxonomy":"post_tag","embeddable":true,"href":"https:\/\/grenzinfo.eu\/edr\/wp-json\/wp\/v2\/tags?post=1742"}],"curies":[{"name":"wp","href":"https:\/\/api.w.org\/{rel}","templated":true}]}}