{"id":10303,"date":"2019-07-30T09:18:14","date_gmt":"2019-07-30T07:18:14","guid":{"rendered":"https:\/\/grenzinfo.eu\/emra\/?p=10303"},"modified":"2019-09-20T10:57:12","modified_gmt":"2019-09-20T08:57:12","slug":"deutsch-belgischer-grenzgaengersprechtag-in-den-kurparkterrassen-aachen-burtscheid","status":"publish","type":"post","link":"https:\/\/grenzinfo.eu\/emra\/deutsch-belgischer-grenzgaengersprechtag-in-den-kurparkterrassen-aachen-burtscheid\/","title":{"rendered":"Deutsch-Belgischer Grenzg\u00e4ngersprechtag in den Kurparkterrassen Aachen-Burtscheid"},"content":{"rendered":"<p>Wer mit dem Gedanken spielt, in Belgien eine selbstst\u00e4ndige T\u00e4tigkeit aufzunehmen oder ein Unternehmen zu gr\u00fcnden, dem k\u00f6nnen wichtige Ratschl\u00e4ge der Wirtschaftsf\u00f6rderungsgesellschaft Ostbelgiens den richtigen Weg weisen.<\/p>\n<p>Der Deutsch-Belgische Grenzg\u00e4ngersprechtag in Aachen bietet Grenzg\u00e4ngern zwischen Deutschland und Belgien die M\u00f6glichkeit, ihre Fragen zu Steuern und Sozialversicherungen zu kl\u00e4ren.<\/p>\n<p>Fragen wie: Wo bezahle ich als Grenzg\u00e4nger welche Steuern? Was muss ich bei der Krankenversicherung und der Pflegeversicherung beachten? Bekommen wir Kindergeld und Elterngeld? Wie ist das eigentlich mit der Rente? werden in einem pers\u00f6nlichen Beratungsgespr\u00e4ch beantwortet.<\/p>\n<p>Experten der Agentur f\u00fcr Arbeit Aachen-D\u00fcren, des Arbeitsamtes der Deutschsprachigen Gemeinschaft, des CSC Grenzg\u00e4ngerdienstes, der Deutschen Rentenversicherung, der Krankenkassen AOK Rheinland\/Hamburg und der CKK, Belgien sowie deutsche und belgische Experten f\u00fcr Steuerfragen stehen hierf\u00fcr am 25.9.2019 zur Verf\u00fcgung.<\/p>\n<p>Die Beratung ist kostenlos und erfolgt ohne vorherige Terminvereinbarung.<\/p>\n<p><strong>Der Deutsch-Belgische Grenzg\u00e4ngersprechtag findet statt am 25. September 2019.<br \/>\nOrt: Kurparkterrassen, Dammstra\u00dfe 40, 52066 Aachen <\/strong><\/p>\n<p><strong>Uhrzeit: von 13.00 \u2013 16.30 Uhr (keine vorherige Terminvereinbarung \u2013 letzter Einlass 16.00 Uhr)<\/strong><\/p>\n<p>Informationen f\u00fcr Grenzg\u00e4nger und weitere Termine der Grenzg\u00e4ngersprechtage 2019 finden Sie <a href=\"https:\/\/grenzinfo.eu\/emra\/Sprechtage\/\" target=\"_blank\" rel=\"noopener noreferrer\">hier&gt;&gt;<\/a><\/p>\n<p>&nbsp;<\/p>\n","protected":false},"excerpt":{"rendered":"<p>Wer mit dem Gedanken spielt, in Belgien eine selbstst\u00e4ndige T\u00e4tigkeit aufzunehmen oder ein Unternehmen zu gr\u00fcnden, dem k\u00f6nnen wichtige Ratschl\u00e4ge der Wirtschaftsf\u00f6rderungsgesellschaft Ostbelgiens den richtigen Weg weisen. Der Deutsch-Belgische Grenzg\u00e4ngersprechtag in Aachen bietet Grenzg\u00e4ngern zwischen Deutschland und Belgien die M\u00f6glichkeit, ihre Fragen zu Steuern und Sozialversicherungen zu kl\u00e4ren. Fragen wie: Wo bezahle ich als Grenzg\u00e4nger [&hellip;]<\/p>\n","protected":false},"author":2,"featured_media":3196,"comment_status":"closed","ping_status":"closed","sticky":false,"template":"","format":"standard","meta":{"_acf_changed":false,"footnotes":""},"categories":[1],"tags":[],"class_list":["post-10303","post","type-post","status-publish","format-standard","has-post-thumbnail","hentry","category-news"],"acf":[],"lang":"de","translations":{"de":10303},"pll_sync_post":[],"_links":{"self":[{"href":"https:\/\/grenzinfo.eu\/emra\/wp-json\/wp\/v2\/posts\/10303","targetHints":{"allow":["GET"]}}],"collection":[{"href":"https:\/\/grenzinfo.eu\/emra\/wp-json\/wp\/v2\/posts"}],"about":[{"href":"https:\/\/grenzinfo.eu\/emra\/wp-json\/wp\/v2\/types\/post"}],"author":[{"embeddable":true,"href":"https:\/\/grenzinfo.eu\/emra\/wp-json\/wp\/v2\/users\/2"}],"replies":[{"embeddable":true,"href":"https:\/\/grenzinfo.eu\/emra\/wp-json\/wp\/v2\/comments?post=10303"}],"version-history":[{"count":0,"href":"https:\/\/grenzinfo.eu\/emra\/wp-json\/wp\/v2\/posts\/10303\/revisions"}],"wp:featuredmedia":[{"embeddable":true,"href":"https:\/\/grenzinfo.eu\/emra\/wp-json\/wp\/v2\/media\/3196"}],"wp:attachment":[{"href":"https:\/\/grenzinfo.eu\/emra\/wp-json\/wp\/v2\/media?parent=10303"}],"wp:term":[{"taxonomy":"category","embeddable":true,"href":"https:\/\/grenzinfo.eu\/emra\/wp-json\/wp\/v2\/categories?post=10303"},{"taxonomy":"post_tag","embeddable":true,"href":"https:\/\/grenzinfo.eu\/emra\/wp-json\/wp\/v2\/tags?post=10303"}],"curies":[{"name":"wp","href":"https:\/\/api.w.org\/{rel}","templated":true}]}}