{"id":10397,"date":"2019-11-12T10:26:21","date_gmt":"2019-11-12T09:26:21","guid":{"rendered":"https:\/\/grenzinfo.eu\/emra\/?p=10397"},"modified":"2019-11-12T10:32:17","modified_gmt":"2019-11-12T09:32:17","slug":"deutsch-niederlaendischer-sprechtag-fuer-unternehmer-und-existenzgruender","status":"publish","type":"post","link":"https:\/\/grenzinfo.eu\/emra\/deutsch-niederlaendischer-sprechtag-fuer-unternehmer-und-existenzgruender\/","title":{"rendered":"Deutsch-Niederl\u00e4ndischer Sprechtag f\u00fcr Unternehmer und Existenzgr\u00fcnder"},"content":{"rendered":"<div id=\"main\">\n<div class=\"inside\">\n<div id=\"article-297\" class=\"mod_article first block\">\n<div class=\"mod_newsreader block\">\n<div class=\"row layout_full layout_full_news block\">\n<div class=\"col-md-8 col-sm-8 col-xs-12\">\n<div class=\"ce_text block\">\n<p>Am 10.12.2019 bietet die Industrie- und Handelskammer Aachen gemeinsam mit Experten des Grenzinfopunktes Aachen-Eurode sowie dem StartersCentrum Limburg Beratung und Information zu verschiedensten Themenbereichen f\u00fcr Existenzgr\u00fcnder und Unternehmer, die im Nachbarland t\u00e4tig werden m\u00f6chten .<\/p>\n<p>Die Beratungen sind individuell und pers\u00f6nlich. Zu den Beratungsthemen z\u00e4hlen die Firmengr\u00fcndung, die Inanspruchnahme m\u00f6glicher F\u00f6rdermittel f\u00fcr Unternehmen im Nachbarland, die Erbringung von Dienstleistungen sowie die Kundenakquise und Netzwerkveranstaltungen.<\/p>\n<p>Das Ziel der Deutsch-Niederl\u00e4ndischen Unternehmersprechtage ist es, \u00fcber die ersten und zumeist wichtigsten Schritte f\u00fcr den Markteintritt auf der anderen Seite der Grenze aufzukl\u00e4ren. Die Informationen sollen Kontakte zu Kunden oder erste gemeinsame Projekte mit Gesch\u00e4ftspartnern im Nachbarland erleichtern und den Ausbau der grenz\u00fcbergreifenden Zusammenarbeit unterst\u00fctzen.<\/p>\n<p><span data-ro-field-id=\"14\">Eine Anmeldung zwecks Terminabsprache ist erforderlich. Bitte nehmen Sie Kontakt auf mit der IHK Aachen, Karin Sterk, Tel.: +49 (0)241 4460-397, E-Mail: karin.sterk@aachen.ihk.de<br \/>\n<\/span><\/p>\n<p><span data-ro-field-id=\"14\">Details und Termine finden Sie auf der Website der <a href=\"https:\/\/www.aachen.ihk.de\/System\/vst\/615698?id=266597&amp;terminId=433057\" target=\"_blank\" rel=\"noopener noreferrer\">IHK Aachen<\/a>\u00a0 und auf unserer Website <a title=\"Unternehmersprechtage\" href=\"https:\/\/grenzinfo.eu\/emra\/sprechtage\/\" target=\"_blank\" rel=\"noopener noreferrer\">hier&gt;&gt;<\/a><\/span><\/p>\n<p>&nbsp;<\/p>\n<\/div>\n<\/div>\n<div id=\"news-right\" class=\"col-md-3 col-sm-3 col-xs-12\">\n<div class=\"ce_text ansprechpartner block\">\n<div class=\"toggleArea\">\n<p>&nbsp;<\/p>\n<\/div>\n<div class=\"toggler\"><\/div>\n<\/div>\n<div class=\"ce_text logos block\">\n<p>&nbsp;<\/p>\n<p>&nbsp;<\/p>\n<\/div>\n<\/div>\n<\/div>\n<\/div>\n<\/div>\n<div id=\"article-298\" class=\"mod_article last block\"><\/div>\n<\/div>\n<\/div>\n","protected":false},"excerpt":{"rendered":"<p>Am 10.12.2019 bietet die Industrie- und Handelskammer Aachen gemeinsam mit Experten des Grenzinfopunktes Aachen-Eurode sowie dem StartersCentrum Limburg Beratung und Information zu verschiedensten Themenbereichen f\u00fcr Existenzgr\u00fcnder und Unternehmer, die im Nachbarland t\u00e4tig werden m\u00f6chten . Die Beratungen sind individuell und pers\u00f6nlich. Zu den Beratungsthemen z\u00e4hlen die Firmengr\u00fcndung, die Inanspruchnahme m\u00f6glicher F\u00f6rdermittel f\u00fcr Unternehmen im Nachbarland, [&hellip;]<\/p>\n","protected":false},"author":2,"featured_media":3128,"comment_status":"closed","ping_status":"closed","sticky":false,"template":"","format":"standard","meta":{"_acf_changed":false,"footnotes":""},"categories":[1],"tags":[],"class_list":["post-10397","post","type-post","status-publish","format-standard","has-post-thumbnail","hentry","category-news"],"acf":[],"lang":"de","translations":{"de":10397},"pll_sync_post":[],"_links":{"self":[{"href":"https:\/\/grenzinfo.eu\/emra\/wp-json\/wp\/v2\/posts\/10397","targetHints":{"allow":["GET"]}}],"collection":[{"href":"https:\/\/grenzinfo.eu\/emra\/wp-json\/wp\/v2\/posts"}],"about":[{"href":"https:\/\/grenzinfo.eu\/emra\/wp-json\/wp\/v2\/types\/post"}],"author":[{"embeddable":true,"href":"https:\/\/grenzinfo.eu\/emra\/wp-json\/wp\/v2\/users\/2"}],"replies":[{"embeddable":true,"href":"https:\/\/grenzinfo.eu\/emra\/wp-json\/wp\/v2\/comments?post=10397"}],"version-history":[{"count":0,"href":"https:\/\/grenzinfo.eu\/emra\/wp-json\/wp\/v2\/posts\/10397\/revisions"}],"wp:featuredmedia":[{"embeddable":true,"href":"https:\/\/grenzinfo.eu\/emra\/wp-json\/wp\/v2\/media\/3128"}],"wp:attachment":[{"href":"https:\/\/grenzinfo.eu\/emra\/wp-json\/wp\/v2\/media?parent=10397"}],"wp:term":[{"taxonomy":"category","embeddable":true,"href":"https:\/\/grenzinfo.eu\/emra\/wp-json\/wp\/v2\/categories?post=10397"},{"taxonomy":"post_tag","embeddable":true,"href":"https:\/\/grenzinfo.eu\/emra\/wp-json\/wp\/v2\/tags?post=10397"}],"curies":[{"name":"wp","href":"https:\/\/api.w.org\/{rel}","templated":true}]}}