{"id":10706,"date":"2020-01-28T16:22:18","date_gmt":"2020-01-28T15:22:18","guid":{"rendered":"https:\/\/grenzinfo.eu\/emra\/?p=10706"},"modified":"2020-01-28T16:23:22","modified_gmt":"2020-01-28T15:23:22","slug":"deutsch-niederlaendischer-sprechtag-fuer-grenzgaenger","status":"publish","type":"post","link":"https:\/\/grenzinfo.eu\/emra\/deutsch-niederlaendischer-sprechtag-fuer-grenzgaenger\/","title":{"rendered":"Deutsch-Niederl\u00e4ndischer Sprechtag f\u00fcr Grenzg\u00e4nger"},"content":{"rendered":"<p>Was muss ich als Grenzg\u00e4nger bei der Krankenversicherung und der Pflegeversicherung beachten? Wo bezahle ich welche Steuern? Bekommen wir Kindergeld, Elterngeld oder kinderbijslag? An wen wende ich mich bei Arbeitslosigkeit? Und wie ist das eigentlich mit der Rente?<\/p>\n<p>Diese und weitere Fragen k\u00f6nnen Sie auf dem Deutsch-Niederl\u00e4ndischen Grenzg\u00e4ngersprechtag am<br \/>\nMittwoch, dem 5. Februar 2020 von 13.00 bis 16.30 Uhr im Eurode Business Center, Eurode Park 1, Herzogenrath\/Kerkrade kl\u00e4ren.<\/p>\n<p>Mehr \u00fcber unsere Sprechtage erfahren Sie <a href=\"https:\/\/grenzinfo.eu\/emra\/sprechtage\/\" target=\"_blank\" rel=\"noopener noreferrer\">hier&gt;&gt;<\/a><\/p>\n","protected":false},"excerpt":{"rendered":"<p>Was muss ich als Grenzg\u00e4nger bei der Krankenversicherung und der Pflegeversicherung beachten? Wo bezahle ich welche Steuern? Bekommen wir Kindergeld, Elterngeld oder kinderbijslag? An wen wende ich mich bei Arbeitslosigkeit? Und wie ist das eigentlich mit der Rente? Diese und weitere Fragen k\u00f6nnen Sie auf dem Deutsch-Niederl\u00e4ndischen Grenzg\u00e4ngersprechtag am Mittwoch, dem 5. Februar 2020 von [&hellip;]<\/p>\n","protected":false},"author":2,"featured_media":10115,"comment_status":"closed","ping_status":"closed","sticky":false,"template":"","format":"standard","meta":{"_acf_changed":false,"footnotes":""},"categories":[1],"tags":[],"class_list":["post-10706","post","type-post","status-publish","format-standard","has-post-thumbnail","hentry","category-news"],"acf":[],"lang":"de","translations":{"de":10706},"pll_sync_post":[],"_links":{"self":[{"href":"https:\/\/grenzinfo.eu\/emra\/wp-json\/wp\/v2\/posts\/10706","targetHints":{"allow":["GET"]}}],"collection":[{"href":"https:\/\/grenzinfo.eu\/emra\/wp-json\/wp\/v2\/posts"}],"about":[{"href":"https:\/\/grenzinfo.eu\/emra\/wp-json\/wp\/v2\/types\/post"}],"author":[{"embeddable":true,"href":"https:\/\/grenzinfo.eu\/emra\/wp-json\/wp\/v2\/users\/2"}],"replies":[{"embeddable":true,"href":"https:\/\/grenzinfo.eu\/emra\/wp-json\/wp\/v2\/comments?post=10706"}],"version-history":[{"count":0,"href":"https:\/\/grenzinfo.eu\/emra\/wp-json\/wp\/v2\/posts\/10706\/revisions"}],"wp:featuredmedia":[{"embeddable":true,"href":"https:\/\/grenzinfo.eu\/emra\/wp-json\/wp\/v2\/media\/10115"}],"wp:attachment":[{"href":"https:\/\/grenzinfo.eu\/emra\/wp-json\/wp\/v2\/media?parent=10706"}],"wp:term":[{"taxonomy":"category","embeddable":true,"href":"https:\/\/grenzinfo.eu\/emra\/wp-json\/wp\/v2\/categories?post=10706"},{"taxonomy":"post_tag","embeddable":true,"href":"https:\/\/grenzinfo.eu\/emra\/wp-json\/wp\/v2\/tags?post=10706"}],"curies":[{"name":"wp","href":"https:\/\/api.w.org\/{rel}","templated":true}]}}