{"id":10729,"date":"2020-01-30T14:31:33","date_gmt":"2020-01-30T13:31:33","guid":{"rendered":"https:\/\/grenzinfo.eu\/emra\/?p=10729"},"modified":"2020-01-31T12:34:57","modified_gmt":"2020-01-31T11:34:57","slug":"beratung-durch-die-grenzinfopunkte-auf-der-auswanderungsmesse-emigratiebeurs-in-houten-nl","status":"publish","type":"post","link":"https:\/\/grenzinfo.eu\/emra\/beratung-durch-die-grenzinfopunkte-auf-der-auswanderungsmesse-emigratiebeurs-in-houten-nl\/","title":{"rendered":"Beratung durch die Grenzinfopunkte auf der Auswanderungsmesse EMIGRATIEBEURS in Houten \/ NL"},"content":{"rendered":"\t\t<div data-elementor-type=\"wp-post\" data-elementor-id=\"10729\" class=\"elementor elementor-10729\" data-elementor-post-type=\"post\">\n\t\t\t\t\t\t<section class=\"elementor-section elementor-top-section elementor-element elementor-element-14fa61c8 elementor-section-boxed elementor-section-height-default elementor-section-height-default\" data-id=\"14fa61c8\" data-element_type=\"section\" data-e-type=\"section\">\n\t\t\t\t\t\t<div class=\"elementor-container elementor-column-gap-default\">\n\t\t\t\t\t<div class=\"elementor-column elementor-col-50 elementor-top-column elementor-element elementor-element-20b08933\" data-id=\"20b08933\" data-element_type=\"column\" data-e-type=\"column\">\n\t\t\t<div class=\"elementor-widget-wrap elementor-element-populated\">\n\t\t\t\t\t\t<div class=\"elementor-element elementor-element-7499b617 elementor-widget elementor-widget-text-editor\" data-id=\"7499b617\" data-element_type=\"widget\" data-e-type=\"widget\" data-widget_type=\"text-editor.default\">\n\t\t\t\t<div class=\"elementor-widget-container\">\n\t\t\t\t\t\t\t\t\tHaben Sie jemals daran gedacht in den Niederlanden oder in Belgien zu arbeiten, zu studieren, unternehmerisch t\u00e4tig zu werden oder in Ihr Nachbarland auszuwandern? Erw\u00e4gen Sie als Unternehmer Personal aus dem Ausland einzustellen? Oder haben Sie im Ausland gearbeitet und haben Sie Fragen zu Ihrer Rente oder zu Sozialversicherungen? In diesem Fall sollten Sie sich Rat bei einem GrenzInfoPunkt in Ihrer N\u00e4he holen.\r\n\r\nAm 8. + 9. Februar 2020 stellen wir unser Angebot auf der Auswanderungsmesse \u201eEmigratiebeurs\u201c in Houten vor. Wir freuen uns auf Ihren Besuch an unserem Stand in Halle 2 (Expo Houten, Meidoornkade 24, 3992 AE Houten -Utrecht, Niederlande).\r\n\r\nWir informieren Sie \u00fcber:\r\n\r\n&#8211; Sozialversicherung, Krankenversicherung und Familienleistungen\r\n\r\n&#8211; Rentenversicherung\r\n\r\n&#8211; Steuern\r\n\r\n&#8211; Offizielle Dokumente des Nachbarlandes\r\n\r\n&#8211; Und noch viel mehr&#8230;\r\n\r\n<strong>Freikarten zur Emigratiebeurs <\/strong><strong>erhalten Sie \u00fcber folgenden Link: <\/strong><a href=\"https:\/\/emigratiebeurs.nl\/nl\/tickets-bestellen\/?ac=YUU112\">https:\/\/emigratiebeurs.nl\/nl\/tickets-bestellen\/?ac=YUU112<\/a> oder \u00fcber die Ticketing-Website mit dem Aktionscode YUU112:\r\n\r\nSie sind verhindert? Dann besuchen Sie unsere Website <a href=\"https:\/\/grenzinfo.eu\/\">https:\/\/grenzinfo.eu\/<\/a> . Auf der Seite der Beratungsstelle in Ihrer N\u00e4he k\u00f6nnen Sie uns gern Ihre Fragen \u00fcber das Anfrageformular senden und erhalten unsere Antwort unabh\u00e4ngig von \u00d6ffnungszeiten oder B\u00fcrozeiten.\t\t\t\t\t\t\t\t<\/div>\n\t\t\t\t<\/div>\n\t\t\t\t\t<\/div>\n\t\t<\/div>\n\t\t\t\t<div class=\"elementor-column elementor-col-50 elementor-top-column elementor-element elementor-element-3f3c5de\" data-id=\"3f3c5de\" data-element_type=\"column\" data-e-type=\"column\">\n\t\t\t<div class=\"elementor-widget-wrap elementor-element-populated\">\n\t\t\t\t\t\t<div class=\"elementor-element elementor-element-cd331e9 elementor-widget elementor-widget-image\" data-id=\"cd331e9\" data-element_type=\"widget\" data-e-type=\"widget\" data-widget_type=\"image.default\">\n\t\t\t\t<div class=\"elementor-widget-container\">\n\t\t\t\t\t\t\t\t\t\t\t\t\t\t\t<img fetchpriority=\"high\" decoding=\"async\" width=\"250\" height=\"341\" src=\"https:\/\/grenzinfo.eu\/emra\/wp-content\/uploads\/sites\/2\/2020\/01\/EB_D_2020-011-1.png\" class=\"attachment-large size-large wp-image-10722\" alt=\"\" srcset=\"https:\/\/grenzinfo.eu\/emra\/wp-content\/uploads\/sites\/2\/2020\/01\/EB_D_2020-011-1.png 250w, https:\/\/grenzinfo.eu\/emra\/wp-content\/uploads\/sites\/2\/2020\/01\/EB_D_2020-011-1-220x300.png 220w\" sizes=\"(max-width: 250px) 100vw, 250px\" \/>\t\t\t\t\t\t\t\t\t\t\t\t\t\t\t<\/div>\n\t\t\t\t<\/div>\n\t\t\t\t\t<\/div>\n\t\t<\/div>\n\t\t\t\t\t<\/div>\n\t\t<\/section>\n\t\t\t\t<\/div>\n\t\t","protected":false},"excerpt":{"rendered":"<p>Haben Sie jemals daran gedacht in den Niederlanden oder in Belgien zu arbeiten, zu studieren, unternehmerisch t\u00e4tig zu werden oder in Ihr Nachbarland auszuwandern? Erw\u00e4gen Sie als Unternehmer Personal aus dem Ausland einzustellen? Oder haben Sie im Ausland gearbeitet und haben Sie Fragen zu Ihrer Rente oder zu Sozialversicherungen? In diesem Fall sollten Sie sich [&hellip;]<\/p>\n","protected":false},"author":2,"featured_media":0,"comment_status":"closed","ping_status":"closed","sticky":false,"template":"","format":"standard","meta":{"_acf_changed":false,"footnotes":""},"categories":[1],"tags":[],"class_list":["post-10729","post","type-post","status-publish","format-standard","hentry","category-news"],"acf":[],"lang":"de","translations":{"de":10729,"nl":10731},"pll_sync_post":[],"_links":{"self":[{"href":"https:\/\/grenzinfo.eu\/emra\/wp-json\/wp\/v2\/posts\/10729","targetHints":{"allow":["GET"]}}],"collection":[{"href":"https:\/\/grenzinfo.eu\/emra\/wp-json\/wp\/v2\/posts"}],"about":[{"href":"https:\/\/grenzinfo.eu\/emra\/wp-json\/wp\/v2\/types\/post"}],"author":[{"embeddable":true,"href":"https:\/\/grenzinfo.eu\/emra\/wp-json\/wp\/v2\/users\/2"}],"replies":[{"embeddable":true,"href":"https:\/\/grenzinfo.eu\/emra\/wp-json\/wp\/v2\/comments?post=10729"}],"version-history":[{"count":0,"href":"https:\/\/grenzinfo.eu\/emra\/wp-json\/wp\/v2\/posts\/10729\/revisions"}],"wp:attachment":[{"href":"https:\/\/grenzinfo.eu\/emra\/wp-json\/wp\/v2\/media?parent=10729"}],"wp:term":[{"taxonomy":"category","embeddable":true,"href":"https:\/\/grenzinfo.eu\/emra\/wp-json\/wp\/v2\/categories?post=10729"},{"taxonomy":"post_tag","embeddable":true,"href":"https:\/\/grenzinfo.eu\/emra\/wp-json\/wp\/v2\/tags?post=10729"}],"curies":[{"name":"wp","href":"https:\/\/api.w.org\/{rel}","templated":true}]}}