{"id":10749,"date":"2020-03-02T13:46:20","date_gmt":"2020-03-02T12:46:20","guid":{"rendered":"https:\/\/grenzinfo.eu\/emra\/?p=10749"},"modified":"2020-03-02T13:54:18","modified_gmt":"2020-03-02T12:54:18","slug":"grenzgaengersprechtag-am-4-maerz-2020-findet-nicht-statt","status":"publish","type":"post","link":"https:\/\/grenzinfo.eu\/emra\/grenzgaengersprechtag-am-4-maerz-2020-findet-nicht-statt\/","title":{"rendered":"Grenzg\u00e4ngersprechtag am 4. M\u00e4rz 2020 findet nicht statt!"},"content":{"rendered":"<p>Aufgrund der aktuellen Sitution und den Empfehlungen im Zusammenhang mit dem Corona-Virus wird der Deutsch-Niederl\u00e4ndische Grenzg\u00e4ngersprechtag im Eurode Business Center am 4. M\u00e4rz 2020 nicht stattfinden.<\/p>\n<p>Der n\u00e4chste Sprechtag wird am 1. April 2020 stattfinden. Weitere Termine finden Sie <a href=\"https:\/\/grenzinfo.eu\/emra\/sprechtage\/\">hier&gt;&gt;<\/a><\/p>\n","protected":false},"excerpt":{"rendered":"<p>Aufgrund der aktuellen Sitution und den Empfehlungen im Zusammenhang mit dem Corona-Virus wird der Deutsch-Niederl\u00e4ndische Grenzg\u00e4ngersprechtag im Eurode Business Center am 4. M\u00e4rz 2020 nicht stattfinden. Der n\u00e4chste Sprechtag wird am 1. April 2020 stattfinden. Weitere Termine finden Sie hier&gt;&gt;<\/p>\n","protected":false},"author":2,"featured_media":1532,"comment_status":"closed","ping_status":"closed","sticky":false,"template":"","format":"standard","meta":{"_acf_changed":false,"footnotes":""},"categories":[1],"tags":[],"class_list":["post-10749","post","type-post","status-publish","format-standard","has-post-thumbnail","hentry","category-news"],"acf":[],"lang":"de","translations":{"de":10749,"nl":10753},"pll_sync_post":[],"_links":{"self":[{"href":"https:\/\/grenzinfo.eu\/emra\/wp-json\/wp\/v2\/posts\/10749","targetHints":{"allow":["GET"]}}],"collection":[{"href":"https:\/\/grenzinfo.eu\/emra\/wp-json\/wp\/v2\/posts"}],"about":[{"href":"https:\/\/grenzinfo.eu\/emra\/wp-json\/wp\/v2\/types\/post"}],"author":[{"embeddable":true,"href":"https:\/\/grenzinfo.eu\/emra\/wp-json\/wp\/v2\/users\/2"}],"replies":[{"embeddable":true,"href":"https:\/\/grenzinfo.eu\/emra\/wp-json\/wp\/v2\/comments?post=10749"}],"version-history":[{"count":0,"href":"https:\/\/grenzinfo.eu\/emra\/wp-json\/wp\/v2\/posts\/10749\/revisions"}],"wp:featuredmedia":[{"embeddable":true,"href":"https:\/\/grenzinfo.eu\/emra\/wp-json\/wp\/v2\/media\/1532"}],"wp:attachment":[{"href":"https:\/\/grenzinfo.eu\/emra\/wp-json\/wp\/v2\/media?parent=10749"}],"wp:term":[{"taxonomy":"category","embeddable":true,"href":"https:\/\/grenzinfo.eu\/emra\/wp-json\/wp\/v2\/categories?post=10749"},{"taxonomy":"post_tag","embeddable":true,"href":"https:\/\/grenzinfo.eu\/emra\/wp-json\/wp\/v2\/tags?post=10749"}],"curies":[{"name":"wp","href":"https:\/\/api.w.org\/{rel}","templated":true}]}}