{"id":10964,"date":"2020-03-16T14:10:41","date_gmt":"2020-03-16T13:10:41","guid":{"rendered":"https:\/\/grenzinfo.eu\/emra\/?p=10964"},"modified":"2020-03-16T14:10:50","modified_gmt":"2020-03-16T13:10:50","slug":"voruebergehend-nur-telefonische-beratung","status":"publish","type":"post","link":"https:\/\/grenzinfo.eu\/emra\/voruebergehend-nur-telefonische-beratung\/","title":{"rendered":"Vor\u00fcbergehend nur telefonische Beratung"},"content":{"rendered":"\t\t<div data-elementor-type=\"wp-post\" data-elementor-id=\"10964\" class=\"elementor elementor-10964\" data-elementor-post-type=\"post\">\n\t\t\t\t\t\t<section class=\"elementor-section elementor-top-section elementor-element elementor-element-ac4f945 elementor-section-boxed elementor-section-height-default elementor-section-height-default\" data-id=\"ac4f945\" data-element_type=\"section\" data-e-type=\"section\">\n\t\t\t\t\t\t<div class=\"elementor-container elementor-column-gap-default\">\n\t\t\t\t\t<div class=\"elementor-column elementor-col-100 elementor-top-column elementor-element elementor-element-6180dd20\" data-id=\"6180dd20\" data-element_type=\"column\" data-e-type=\"column\">\n\t\t\t<div class=\"elementor-widget-wrap elementor-element-populated\">\n\t\t\t\t\t\t<div class=\"elementor-element elementor-element-21525a31 elementor-widget elementor-widget-text-editor\" data-id=\"21525a31\" data-element_type=\"widget\" data-e-type=\"widget\" data-widget_type=\"text-editor.default\">\n\t\t\t\t<div class=\"elementor-widget-container\">\n\t\t\t\t\t\t\t\t\t<p>Aufgrund der aktuellen Situation in Zusammenhang mit dem Corona Virus sowie der \u00f6ffentlichen Empfehlungen (sowohl in Deutschland als auch in Belgien und den Niederlanden) k\u00f6nnen wir Ihnen momentan keine pers\u00f6nlichen Beratungstermine anbieten. Unser B\u00fcro im Eurode Business Center bleibt deshalb bis zum 19.4.2020 geschlossen.<br \/>Bitte nutzen Sie unsere telefonische Beratung in unserem B\u00fcro in Aachen T: 0049 241 568610 oder unsere Online-Anfrage <a href=\"https:\/\/grenzinfo.eu\/emra\/anfrage\/\">hier&gt;&gt;<\/a><\/p>\t\t\t\t\t\t\t\t<\/div>\n\t\t\t\t<\/div>\n\t\t\t\t\t<\/div>\n\t\t<\/div>\n\t\t\t\t\t<\/div>\n\t\t<\/section>\n\t\t\t\t<\/div>\n\t\t","protected":false},"excerpt":{"rendered":"<p>Aufgrund der aktuellen Situation in Zusammenhang mit dem Corona Virus sowie der \u00f6ffentlichen Empfehlungen (sowohl in Deutschland als auch in Belgien und den Niederlanden) k\u00f6nnen wir Ihnen momentan keine pers\u00f6nlichen Beratungstermine anbieten. Unser B\u00fcro im Eurode Business Center bleibt deshalb bis zum 19.4.2020 geschlossen.Bitte nutzen Sie unsere telefonische Beratung in unserem B\u00fcro in Aachen T: [&hellip;]<\/p>\n","protected":false},"author":2,"featured_media":0,"comment_status":"closed","ping_status":"closed","sticky":false,"template":"","format":"standard","meta":{"_acf_changed":false,"footnotes":""},"categories":[1],"tags":[],"class_list":["post-10964","post","type-post","status-publish","format-standard","hentry","category-news"],"acf":[],"lang":"de","translations":{"de":10964},"pll_sync_post":[],"_links":{"self":[{"href":"https:\/\/grenzinfo.eu\/emra\/wp-json\/wp\/v2\/posts\/10964","targetHints":{"allow":["GET"]}}],"collection":[{"href":"https:\/\/grenzinfo.eu\/emra\/wp-json\/wp\/v2\/posts"}],"about":[{"href":"https:\/\/grenzinfo.eu\/emra\/wp-json\/wp\/v2\/types\/post"}],"author":[{"embeddable":true,"href":"https:\/\/grenzinfo.eu\/emra\/wp-json\/wp\/v2\/users\/2"}],"replies":[{"embeddable":true,"href":"https:\/\/grenzinfo.eu\/emra\/wp-json\/wp\/v2\/comments?post=10964"}],"version-history":[{"count":0,"href":"https:\/\/grenzinfo.eu\/emra\/wp-json\/wp\/v2\/posts\/10964\/revisions"}],"wp:attachment":[{"href":"https:\/\/grenzinfo.eu\/emra\/wp-json\/wp\/v2\/media?parent=10964"}],"wp:term":[{"taxonomy":"category","embeddable":true,"href":"https:\/\/grenzinfo.eu\/emra\/wp-json\/wp\/v2\/categories?post=10964"},{"taxonomy":"post_tag","embeddable":true,"href":"https:\/\/grenzinfo.eu\/emra\/wp-json\/wp\/v2\/tags?post=10964"}],"curies":[{"name":"wp","href":"https:\/\/api.w.org\/{rel}","templated":true}]}}