{"id":11870,"date":"2020-10-09T18:37:35","date_gmt":"2020-10-09T16:37:35","guid":{"rendered":"https:\/\/grenzinfo.eu\/emra\/?p=11870"},"modified":"2020-10-09T18:37:35","modified_gmt":"2020-10-09T16:37:35","slug":"staedteregion-aachen-stellt-meldeformular-fuer-grenzpendler-online","status":"publish","type":"post","link":"https:\/\/grenzinfo.eu\/emra\/staedteregion-aachen-stellt-meldeformular-fuer-grenzpendler-online\/","title":{"rendered":"St\u00e4dteRegion Aachen stellt Meldeformular f\u00fcr Grenzpendler online"},"content":{"rendered":"<p>Grenzpendler, die regelm\u00e4\u00dfig in das Gebiet der St\u00e4dteRegion Aachen einreisen, m\u00fcssen sich gem\u00e4\u00df der Coronaschutzverordnung einmalig beim \u00f6rtlichen Gesundheitsamt melden.<\/p>\n<p>Das gilt f\u00fcr Menschen, die t\u00e4glich oder f\u00fcr bis zu f\u00fcnf Tage zwingend notwendig und unaufschiebbar die Grenze zum Arbeiten, f\u00fcr den Besuch der Schule, der Universit\u00e4t oder aus medizinischen Gr\u00fcnden \u00fcberqueren.<\/p>\n<p>Das Gesundheitsamt der St\u00e4dteRegion Aachen hat f\u00fcr diesen Zweck ein Meldeformular f\u00fcr Grenzpendler online gestellt, das einmalig auszuf\u00fcllen ist:\u00a0 <a href=\"https:\/\/www.staedteregion-aachen.de\/grenzpendler\" target=\"_blank\" rel=\"noopener noreferrer\">https:\/\/www.staedteregion-aachen.de\/grenzpendler<\/a><\/p>\n<p>Auf dieser Seite finden Sie auch eine Auflistung der weiteren betroffenen Personenkreise.<\/p>\n<p>Mehr Informationen \u00fcber die derzeitigen Regelungen in der St\u00e4dteRegion Aachen finden Sie <a href=\"https:\/\/www.staedteregion-aachen.de\/de\/navigation\/aemter\/oeffentlichkeitsarbeit-s-13\/aktuelles\/pressemitteilungen\/aktuelle-pressemitteilungen\/coronavirus\/\" target=\"_blank\" rel=\"noopener noreferrer\">hier&gt;&gt;<\/a><\/p>\n<p>&nbsp;<\/p>\n","protected":false},"excerpt":{"rendered":"<p>Grenzpendler, die regelm\u00e4\u00dfig in das Gebiet der St\u00e4dteRegion Aachen einreisen, m\u00fcssen sich gem\u00e4\u00df der Coronaschutzverordnung einmalig beim \u00f6rtlichen Gesundheitsamt melden. Das gilt f\u00fcr Menschen, die t\u00e4glich oder f\u00fcr bis zu f\u00fcnf Tage zwingend notwendig und unaufschiebbar die Grenze zum Arbeiten, f\u00fcr den Besuch der Schule, der Universit\u00e4t oder aus medizinischen Gr\u00fcnden \u00fcberqueren. Das Gesundheitsamt der [&hellip;]<\/p>\n","protected":false},"author":2,"featured_media":11871,"comment_status":"closed","ping_status":"closed","sticky":false,"template":"","format":"standard","meta":{"_acf_changed":false,"footnotes":""},"categories":[1],"tags":[],"class_list":["post-11870","post","type-post","status-publish","format-standard","has-post-thumbnail","hentry","category-news"],"acf":[],"lang":"de","translations":{"de":11870,"nl":11873},"pll_sync_post":[],"_links":{"self":[{"href":"https:\/\/grenzinfo.eu\/emra\/wp-json\/wp\/v2\/posts\/11870","targetHints":{"allow":["GET"]}}],"collection":[{"href":"https:\/\/grenzinfo.eu\/emra\/wp-json\/wp\/v2\/posts"}],"about":[{"href":"https:\/\/grenzinfo.eu\/emra\/wp-json\/wp\/v2\/types\/post"}],"author":[{"embeddable":true,"href":"https:\/\/grenzinfo.eu\/emra\/wp-json\/wp\/v2\/users\/2"}],"replies":[{"embeddable":true,"href":"https:\/\/grenzinfo.eu\/emra\/wp-json\/wp\/v2\/comments?post=11870"}],"version-history":[{"count":0,"href":"https:\/\/grenzinfo.eu\/emra\/wp-json\/wp\/v2\/posts\/11870\/revisions"}],"wp:featuredmedia":[{"embeddable":true,"href":"https:\/\/grenzinfo.eu\/emra\/wp-json\/wp\/v2\/media\/11871"}],"wp:attachment":[{"href":"https:\/\/grenzinfo.eu\/emra\/wp-json\/wp\/v2\/media?parent=11870"}],"wp:term":[{"taxonomy":"category","embeddable":true,"href":"https:\/\/grenzinfo.eu\/emra\/wp-json\/wp\/v2\/categories?post=11870"},{"taxonomy":"post_tag","embeddable":true,"href":"https:\/\/grenzinfo.eu\/emra\/wp-json\/wp\/v2\/tags?post=11870"}],"curies":[{"name":"wp","href":"https:\/\/api.w.org\/{rel}","templated":true}]}}