{"id":12274,"date":"2021-02-16T15:49:54","date_gmt":"2021-02-16T14:49:54","guid":{"rendered":"https:\/\/grenzinfo.eu\/emra\/?p=12274"},"modified":"2021-02-16T15:51:02","modified_gmt":"2021-02-16T14:51:02","slug":"auslandspraktika-in-der-euregio-maas-rhein","status":"publish","type":"post","link":"https:\/\/grenzinfo.eu\/emra\/auslandspraktika-in-der-euregio-maas-rhein\/","title":{"rendered":"Auslandspraktika in der EUREGIO Maas-Rhein"},"content":{"rendered":"<p>Es bedarf Engagement und systematischen Vorgehens, um ein Auslandspraktikum mit all seinen Facetten zu planen. Bereits dies stellt eine anerkennenswerte Leistung dar. Die zur gr\u00fcndlichen Vorbereitung erforderlichen Informationen liegen recht verstreut vor. Daher stellt diese Brosch\u00fcre zusammen, welche Aspekte du f\u00fcr dein Vorhaben ber\u00fccksichtigen musst. Sie nennt dir Anlaufstellen in der Region, die dich kompetent zu einem geplanten Auslandspraktikum in der EMR beraten und dich weiterf\u00fchrend informieren. Dies erleichtert es dir, dein Auslandspraktikum in der Euregio Maas-Rhein zu planen. Zum Beispiel erf\u00e4hrst du, welche F\u00f6rderm\u00f6glichkeiten es f\u00fcr ein grenz\u00fcberschreitendes Praktikum gibt und wo du nach einer Praktikumsstelle in der EMR recherchieren kannst. Auch gibt die Brosch\u00fcre Tipps f\u00fcr deine Bewerbung, die Suche nach einer Unterkunft im Gastland und zeigt, worauf du f\u00fcr die Anerkennung deiner Leistung durch deine Hochschule achten musst.<br \/>\nOb freiwilliges oder Pflichtpraktikum: Die Region Aachen w\u00fcnscht Dir ein erfolgreiches Auslandspraktikum in der Euregio Maas-Rhein und einen gro\u00dfen pers\u00f6nlichen Gewinn durch diese Erfahrung!<\/p>\n<p><a href=\"https:\/\/explorer.grenzinfo.eu\/get\/?ref=417\" target=\"_blank\" rel=\"noopener\">Download der Brosch\u00fcre<\/a><\/p>\n","protected":false},"excerpt":{"rendered":"<p>Es bedarf Engagement und systematischen Vorgehens, um ein Auslandspraktikum mit all seinen Facetten zu planen. Bereits dies stellt eine anerkennenswerte Leistung dar. Die zur gr\u00fcndlichen Vorbereitung erforderlichen Informationen liegen recht verstreut vor. Daher stellt diese Brosch\u00fcre zusammen, welche Aspekte du f\u00fcr dein Vorhaben ber\u00fccksichtigen musst. Sie nennt dir Anlaufstellen in der Region, die dich kompetent [&hellip;]<\/p>\n","protected":false},"author":2,"featured_media":0,"comment_status":"closed","ping_status":"closed","sticky":false,"template":"","format":"standard","meta":{"_acf_changed":false,"footnotes":""},"categories":[1],"tags":[],"class_list":["post-12274","post","type-post","status-publish","format-standard","hentry","category-news"],"acf":[],"lang":"de","translations":{"de":12274},"pll_sync_post":[],"_links":{"self":[{"href":"https:\/\/grenzinfo.eu\/emra\/wp-json\/wp\/v2\/posts\/12274","targetHints":{"allow":["GET"]}}],"collection":[{"href":"https:\/\/grenzinfo.eu\/emra\/wp-json\/wp\/v2\/posts"}],"about":[{"href":"https:\/\/grenzinfo.eu\/emra\/wp-json\/wp\/v2\/types\/post"}],"author":[{"embeddable":true,"href":"https:\/\/grenzinfo.eu\/emra\/wp-json\/wp\/v2\/users\/2"}],"replies":[{"embeddable":true,"href":"https:\/\/grenzinfo.eu\/emra\/wp-json\/wp\/v2\/comments?post=12274"}],"version-history":[{"count":0,"href":"https:\/\/grenzinfo.eu\/emra\/wp-json\/wp\/v2\/posts\/12274\/revisions"}],"wp:attachment":[{"href":"https:\/\/grenzinfo.eu\/emra\/wp-json\/wp\/v2\/media?parent=12274"}],"wp:term":[{"taxonomy":"category","embeddable":true,"href":"https:\/\/grenzinfo.eu\/emra\/wp-json\/wp\/v2\/categories?post=12274"},{"taxonomy":"post_tag","embeddable":true,"href":"https:\/\/grenzinfo.eu\/emra\/wp-json\/wp\/v2\/tags?post=12274"}],"curies":[{"name":"wp","href":"https:\/\/api.w.org\/{rel}","templated":true}]}}