{"id":1353,"date":"2017-09-06T11:37:09","date_gmt":"2017-09-06T09:37:09","guid":{"rendered":"https:\/\/grenzinfo.eu\/emra\/?p=1353\/"},"modified":"2017-09-06T11:37:09","modified_gmt":"2017-09-06T09:37:09","slug":"intensive-zusammenarbeit-der-grenzinfopunkte-gewerkschaften-und-arbeitsverwaltungen","status":"publish","type":"post","link":"https:\/\/grenzinfo.eu\/emra\/intensive-zusammenarbeit-der-grenzinfopunkte-gewerkschaften-und-arbeitsverwaltungen\/","title":{"rendered":"Intensive Zusammenarbeit der Grenzinfopunkte, Gewerkschaften und Arbeitsverwaltungen"},"content":{"rendered":"<p>Das 2. <em>GIP-Together<\/em> am 4. + 5.9. in Eupen bot den Beratern der GRENZINFOPUNKTE aus 8 Euregios und den EURES-Beratern der Arbeitsverwaltungen und Gewerkschaften der deutsch-belgisch-niederl\u00e4ndischen Grenzregion viel Diskussionsstoff und die M\u00f6glichkeit, die gute Zusammenarbeit zu intensivieren und auszubauen.<\/p>\n<p>Den Auftakt machte Dr. Werner Pfeil (MdL NRW), der mit dem Auszug aus dem NRW-Koalitionsvertrag zwischen CDU und FDP zur grenz\u00fcberschreitenden Zusammenarbeit ausf\u00fchrlich die zuk\u00fcnftige Europa- und Nachbarschaftspolitik des Landes NRW vorstellte.<\/p>\n<p>In einem dichten Programm wurden Probleme bei der grenz\u00fcberschreitenden Gesundheitsversorgung, der Arbeitnehmerfreiz\u00fcgigkeit und der fairen Mobilit\u00e4t dargestellt und diskutiert.<br \/>\nAuch der Bericht \u00fcber die\u00a0 hervorragend gestartete Arbeit des Service-Grenz\u00fcberschreitende-Arbeitsvermittlung im Eurode Business Center und der Ausblick auf konkrete Schritte zu einer Willkommenskultur in der Euregio Maas-Rhein und notwendige Schritte hin zum einem euregionalen Arbeitsmarkt sorgten f\u00fcr intensiven Gespr\u00e4chsstoff.<\/p>\n","protected":false},"excerpt":{"rendered":"<p>Das 2. GIP-Together am 4. + 5.9. in Eupen bot den Beratern der GRENZINFOPUNKTE aus 8 Euregios und den EURES-Beratern der Arbeitsverwaltungen und Gewerkschaften der deutsch-belgisch-niederl\u00e4ndischen Grenzregion viel Diskussionsstoff und die M\u00f6glichkeit, die gute Zusammenarbeit zu intensivieren und auszubauen. Den Auftakt machte Dr. Werner Pfeil (MdL NRW), der mit dem Auszug aus dem NRW-Koalitionsvertrag zwischen [&hellip;]<\/p>\n","protected":false},"author":2,"featured_media":1354,"comment_status":"closed","ping_status":"closed","sticky":false,"template":"","format":"standard","meta":{"_acf_changed":false,"footnotes":""},"categories":[1],"tags":[],"class_list":["post-1353","post","type-post","status-publish","format-standard","has-post-thumbnail","hentry","category-news"],"acf":[],"lang":"de","translations":{"de":1353},"pll_sync_post":[],"_links":{"self":[{"href":"https:\/\/grenzinfo.eu\/emra\/wp-json\/wp\/v2\/posts\/1353","targetHints":{"allow":["GET"]}}],"collection":[{"href":"https:\/\/grenzinfo.eu\/emra\/wp-json\/wp\/v2\/posts"}],"about":[{"href":"https:\/\/grenzinfo.eu\/emra\/wp-json\/wp\/v2\/types\/post"}],"author":[{"embeddable":true,"href":"https:\/\/grenzinfo.eu\/emra\/wp-json\/wp\/v2\/users\/2"}],"replies":[{"embeddable":true,"href":"https:\/\/grenzinfo.eu\/emra\/wp-json\/wp\/v2\/comments?post=1353"}],"version-history":[{"count":0,"href":"https:\/\/grenzinfo.eu\/emra\/wp-json\/wp\/v2\/posts\/1353\/revisions"}],"wp:featuredmedia":[{"embeddable":true,"href":"https:\/\/grenzinfo.eu\/emra\/wp-json\/wp\/v2\/media\/1354"}],"wp:attachment":[{"href":"https:\/\/grenzinfo.eu\/emra\/wp-json\/wp\/v2\/media?parent=1353"}],"wp:term":[{"taxonomy":"category","embeddable":true,"href":"https:\/\/grenzinfo.eu\/emra\/wp-json\/wp\/v2\/categories?post=1353"},{"taxonomy":"post_tag","embeddable":true,"href":"https:\/\/grenzinfo.eu\/emra\/wp-json\/wp\/v2\/tags?post=1353"}],"curies":[{"name":"wp","href":"https:\/\/api.w.org\/{rel}","templated":true}]}}