{"id":19542,"date":"2023-02-09T08:49:41","date_gmt":"2023-02-09T07:49:41","guid":{"rendered":"https:\/\/grenzinfo.eu\/emra\/?p=19542"},"modified":"2023-02-09T09:03:18","modified_gmt":"2023-02-09T08:03:18","slug":"rueckenwind-fuer-grenzgaengerinnen-weht-auch-aus-berlin","status":"publish","type":"post","link":"https:\/\/grenzinfo.eu\/emra\/rueckenwind-fuer-grenzgaengerinnen-weht-auch-aus-berlin\/","title":{"rendered":"R\u00fcckenwind f\u00fcr Grenzg\u00e4nger*innen weht auch aus Berlin"},"content":{"rendered":"<p><span style=\"font-family: 'Open Sans', sans-serif\">Wie k\u00f6nnen wir die Belange der Grenzg\u00e4nger*innen besser an die Politik herantragen? Wie k\u00f6nnen wir daf\u00fcr sorgen, dass sie bei Entscheidungen in Zukunft nicht vergessen werden?\u00a0Indem wir dar\u00fcber reden!<\/span><\/p>\n<p><span style=\"font-family: 'Open Sans', sans-serif\">Aus diesem Grund<\/span><span style=\"font-family: 'Open Sans', sans-serif\">\u00a0besuchte uns am 30. Januar 2023 die Bundestagsabgeordnete Catarina <\/span><span style=\"font-family: 'Open Sans', sans-serif\">dos<\/span><span style=\"font-family: 'Open Sans', sans-serif\"> Santos, um sich\u00a0vor Ort ein Bild der <\/span><span style=\"font-family: 'Open Sans', sans-serif\">Situation<\/span><span style=\"font-family: 'Open Sans', sans-serif\">\u00a0zu machen. Nachdem zun\u00e4chst <\/span><span style=\"font-family: 'Open Sans', sans-serif\">die<\/span><span style=\"font-family: 'Open Sans', sans-serif\"> Strukturen und Wirkungsweisen des GrenzInfoPunkt vorgestellt wurden, wurde es konkret. Heike Xhonneux (Leiterin GrenzInfoPunkt) stand Rede und Antwort zu den Problembereichen der Grenzg\u00e4nger*innen in der Euregio Maas-Rhein und dar\u00fcber hinaus. Dabei ging es um Schwierigkeiten bei den Themen Steuern und Sozialversicherung, speziell aber auch um aktuelle Ungleichbehandlungen im Grenzg\u00e4nger*innendasein z.B. beim Home-Office, bei Erwerbsminderung oder bestimmten Krankenzusatzversicherungen.<\/span><\/p>\n<p><span style=\"font-family: 'Open Sans', sans-serif\">Der intensive Austausch machte deutlich, dass <\/span><span style=\"font-family: 'Open Sans', sans-serif\">f\u00fcr<\/span><span style=\"font-family: 'Open Sans', sans-serif\">\u00a0Frau <\/span><span style=\"font-family: 'Open Sans', sans-serif\">dos<\/span><span style=\"font-family: 'Open Sans', sans-serif\"> Santos die Grenzlage und ihre Probleme vollkommen pr\u00e4sent sind \u2013 auch in Ihrer Funktion im Ausschuss f\u00fcr die Angelegenheiten der Europ\u00e4ischen Union. F\u00fcr die Zukunft sagte sie dem GrenzInfoPunkt viel R\u00fcckendeckung zu \u2013 und damit auch den Grenzg\u00e4nger*innen unserer Region und Euregio.\u201c<\/span><\/p>\n","protected":false},"excerpt":{"rendered":"<p>Am 30. Januar 2023 besuchte uns die Bundestagsabgeordnete Catarina dos Santos, um sich\u00a0vor Ort ein Bild der Situation der Grenzg\u00e4nger*innen\u00a0zu machen. Erfahren Sie mehr.<\/p>\n","protected":false},"author":32,"featured_media":19546,"comment_status":"closed","ping_status":"closed","sticky":false,"template":"","format":"standard","meta":{"_acf_changed":false,"footnotes":""},"categories":[1],"tags":[453,463,459,455,457,461],"class_list":["post-19542","post","type-post","status-publish","format-standard","has-post-thumbnail","hentry","category-news","tag-berlin","tag-bundestag","tag-dba","tag-dos-santos","tag-home-office","tag-region-aachen"],"acf":[],"lang":"de","translations":{"de":19542,"nl":19550,"en":19554},"pll_sync_post":[],"_links":{"self":[{"href":"https:\/\/grenzinfo.eu\/emra\/wp-json\/wp\/v2\/posts\/19542","targetHints":{"allow":["GET"]}}],"collection":[{"href":"https:\/\/grenzinfo.eu\/emra\/wp-json\/wp\/v2\/posts"}],"about":[{"href":"https:\/\/grenzinfo.eu\/emra\/wp-json\/wp\/v2\/types\/post"}],"author":[{"embeddable":true,"href":"https:\/\/grenzinfo.eu\/emra\/wp-json\/wp\/v2\/users\/32"}],"replies":[{"embeddable":true,"href":"https:\/\/grenzinfo.eu\/emra\/wp-json\/wp\/v2\/comments?post=19542"}],"version-history":[{"count":2,"href":"https:\/\/grenzinfo.eu\/emra\/wp-json\/wp\/v2\/posts\/19542\/revisions"}],"predecessor-version":[{"id":19544,"href":"https:\/\/grenzinfo.eu\/emra\/wp-json\/wp\/v2\/posts\/19542\/revisions\/19544"}],"wp:featuredmedia":[{"embeddable":true,"href":"https:\/\/grenzinfo.eu\/emra\/wp-json\/wp\/v2\/media\/19546"}],"wp:attachment":[{"href":"https:\/\/grenzinfo.eu\/emra\/wp-json\/wp\/v2\/media?parent=19542"}],"wp:term":[{"taxonomy":"category","embeddable":true,"href":"https:\/\/grenzinfo.eu\/emra\/wp-json\/wp\/v2\/categories?post=19542"},{"taxonomy":"post_tag","embeddable":true,"href":"https:\/\/grenzinfo.eu\/emra\/wp-json\/wp\/v2\/tags?post=19542"}],"curies":[{"name":"wp","href":"https:\/\/api.w.org\/{rel}","templated":true}]}}