{"id":2005,"date":"2018-02-05T17:38:02","date_gmt":"2018-02-05T16:38:02","guid":{"rendered":"https:\/\/grenzinfo.eu\/emra\/?p=2005"},"modified":"2018-02-05T17:38:02","modified_gmt":"2018-02-05T16:38:02","slug":"lights-on-human-resources-neues-personal-auf-karrieremessen-gewinnen-tipps-tricks-und-erfahrungsberichte","status":"publish","type":"post","link":"https:\/\/grenzinfo.eu\/emra\/lights-on-human-resources-neues-personal-auf-karrieremessen-gewinnen-tipps-tricks-und-erfahrungsberichte\/","title":{"rendered":"Lights on: Human Resources &#8211; Fachkr\u00e4fte auf Karrieremessen gewinnen &#8211; Tipps, Tricks und Erfahrungsberichte"},"content":{"rendered":"<p>Nachwuchskr\u00e4fte, Fachkr\u00e4fte und F\u00fchrungskr\u00e4fte gewinnen.<br \/>\nEine Informationsveranstaltung von \u201eLights on: Human Resources\u201c \u2013 dem Format f\u00fcr Personalmanagement rund um euregionale und internationale Fachkr\u00e4ftesicherung mit Themen zur euregionalen und internationalen Gewinnung und Bindung von Nachwuchs-, Fach- und F\u00fchrungskr\u00e4ften.<\/p>\n<p><strong>Dienstag, 20. Februar 2018, 17:00 \u2013 19:00 Uhr<\/strong><\/p>\n<p><strong>Caritas Betriebs- und Werkst\u00e4tten GmbH, Honigmannstra\u00dfe 8, 52146 W\u00fcrselen.<\/strong><\/p>\n<p>F\u00fcr den ersten Eindruck gibt es keine zweite Chance!<\/p>\n<p>Messeauftritte sind nach wie vor eine gute Gelegenheit f\u00fcr Unternehmen, mit potentiellen Mitarbeiterinnen und Mitarbeitern in Kontakt zu kommen. Ein erfolgreicher Messeauftritt beginnt dabei keineswegs erst am Messetag selbst, sondern schon mit einer sorgf\u00e4ltigen Planung vorab. Und auch die Nachbereitung einer Messe darf nicht aus den Augen gelassen werden. Sie sollten sich deshalb \u00fcberlegen, wie Sie auf ganzer Linie bei Ihrer Zielgruppe authentisch punkten k\u00f6nnen.<\/p>\n<p>Die Veranstaltung bietet die M\u00f6glichkeit durch Herrn J\u00f6rg Pfeiffer, <em>SoS Events \u2013 authentisch. actionreich. anders.,<\/em> Inspirationen aus der Praxis zu erhalten, damit der Effekt eines Messeauftritts nicht bereits am Tag selber verpufft.<\/p>\n<p>Die Veranstaltung ist Teil von \u201eLights on: Human Resources\u201c \u2013 dem Format f\u00fcr Personalmanagement rund um euregionale und internationale Fachkr\u00e4ftesicherung. Lights on: Human Resources erweitert unsere Personalmanagementveranstaltungen mit Themen zur euregionalen und internationalen Gewinnung und Bindung von Nachwuchs-, Fach- und F\u00fchrungskr\u00e4ften.<\/p>\n<p>Die Teilnahme ist kostenlos. Anmeldungen sind bis zum 13. Februar m\u00f6glich unter: <a href=\"mailto:info@regionaachen.de\">info@regionaachen.de<\/a>.<\/p>\n<p>Weitere Informationen zur Veranstaltungsreihe \u201ePersonal im Fokus\u201c finden Sie unter: <a href=\"http:\/\/regionaachen.de\/wp-content\/uploads\/2018\/01\/RegAG_Personal02_2018_online.pdf\">http:\/\/regionaachen.de\/wp-content\/uploads\/2018\/01\/RegAG_Personal02_2018_online.pdf<\/a><\/p>\n<p><u>\u00a0<\/u><u>Ihre Ansprechpartnerin:<\/u><\/p>\n<p><strong>Region Aachen \u2013 Zweckverband<\/strong><\/p>\n<p>Elke Breidenbach<\/p>\n<p>Dennewartstra\u00dfe 25-27, 52068 Aachen<\/p>\n<p>+49(0) 241\/963-1925<\/p>\n<p><a href=\"mailto:breidenbach@regionaachen.de\">breidenbach@regionaachen.de<\/a><\/p>\n<p>www.regionaachen.de<\/p>\n<p><a href=\"https:\/\/www.facebook.com\/regionaachen\">https:\/\/www.facebook.com\/regionaachen<\/a><\/p>\n","protected":false},"excerpt":{"rendered":"<p>Nachwuchskr\u00e4fte, Fachkr\u00e4fte und F\u00fchrungskr\u00e4fte gewinnen. Eine Informationsveranstaltung von \u201eLights on: Human Resources\u201c \u2013 dem Format f\u00fcr Personalmanagement rund um euregionale und internationale Fachkr\u00e4ftesicherung mit Themen zur euregionalen und internationalen Gewinnung und Bindung von Nachwuchs-, Fach- und F\u00fchrungskr\u00e4ften. Dienstag, 20. Februar 2018, 17:00 \u2013 19:00 Uhr Caritas Betriebs- und Werkst\u00e4tten GmbH, Honigmannstra\u00dfe 8, 52146 W\u00fcrselen. F\u00fcr [&hellip;]<\/p>\n","protected":false},"author":2,"featured_media":0,"comment_status":"closed","ping_status":"closed","sticky":false,"template":"","format":"standard","meta":{"_acf_changed":false,"footnotes":""},"categories":[1],"tags":[],"class_list":["post-2005","post","type-post","status-publish","format-standard","hentry","category-news"],"acf":[],"lang":"de","translations":{"de":2005},"pll_sync_post":[],"_links":{"self":[{"href":"https:\/\/grenzinfo.eu\/emra\/wp-json\/wp\/v2\/posts\/2005","targetHints":{"allow":["GET"]}}],"collection":[{"href":"https:\/\/grenzinfo.eu\/emra\/wp-json\/wp\/v2\/posts"}],"about":[{"href":"https:\/\/grenzinfo.eu\/emra\/wp-json\/wp\/v2\/types\/post"}],"author":[{"embeddable":true,"href":"https:\/\/grenzinfo.eu\/emra\/wp-json\/wp\/v2\/users\/2"}],"replies":[{"embeddable":true,"href":"https:\/\/grenzinfo.eu\/emra\/wp-json\/wp\/v2\/comments?post=2005"}],"version-history":[{"count":0,"href":"https:\/\/grenzinfo.eu\/emra\/wp-json\/wp\/v2\/posts\/2005\/revisions"}],"wp:attachment":[{"href":"https:\/\/grenzinfo.eu\/emra\/wp-json\/wp\/v2\/media?parent=2005"}],"wp:term":[{"taxonomy":"category","embeddable":true,"href":"https:\/\/grenzinfo.eu\/emra\/wp-json\/wp\/v2\/categories?post=2005"},{"taxonomy":"post_tag","embeddable":true,"href":"https:\/\/grenzinfo.eu\/emra\/wp-json\/wp\/v2\/tags?post=2005"}],"curies":[{"name":"wp","href":"https:\/\/api.w.org\/{rel}","templated":true}]}}