{"id":2251,"date":"2018-04-17T09:52:12","date_gmt":"2018-04-17T07:52:12","guid":{"rendered":"https:\/\/grenzinfo.eu\/emra\/?p=2251"},"modified":"2018-04-17T09:52:12","modified_gmt":"2018-04-17T07:52:12","slug":"grenznetztreffen-in-eupen","status":"publish","type":"post","link":"https:\/\/grenzinfo.eu\/emra\/grenznetztreffen-in-eupen\/","title":{"rendered":"Grenznetztreffen in Eupen"},"content":{"rendered":"<p>Probleme von Grenzg\u00e4ngern juristisch analysieren und m\u00f6gliche gemeinsame L\u00f6sungswege erarbeiten \u2013 Sachverst\u00e4ndige aus 7 Euregios treffen sich zweimal im Jahr, um sich dieser Aufgabe zu stellen.<\/p>\n<p>Am 12. + 13.4. fand das Fr\u00fchjahrstreffen der GRENZNETZ-Gruppe in der Euregio Maas-Rhein, im Ministerium der Deutschsprachigen Gemeinschaft in Eupen statt. Der Grenzinfopunkt Aachen-Eurode hatte Experten aus der Region Sonderjylland-Schleswig, der Euregio Gronau, der Euregio Rhein Maas-Nord, der Infobesten Vogelgr\u00fcn-Breisach und Kehl-Strasbourg, MOSA Forbach sowie der Task Force Grenzg\u00e4nger und der Arbeitskammer Saarland eingeladen. In intensiven Diskussionen fand ein wertvoller Erfahrungsaustausch statt, der in den Alltag der Grenzg\u00e4ngerberatung einflie\u00dfen wird.<\/p>\n","protected":false},"excerpt":{"rendered":"<p>Probleme von Grenzg\u00e4ngern juristisch analysieren und m\u00f6gliche gemeinsame L\u00f6sungswege erarbeiten \u2013 Sachverst\u00e4ndige aus 7 Euregios treffen sich zweimal im Jahr, um sich dieser Aufgabe zu stellen. Am 12. + 13.4. fand das Fr\u00fchjahrstreffen der GRENZNETZ-Gruppe in der Euregio Maas-Rhein, im Ministerium der Deutschsprachigen Gemeinschaft in Eupen statt. Der Grenzinfopunkt Aachen-Eurode hatte Experten aus der Region [&hellip;]<\/p>\n","protected":false},"author":2,"featured_media":2252,"comment_status":"closed","ping_status":"closed","sticky":false,"template":"","format":"standard","meta":{"_acf_changed":false,"footnotes":""},"categories":[1],"tags":[],"class_list":["post-2251","post","type-post","status-publish","format-standard","has-post-thumbnail","hentry","category-news"],"acf":[],"lang":"de","translations":{"de":2251},"pll_sync_post":[],"_links":{"self":[{"href":"https:\/\/grenzinfo.eu\/emra\/wp-json\/wp\/v2\/posts\/2251","targetHints":{"allow":["GET"]}}],"collection":[{"href":"https:\/\/grenzinfo.eu\/emra\/wp-json\/wp\/v2\/posts"}],"about":[{"href":"https:\/\/grenzinfo.eu\/emra\/wp-json\/wp\/v2\/types\/post"}],"author":[{"embeddable":true,"href":"https:\/\/grenzinfo.eu\/emra\/wp-json\/wp\/v2\/users\/2"}],"replies":[{"embeddable":true,"href":"https:\/\/grenzinfo.eu\/emra\/wp-json\/wp\/v2\/comments?post=2251"}],"version-history":[{"count":0,"href":"https:\/\/grenzinfo.eu\/emra\/wp-json\/wp\/v2\/posts\/2251\/revisions"}],"wp:featuredmedia":[{"embeddable":true,"href":"https:\/\/grenzinfo.eu\/emra\/wp-json\/wp\/v2\/media\/2252"}],"wp:attachment":[{"href":"https:\/\/grenzinfo.eu\/emra\/wp-json\/wp\/v2\/media?parent=2251"}],"wp:term":[{"taxonomy":"category","embeddable":true,"href":"https:\/\/grenzinfo.eu\/emra\/wp-json\/wp\/v2\/categories?post=2251"},{"taxonomy":"post_tag","embeddable":true,"href":"https:\/\/grenzinfo.eu\/emra\/wp-json\/wp\/v2\/tags?post=2251"}],"curies":[{"name":"wp","href":"https:\/\/api.w.org\/{rel}","templated":true}]}}