{"id":2283,"date":"2018-06-10T20:55:55","date_gmt":"2018-06-10T18:55:55","guid":{"rendered":"https:\/\/grenzinfo.eu\/emra\/?p=2283"},"modified":"2018-06-10T20:55:55","modified_gmt":"2018-06-10T18:55:55","slug":"wir-begruessten-botschafter-wepke-kingma","status":"publish","type":"post","link":"https:\/\/grenzinfo.eu\/emra\/wir-begruessten-botschafter-wepke-kingma\/","title":{"rendered":"Wir begr\u00fc\u00dften Botschafter Wepke Kingma"},"content":{"rendered":"<p>Wepke Kingma, Botschafter des K\u00f6nigreichs der Niederlande in Deutschland und Hans van den Heuvel, Konsul des Niederl\u00e4ndischen Konsulats in D\u00fcsseldorf machten am 7.6.2018 in Begleitung von Prof. Dr. Christiane Vae\u00dfen, Honorarkonsulin der Niederlande und Gesch\u00e4ftsf\u00fchrerin der <em>region aachen, <\/em>Station im Eurode Business Center. Die Teams des <em>Grenzinfopunktes Aachen-Eurode<\/em> und des Service Grenz\u00fcberschreitende Arbeitsvermittlung &#8211; <em>Grenzarbeit<\/em> vermittelten anschaulich die Zusammenarbeit der beiden Einrichtungen.<br \/>\nDer sogenannte One-Stop-Shop hat sich hier bereits bew\u00e4hrt. Wer sich f\u00fcr eine Arbeitsstelle im Nachbarland Deutschland oder Niederlande interessiert, erh\u00e4lt unter einem Dach Beratung und Hilfe bei der grenz\u00fcberschreitenden Arbeitsaufnahme.<\/p>\n<p>&nbsp;<\/p>\n","protected":false},"excerpt":{"rendered":"<p>Wepke Kingma, Botschafter des K\u00f6nigreichs der Niederlande in Deutschland und Hans van den Heuvel, Konsul des Niederl\u00e4ndischen Konsulats in D\u00fcsseldorf machten am 7.6.2018 in Begleitung von Prof. Dr. Christiane Vae\u00dfen, Honorarkonsulin der Niederlande und Gesch\u00e4ftsf\u00fchrerin der region aachen, Station im Eurode Business Center. Die Teams des Grenzinfopunktes Aachen-Eurode und des Service Grenz\u00fcberschreitende Arbeitsvermittlung &#8211; Grenzarbeit [&hellip;]<\/p>\n","protected":false},"author":2,"featured_media":2280,"comment_status":"closed","ping_status":"closed","sticky":false,"template":"","format":"standard","meta":{"_acf_changed":false,"footnotes":""},"categories":[1],"tags":[],"class_list":["post-2283","post","type-post","status-publish","format-standard","has-post-thumbnail","hentry","category-news"],"acf":[],"lang":"de","translations":{"de":2283},"pll_sync_post":[],"_links":{"self":[{"href":"https:\/\/grenzinfo.eu\/emra\/wp-json\/wp\/v2\/posts\/2283","targetHints":{"allow":["GET"]}}],"collection":[{"href":"https:\/\/grenzinfo.eu\/emra\/wp-json\/wp\/v2\/posts"}],"about":[{"href":"https:\/\/grenzinfo.eu\/emra\/wp-json\/wp\/v2\/types\/post"}],"author":[{"embeddable":true,"href":"https:\/\/grenzinfo.eu\/emra\/wp-json\/wp\/v2\/users\/2"}],"replies":[{"embeddable":true,"href":"https:\/\/grenzinfo.eu\/emra\/wp-json\/wp\/v2\/comments?post=2283"}],"version-history":[{"count":0,"href":"https:\/\/grenzinfo.eu\/emra\/wp-json\/wp\/v2\/posts\/2283\/revisions"}],"wp:featuredmedia":[{"embeddable":true,"href":"https:\/\/grenzinfo.eu\/emra\/wp-json\/wp\/v2\/media\/2280"}],"wp:attachment":[{"href":"https:\/\/grenzinfo.eu\/emra\/wp-json\/wp\/v2\/media?parent=2283"}],"wp:term":[{"taxonomy":"category","embeddable":true,"href":"https:\/\/grenzinfo.eu\/emra\/wp-json\/wp\/v2\/categories?post=2283"},{"taxonomy":"post_tag","embeddable":true,"href":"https:\/\/grenzinfo.eu\/emra\/wp-json\/wp\/v2\/tags?post=2283"}],"curies":[{"name":"wp","href":"https:\/\/api.w.org\/{rel}","templated":true}]}}