{"id":39561,"date":"2026-09-04T09:00:49","date_gmt":"2026-09-04T07:00:49","guid":{"rendered":"https:\/\/grenzinfo.eu\/emra\/?p=39561"},"modified":"2026-09-04T13:53:20","modified_gmt":"2026-09-04T11:53:20","slug":"quarterly-briefing-niederlande-back-to-work-ihk-online-seminar-am-8-september-2026","status":"publish","type":"post","link":"https:\/\/grenzinfo.eu\/emra\/quarterly-briefing-niederlande-back-to-work-ihk-online-seminar-am-8-september-2026\/","title":{"rendered":"Quarterly Briefing Niederlande: Back To Work \u2013 IHK Online-Seminar am 8. September 2026"},"content":{"rendered":"<h2>Ihr digitales Update zu Wirtschaftstrends und Gesch\u00e4ftschancen<\/h2>\n<p>Die IHK Aachen setzt ihre erfolgreiche Zusammenarbeit mit der Deutsch-Niederl\u00e4ndischen Handelskammer (DNHK) fort. Mit dem \u201eQuarterly Briefing\u201c erwartet Sie ein kompaktes, digitales Format, das Sie viermal j\u00e4hrlich \u00fcber aktuelle Entwicklungen, Trends und Gesch\u00e4ftschancen in den Niederlanden informiert.<\/p>\n<h3>Was k\u00f6nnen Sie erwarten?<\/h3>\n<p>Im moderierten Gespr\u00e4chsformat werden die aktuellen Wirtschaftsthemen, die beide L\u00e4nder bewegen, von einem strategischen Kenner des niederl\u00e4ndischen Marktes beleuchtet. Diese branchen\u00fcbergreifenden Erkenntnisse liefern wertvolle Impulse f\u00fcr alle Unternehmen, die das wirtschaftliche Potenzial der Niederlande f\u00fcr sich entdecken oder besser nutzen wollen.<\/p>\n<p>In diesem 60-min\u00fctigen Webinar analysiert G\u00fcnter G\u00fclker, Gesch\u00e4ftsf\u00fchrer der Deutsch-Niederl\u00e4ndischen Handelskammer, f\u00fcr Sie unter anderem die folgenden Themen:<\/p>\n<ul>\n<li>Neue Industriepolitik: Welche Absatzm\u00e4rkte entstehen aus den sechs Schl\u00fcsselm\u00e4rkten f\u00fcr deutsche Unternehmen?<\/li>\n<li>Verteidigungsbudget: 13,4 Milliarden Euro \u2013 wie profitieren Aachener Unternehmen von der 50 Prozent-Europa-Quote?<\/li>\n<li>Digitale Pflege: Was er\u00f6ffnet der Wegweiser der <em>Zorgautoriteit<\/em> f\u00fcr Digital-Health-Anbieter?<\/li>\n<li>Wohnakkord: 100.000 neue Wohnungen pro Jahr \u2013 welche Nachfrage entsteht f\u00fcr Bau, Haustechnik und Planung?<\/li>\n<\/ul>\n<h3>Ihr Mehrwert als Teilnehmer<\/h3>\n<ul>\n<li><strong>Interaktivit\u00e4t:<\/strong> Sie haben die M\u00f6glichkeit, bereits im Vorfeld des Webinars Ihre spezifischen Fragen einzureichen.<\/li>\n<li><strong>Informationsvorsprung:<\/strong> Sie starten informiert und gut vernetzt in das dritte Quartal.<\/li>\n<li><strong>Exklusiver Dialog:<\/strong> Sie sind Teil einer dynamischen Unterhaltung zwischen dem Experten und der Moderationsleitung.<\/li>\n<\/ul>\n<h3>F\u00fcr wen ist das Webinar interessant?<\/h3>\n<ul>\n<li>Alle, die den Einstieg in den niederl\u00e4ndischen Markt planen und erste Einblicke gewinnen m\u00f6chten.<\/li>\n<li>Unternehmen, die ihre bestehenden Gesch\u00e4ftsbeziehungen in den Niederlanden ausbauen und vertiefen wollen.<\/li>\n<li>Interessierte, die sich einen schnellen \u00dcberblick \u00fcber die aktuelle wirtschaftliche Entwicklung im Nachbarland verschaffen m\u00f6chten.<\/li>\n<\/ul>\n<h3>Praktische Informationen im \u00dcberblick<\/h3>\n<p>Wann:\u00a0 \u00a0 \u00a0 \u00a0 \u00a0 \u00a0 \u00a0 \u00a0 8. September 2026<\/p>\n<p>Uhrzeit:\u00a0 \u00a0 \u00a0 \u00a0 \u00a0 \u00a0 \u00a012:00 bis 13:00 Uhr<\/p>\n<p>Format:\u00a0 \u00a0 \u00a0 \u00a0 \u00a0 \u00a0 \u00a0Online-Webinar MS-Teams<\/p>\n<p>Sprache:\u00a0 \u00a0 \u00a0 \u00a0 \u00a0 \u00a0 Deutsch<\/p>\n<p>Kosten:\u00a0 \u00a0 \u00a0 \u00a0 \u00a0 \u00a0 \u00a0 Die Teilnahme ist kostenfrei.<\/p>\n<p>Ein gemeinsames Angebot der IHKs Aachen, Mittlerer Niederrhein, Duisburg-Wesel-Kleve, Nord Westfalen und der Deutsch-Niederl\u00e4ndischen Handelskammer.<\/p>\n<h3>Anmeldung:<\/h3>\n<p><strong><a href=\"https:\/\/www.ihk.de\/aachen\/international\/aussenhandelsmaerkte\/niederlande\/quarterly-briefing-niederlande-7096234\" data-auth=\"NotApplicable\">https:\/\/www.ihk.de\/aachen\/international\/aussenhandelsmaerkte\/niederlande\/quarterly-briefing-niederlande-7096234<\/a><\/strong><\/p>\n","protected":false},"excerpt":{"rendered":"<p>Ihr digitales Update zu Wirtschaftstrends und Gesch\u00e4ftschancen Die IHK Aachen setzt ihre erfolgreiche Zusammenarbeit mit der Deutsch-Niederl\u00e4ndischen Handelskammer (DNHK) fort. Mit dem \u201eQuarterly Briefing\u201c erwartet Sie ein kompaktes, digitales Format, das Sie viermal j\u00e4hrlich \u00fcber aktuelle Entwicklungen, Trends und Gesch\u00e4ftschancen in den Niederlanden informiert. Was k\u00f6nnen Sie erwarten? Im moderierten Gespr\u00e4chsformat werden die aktuellen Wirtschaftsthemen, [&hellip;]<\/p>\n","protected":false},"author":70,"featured_media":10112,"comment_status":"closed","ping_status":"closed","sticky":false,"template":"","format":"standard","meta":{"_acf_changed":false,"footnotes":""},"categories":[1350,28],"tags":[1352],"class_list":["post-39561","post","type-post","status-publish","format-standard","has-post-thumbnail","hentry","category-angebot-unseres-partners","category-unternehmen","tag-angebot-unseres-partners"],"acf":[],"lang":"de","translations":{"de":39561,"nl":39576,"en":39567},"pll_sync_post":{},"_links":{"self":[{"href":"https:\/\/grenzinfo.eu\/emra\/wp-json\/wp\/v2\/posts\/39561","targetHints":{"allow":["GET"]}}],"collection":[{"href":"https:\/\/grenzinfo.eu\/emra\/wp-json\/wp\/v2\/posts"}],"about":[{"href":"https:\/\/grenzinfo.eu\/emra\/wp-json\/wp\/v2\/types\/post"}],"author":[{"embeddable":true,"href":"https:\/\/grenzinfo.eu\/emra\/wp-json\/wp\/v2\/users\/70"}],"replies":[{"embeddable":true,"href":"https:\/\/grenzinfo.eu\/emra\/wp-json\/wp\/v2\/comments?post=39561"}],"version-history":[{"count":6,"href":"https:\/\/grenzinfo.eu\/emra\/wp-json\/wp\/v2\/posts\/39561\/revisions"}],"predecessor-version":[{"id":39582,"href":"https:\/\/grenzinfo.eu\/emra\/wp-json\/wp\/v2\/posts\/39561\/revisions\/39582"}],"wp:featuredmedia":[{"embeddable":true,"href":"https:\/\/grenzinfo.eu\/emra\/wp-json\/wp\/v2\/media\/10112"}],"wp:attachment":[{"href":"https:\/\/grenzinfo.eu\/emra\/wp-json\/wp\/v2\/media?parent=39561"}],"wp:term":[{"taxonomy":"category","embeddable":true,"href":"https:\/\/grenzinfo.eu\/emra\/wp-json\/wp\/v2\/categories?post=39561"},{"taxonomy":"post_tag","embeddable":true,"href":"https:\/\/grenzinfo.eu\/emra\/wp-json\/wp\/v2\/tags?post=39561"}],"curies":[{"name":"wp","href":"https:\/\/api.w.org\/{rel}","templated":true}]}}