{"id":721,"date":"2017-03-17T10:31:08","date_gmt":"2017-03-17T09:31:08","guid":{"rendered":"http:\/\/grenzinfo.eu\/emra\/?p=721\/"},"modified":"2017-03-17T10:31:08","modified_gmt":"2017-03-17T09:31:08","slug":"arbeiten-in-den-niederlanden-antworten-auf-30-fragen","status":"publish","type":"post","link":"https:\/\/grenzinfo.eu\/emra\/arbeiten-in-den-niederlanden-antworten-auf-30-fragen\/","title":{"rendered":"Arbeiten in den Niederlanden &#8211; Antworten auf 30 Fragen"},"content":{"rendered":"<p>Die deutsch-niederl\u00e4ndischen Grenzinfopunkte bieten eine deutschsprachige Brosch\u00fcre an, die 30 h\u00e4ufig gestellte Fragen zum Arbeiten in den Niederlanden beantwortet.<br \/>\nIn der Region Aachen erhalten Sie die Brosch\u00fcre beim Grenzinfopunkt Aachen-Eurode oder als kostenlosen <a href=\"https:\/\/grenzinfo.eu\/emra\/broschueren\/\">Download<\/a> .<br \/>\nPers\u00f6nliche Beratungen zu diesem Thema bietet der Grenzinfopunkt Aachen-Eurode auf den Deutsch-Niederl\u00e4ndischen Grenzg\u00e4ngersprechtagen an sowie nach vorheriger Terminvereinbarung in den B\u00fcros im B\u00fcrgerservice der Stadt Aachen und im Eurode Business Center, Herzogenrath \/ Kerkrade<\/p>\n","protected":false},"excerpt":{"rendered":"<p>Die deutsch-niederl\u00e4ndischen Grenzinfopunkte bieten eine deutschsprachige Brosch\u00fcre an, die 30 h\u00e4ufig gestellte Fragen zum Arbeiten in den Niederlanden beantwortet. In der Region Aachen erhalten Sie die Brosch\u00fcre beim Grenzinfopunkt Aachen-Eurode oder als kostenlosen Download . Pers\u00f6nliche Beratungen zu diesem Thema bietet der Grenzinfopunkt Aachen-Eurode auf den Deutsch-Niederl\u00e4ndischen Grenzg\u00e4ngersprechtagen an sowie nach vorheriger Terminvereinbarung in den [&hellip;]<\/p>\n","protected":false},"author":2,"featured_media":0,"comment_status":"closed","ping_status":"closed","sticky":false,"template":"","format":"standard","meta":{"_acf_changed":false,"footnotes":""},"categories":[1],"tags":[],"class_list":["post-721","post","type-post","status-publish","format-standard","hentry","category-news"],"acf":[],"lang":"de","translations":{"de":721,"nl":741},"pll_sync_post":[],"_links":{"self":[{"href":"https:\/\/grenzinfo.eu\/emra\/wp-json\/wp\/v2\/posts\/721","targetHints":{"allow":["GET"]}}],"collection":[{"href":"https:\/\/grenzinfo.eu\/emra\/wp-json\/wp\/v2\/posts"}],"about":[{"href":"https:\/\/grenzinfo.eu\/emra\/wp-json\/wp\/v2\/types\/post"}],"author":[{"embeddable":true,"href":"https:\/\/grenzinfo.eu\/emra\/wp-json\/wp\/v2\/users\/2"}],"replies":[{"embeddable":true,"href":"https:\/\/grenzinfo.eu\/emra\/wp-json\/wp\/v2\/comments?post=721"}],"version-history":[{"count":0,"href":"https:\/\/grenzinfo.eu\/emra\/wp-json\/wp\/v2\/posts\/721\/revisions"}],"wp:attachment":[{"href":"https:\/\/grenzinfo.eu\/emra\/wp-json\/wp\/v2\/media?parent=721"}],"wp:term":[{"taxonomy":"category","embeddable":true,"href":"https:\/\/grenzinfo.eu\/emra\/wp-json\/wp\/v2\/categories?post=721"},{"taxonomy":"post_tag","embeddable":true,"href":"https:\/\/grenzinfo.eu\/emra\/wp-json\/wp\/v2\/tags?post=721"}],"curies":[{"name":"wp","href":"https:\/\/api.w.org\/{rel}","templated":true}]}}