{"id":10371,"date":"2019-04-03T17:09:24","date_gmt":"2019-04-03T15:09:24","guid":{"rendered":"https:\/\/grenzinfo.eu\/erw\/?p=10371"},"modified":"2019-04-04T14:57:02","modified_gmt":"2019-04-04T12:57:02","slug":"noch-ein-beitrag","status":"publish","type":"post","link":"https:\/\/grenzinfo.eu\/erw\/noch-ein-beitrag\/","title":{"rendered":"F\u00fcnf Prozent der Arbeitnehmer S\u00fcdlimburgs aus den Nachbarl\u00e4ndern"},"content":{"rendered":"<p>S\u00fcdlimburg ist die niederl\u00e4ndische Region mit dem h\u00f6chsten Anteil an Arbeitnehmern, die in Deutschland oder Belgien leben. Im Jahr 2016 waren es mehr als f\u00fcnf Prozent. Das zeigen neue Zahlen des CBS (Centraal Bureau voor de Statistiek) und der statistischen Landes\u00e4mter in Nordrhein-Westfalen und Niedersachsen.<\/p>\n<p>Die Zahl der Arbeitnehmer, die 2016 aus Deutschland in die Niederlande kamen, um dort zu arbeiten, war deutlich h\u00f6her als die Zahl derer, die in die entgegengesetzte Richtung pendelten. Aus Deutschland \u00fcberquerten 36.800 Arbeitnehmer die Grenze f\u00fcr ihre Arbeit in den Niederlanden. Aus den Niederlanden waren fast 10.000 Arbeitnehmer in Niedersachsen oder Nordrhein-Westfalen t\u00e4tig.<\/p>\n<p><strong>Nord-Limburg hat den gr\u00f6\u00dften Anteil an Arbeitnehmern aus Deutschland<\/strong><\/p>\n<p>Im Norden Limburgs kamen mehr als drei Prozent der Arbeitnehmer aus Deutschland. In den Regionen Twente, Achterhoek, Arnheim\/Nimwegen, Midden- und S\u00fcdlimburg lagen die Werte 2016 zwischen einem und zwei Prozent. Dieser Prozentsatz war in den Regionen auf der anderen Seite der Grenze geringer.<\/p>\n<p><strong>Viele Pendler mit niederl\u00e4ndischer Staatsangeh\u00f6rigkeit<\/strong><\/p>\n<p>Aufgrund der Kombination niederl\u00e4ndischer und deutscher Daten ist es m\u00f6glich, die Nationalit\u00e4t der Grenzg\u00e4nger zu bestimmen. An der Ostgrenze der Niederlande im S\u00fcdosten von Drenthe, Twente und der Achterhoek hat die Mehrheit der einreisenden Pendler die niederl\u00e4ndische Staatsangeh\u00f6rigkeit. In Nord-Limburg, S\u00fcdlimburg und Arnheim\/Nimwegen haben die meisten einreisenden Arbeitnehmer die deutsche Staatsangeh\u00f6rigkeit. Das sind die \u201eklassischen Grenzg\u00e4nger\u201c.<\/p>\n<p>In einigen wenigen Regionen haben einige der ankommenden Pendler eine andere Nationalit\u00e4t als die des Wohn- oder Besch\u00e4ftigungslandes. In Nord-Limburg hat ein erheblicher Anteil der aus Deutschland einreisenden Pendler die polnische Staatsangeh\u00f6rigkeit. Dies gilt auch f\u00fcr die Region Achterhoek.<\/p>\n","protected":false},"excerpt":{"rendered":"<p>S\u00fcdlimburg ist die niederl\u00e4ndische Region mit dem h\u00f6chsten Anteil an Arbeitnehmern, die in Deutschland oder Belgien leben. Im Jahr 2016 waren es mehr als f\u00fcnf Prozent. Das zeigen neue Zahlen des CBS (Centraal Bureau voor de Statistiek) und der statistischen Landes\u00e4mter in Nordrhein-Westfalen und Niedersachsen. Die Zahl der Arbeitnehmer, die 2016 aus Deutschland in die [&hellip;]<\/p>\n","protected":false},"author":1,"featured_media":10537,"comment_status":"closed","ping_status":"closed","sticky":false,"template":"","format":"standard","meta":{"_acf_changed":false,"footnotes":""},"categories":[1],"tags":[],"class_list":["post-10371","post","type-post","status-publish","format-standard","has-post-thumbnail","hentry","category-news"],"acf":[],"yoast_head":"<!-- This site is optimized with the Yoast SEO plugin v27.5 - https:\/\/yoast.com\/product\/yoast-seo-wordpress\/ -->\n<title>F\u00fcnf Prozent der Arbeitnehmer S\u00fcdlimburgs aus den Nachbarl\u00e4ndern - Rhein-Waal<\/title>\n<meta name=\"robots\" content=\"index, follow, max-snippet:-1, max-image-preview:large, max-video-preview:-1\" \/>\n<link rel=\"canonical\" href=\"https:\/\/grenzinfo.eu\/erw\/noch-ein-beitrag\/\" \/>\n<meta property=\"og:locale\" content=\"de_DE\" \/>\n<meta property=\"og:type\" content=\"article\" \/>\n<meta property=\"og:title\" content=\"F\u00fcnf Prozent der Arbeitnehmer S\u00fcdlimburgs aus den Nachbarl\u00e4ndern - Rhein-Waal\" \/>\n<meta property=\"og:description\" content=\"S\u00fcdlimburg ist die niederl\u00e4ndische Region mit dem h\u00f6chsten Anteil an Arbeitnehmern, die in Deutschland oder Belgien leben. Im Jahr 2016 waren es mehr als f\u00fcnf Prozent. Das zeigen neue Zahlen des CBS (Centraal Bureau voor de Statistiek) und der statistischen Landes\u00e4mter in Nordrhein-Westfalen und Niedersachsen. Die Zahl der Arbeitnehmer, die 2016 aus Deutschland in die [&hellip;]\" \/>\n<meta property=\"og:url\" content=\"https:\/\/grenzinfo.eu\/erw\/noch-ein-beitrag\/\" \/>\n<meta property=\"og:site_name\" content=\"Rhein-Waal\" \/>\n<meta property=\"article:published_time\" content=\"2019-04-03T15:09:24+00:00\" \/>\n<meta property=\"article:modified_time\" content=\"2019-04-04T12:57:02+00:00\" \/>\n<meta property=\"og:image\" content=\"https:\/\/grenzinfo.eu\/erw\/wp-content\/uploads\/sites\/7\/2019\/02\/Ausfahrt-Schild.png\" \/>\n\t<meta property=\"og:image:width\" content=\"857\" \/>\n\t<meta property=\"og:image:height\" content=\"548\" \/>\n\t<meta property=\"og:image:type\" content=\"image\/png\" \/>\n<meta name=\"author\" content=\"gipadmin\" \/>\n<meta name=\"twitter:card\" content=\"summary_large_image\" \/>\n<meta name=\"twitter:label1\" content=\"Geschrieben von\" \/>\n\t<meta name=\"twitter:data1\" content=\"gipadmin\" \/>\n\t<meta name=\"twitter:label2\" content=\"Gesch\u00e4tzte Lesezeit\" \/>\n\t<meta name=\"twitter:data2\" content=\"1\u00a0Minute\" \/>\n<script type=\"application\/ld+json\" class=\"yoast-schema-graph\">{\"@context\":\"https:\\\/\\\/schema.org\",\"@graph\":[{\"@type\":\"Article\",\"@id\":\"https:\\\/\\\/grenzinfo.eu\\\/erw\\\/noch-ein-beitrag\\\/#article\",\"isPartOf\":{\"@id\":\"https:\\\/\\\/grenzinfo.eu\\\/erw\\\/noch-ein-beitrag\\\/\"},\"author\":{\"name\":\"gipadmin\",\"@id\":\"https:\\\/\\\/grenzinfo.eu\\\/erw\\\/#\\\/schema\\\/person\\\/9f458cb37563e7f9a229139f0ed29b91\"},\"headline\":\"F\u00fcnf Prozent der Arbeitnehmer S\u00fcdlimburgs aus den Nachbarl\u00e4ndern\",\"datePublished\":\"2019-04-03T15:09:24+00:00\",\"dateModified\":\"2019-04-04T12:57:02+00:00\",\"mainEntityOfPage\":{\"@id\":\"https:\\\/\\\/grenzinfo.eu\\\/erw\\\/noch-ein-beitrag\\\/\"},\"wordCount\":285,\"image\":{\"@id\":\"https:\\\/\\\/grenzinfo.eu\\\/erw\\\/noch-ein-beitrag\\\/#primaryimage\"},\"thumbnailUrl\":\"https:\\\/\\\/grenzinfo.eu\\\/erw\\\/wp-content\\\/uploads\\\/sites\\\/7\\\/2019\\\/02\\\/Ausfahrt-Schild.png\",\"articleSection\":[\"News\"],\"inLanguage\":\"de\"},{\"@type\":\"WebPage\",\"@id\":\"https:\\\/\\\/grenzinfo.eu\\\/erw\\\/noch-ein-beitrag\\\/\",\"url\":\"https:\\\/\\\/grenzinfo.eu\\\/erw\\\/noch-ein-beitrag\\\/\",\"name\":\"F\u00fcnf Prozent der Arbeitnehmer S\u00fcdlimburgs aus den Nachbarl\u00e4ndern - Rhein-Waal\",\"isPartOf\":{\"@id\":\"https:\\\/\\\/grenzinfo.eu\\\/erw\\\/#website\"},\"primaryImageOfPage\":{\"@id\":\"https:\\\/\\\/grenzinfo.eu\\\/erw\\\/noch-ein-beitrag\\\/#primaryimage\"},\"image\":{\"@id\":\"https:\\\/\\\/grenzinfo.eu\\\/erw\\\/noch-ein-beitrag\\\/#primaryimage\"},\"thumbnailUrl\":\"https:\\\/\\\/grenzinfo.eu\\\/erw\\\/wp-content\\\/uploads\\\/sites\\\/7\\\/2019\\\/02\\\/Ausfahrt-Schild.png\",\"datePublished\":\"2019-04-03T15:09:24+00:00\",\"dateModified\":\"2019-04-04T12:57:02+00:00\",\"author\":{\"@id\":\"https:\\\/\\\/grenzinfo.eu\\\/erw\\\/#\\\/schema\\\/person\\\/9f458cb37563e7f9a229139f0ed29b91\"},\"breadcrumb\":{\"@id\":\"https:\\\/\\\/grenzinfo.eu\\\/erw\\\/noch-ein-beitrag\\\/#breadcrumb\"},\"inLanguage\":\"de\",\"potentialAction\":[{\"@type\":\"ReadAction\",\"target\":[\"https:\\\/\\\/grenzinfo.eu\\\/erw\\\/noch-ein-beitrag\\\/\"]}]},{\"@type\":\"ImageObject\",\"inLanguage\":\"de\",\"@id\":\"https:\\\/\\\/grenzinfo.eu\\\/erw\\\/noch-ein-beitrag\\\/#primaryimage\",\"url\":\"https:\\\/\\\/grenzinfo.eu\\\/erw\\\/wp-content\\\/uploads\\\/sites\\\/7\\\/2019\\\/02\\\/Ausfahrt-Schild.png\",\"contentUrl\":\"https:\\\/\\\/grenzinfo.eu\\\/erw\\\/wp-content\\\/uploads\\\/sites\\\/7\\\/2019\\\/02\\\/Ausfahrt-Schild.png\",\"width\":857,\"height\":548},{\"@type\":\"BreadcrumbList\",\"@id\":\"https:\\\/\\\/grenzinfo.eu\\\/erw\\\/noch-ein-beitrag\\\/#breadcrumb\",\"itemListElement\":[{\"@type\":\"ListItem\",\"position\":1,\"name\":\"Home\",\"item\":\"https:\\\/\\\/grenzinfo.eu\\\/erw\\\/\"},{\"@type\":\"ListItem\",\"position\":2,\"name\":\"F\u00fcnf Prozent der Arbeitnehmer S\u00fcdlimburgs aus den Nachbarl\u00e4ndern\"}]},{\"@type\":\"WebSite\",\"@id\":\"https:\\\/\\\/grenzinfo.eu\\\/erw\\\/#website\",\"url\":\"https:\\\/\\\/grenzinfo.eu\\\/erw\\\/\",\"name\":\"Rhein-Waal\",\"description\":\"Grenzinfopunkt Rhein-Waal\",\"potentialAction\":[{\"@type\":\"SearchAction\",\"target\":{\"@type\":\"EntryPoint\",\"urlTemplate\":\"https:\\\/\\\/grenzinfo.eu\\\/erw\\\/?s={search_term_string}\"},\"query-input\":{\"@type\":\"PropertyValueSpecification\",\"valueRequired\":true,\"valueName\":\"search_term_string\"}}],\"inLanguage\":\"de\"},{\"@type\":\"Person\",\"@id\":\"https:\\\/\\\/grenzinfo.eu\\\/erw\\\/#\\\/schema\\\/person\\\/9f458cb37563e7f9a229139f0ed29b91\",\"name\":\"gipadmin\",\"url\":\"https:\\\/\\\/grenzinfo.eu\\\/erw\\\/author\\\/gipadmin\\\/\"}]}<\/script>\n<!-- \/ Yoast SEO plugin. -->","yoast_head_json":{"title":"F\u00fcnf Prozent der Arbeitnehmer S\u00fcdlimburgs aus den Nachbarl\u00e4ndern - Rhein-Waal","robots":{"index":"index","follow":"follow","max-snippet":"max-snippet:-1","max-image-preview":"max-image-preview:large","max-video-preview":"max-video-preview:-1"},"canonical":"https:\/\/grenzinfo.eu\/erw\/noch-ein-beitrag\/","og_locale":"de_DE","og_type":"article","og_title":"F\u00fcnf Prozent der Arbeitnehmer S\u00fcdlimburgs aus den Nachbarl\u00e4ndern - Rhein-Waal","og_description":"S\u00fcdlimburg ist die niederl\u00e4ndische Region mit dem h\u00f6chsten Anteil an Arbeitnehmern, die in Deutschland oder Belgien leben. Im Jahr 2016 waren es mehr als f\u00fcnf Prozent. Das zeigen neue Zahlen des CBS (Centraal Bureau voor de Statistiek) und der statistischen Landes\u00e4mter in Nordrhein-Westfalen und Niedersachsen. Die Zahl der Arbeitnehmer, die 2016 aus Deutschland in die [&hellip;]","og_url":"https:\/\/grenzinfo.eu\/erw\/noch-ein-beitrag\/","og_site_name":"Rhein-Waal","article_published_time":"2019-04-03T15:09:24+00:00","article_modified_time":"2019-04-04T12:57:02+00:00","og_image":[{"width":857,"height":548,"url":"https:\/\/grenzinfo.eu\/erw\/wp-content\/uploads\/sites\/7\/2019\/02\/Ausfahrt-Schild.png","type":"image\/png"}],"author":"gipadmin","twitter_card":"summary_large_image","twitter_misc":{"Geschrieben von":"gipadmin","Gesch\u00e4tzte Lesezeit":"1\u00a0Minute"},"schema":{"@context":"https:\/\/schema.org","@graph":[{"@type":"Article","@id":"https:\/\/grenzinfo.eu\/erw\/noch-ein-beitrag\/#article","isPartOf":{"@id":"https:\/\/grenzinfo.eu\/erw\/noch-ein-beitrag\/"},"author":{"name":"gipadmin","@id":"https:\/\/grenzinfo.eu\/erw\/#\/schema\/person\/9f458cb37563e7f9a229139f0ed29b91"},"headline":"F\u00fcnf Prozent der Arbeitnehmer S\u00fcdlimburgs aus den Nachbarl\u00e4ndern","datePublished":"2019-04-03T15:09:24+00:00","dateModified":"2019-04-04T12:57:02+00:00","mainEntityOfPage":{"@id":"https:\/\/grenzinfo.eu\/erw\/noch-ein-beitrag\/"},"wordCount":285,"image":{"@id":"https:\/\/grenzinfo.eu\/erw\/noch-ein-beitrag\/#primaryimage"},"thumbnailUrl":"https:\/\/grenzinfo.eu\/erw\/wp-content\/uploads\/sites\/7\/2019\/02\/Ausfahrt-Schild.png","articleSection":["News"],"inLanguage":"de"},{"@type":"WebPage","@id":"https:\/\/grenzinfo.eu\/erw\/noch-ein-beitrag\/","url":"https:\/\/grenzinfo.eu\/erw\/noch-ein-beitrag\/","name":"F\u00fcnf Prozent der Arbeitnehmer S\u00fcdlimburgs aus den Nachbarl\u00e4ndern - Rhein-Waal","isPartOf":{"@id":"https:\/\/grenzinfo.eu\/erw\/#website"},"primaryImageOfPage":{"@id":"https:\/\/grenzinfo.eu\/erw\/noch-ein-beitrag\/#primaryimage"},"image":{"@id":"https:\/\/grenzinfo.eu\/erw\/noch-ein-beitrag\/#primaryimage"},"thumbnailUrl":"https:\/\/grenzinfo.eu\/erw\/wp-content\/uploads\/sites\/7\/2019\/02\/Ausfahrt-Schild.png","datePublished":"2019-04-03T15:09:24+00:00","dateModified":"2019-04-04T12:57:02+00:00","author":{"@id":"https:\/\/grenzinfo.eu\/erw\/#\/schema\/person\/9f458cb37563e7f9a229139f0ed29b91"},"breadcrumb":{"@id":"https:\/\/grenzinfo.eu\/erw\/noch-ein-beitrag\/#breadcrumb"},"inLanguage":"de","potentialAction":[{"@type":"ReadAction","target":["https:\/\/grenzinfo.eu\/erw\/noch-ein-beitrag\/"]}]},{"@type":"ImageObject","inLanguage":"de","@id":"https:\/\/grenzinfo.eu\/erw\/noch-ein-beitrag\/#primaryimage","url":"https:\/\/grenzinfo.eu\/erw\/wp-content\/uploads\/sites\/7\/2019\/02\/Ausfahrt-Schild.png","contentUrl":"https:\/\/grenzinfo.eu\/erw\/wp-content\/uploads\/sites\/7\/2019\/02\/Ausfahrt-Schild.png","width":857,"height":548},{"@type":"BreadcrumbList","@id":"https:\/\/grenzinfo.eu\/erw\/noch-ein-beitrag\/#breadcrumb","itemListElement":[{"@type":"ListItem","position":1,"name":"Home","item":"https:\/\/grenzinfo.eu\/erw\/"},{"@type":"ListItem","position":2,"name":"F\u00fcnf Prozent der Arbeitnehmer S\u00fcdlimburgs aus den Nachbarl\u00e4ndern"}]},{"@type":"WebSite","@id":"https:\/\/grenzinfo.eu\/erw\/#website","url":"https:\/\/grenzinfo.eu\/erw\/","name":"Rhein-Waal","description":"Grenzinfopunkt Rhein-Waal","potentialAction":[{"@type":"SearchAction","target":{"@type":"EntryPoint","urlTemplate":"https:\/\/grenzinfo.eu\/erw\/?s={search_term_string}"},"query-input":{"@type":"PropertyValueSpecification","valueRequired":true,"valueName":"search_term_string"}}],"inLanguage":"de"},{"@type":"Person","@id":"https:\/\/grenzinfo.eu\/erw\/#\/schema\/person\/9f458cb37563e7f9a229139f0ed29b91","name":"gipadmin","url":"https:\/\/grenzinfo.eu\/erw\/author\/gipadmin\/"}]}},"lang":"de","translations":{"de":10371,"nl":10373},"pll_sync_post":[],"_links":{"self":[{"href":"https:\/\/grenzinfo.eu\/erw\/wp-json\/wp\/v2\/posts\/10371","targetHints":{"allow":["GET"]}}],"collection":[{"href":"https:\/\/grenzinfo.eu\/erw\/wp-json\/wp\/v2\/posts"}],"about":[{"href":"https:\/\/grenzinfo.eu\/erw\/wp-json\/wp\/v2\/types\/post"}],"author":[{"embeddable":true,"href":"https:\/\/grenzinfo.eu\/erw\/wp-json\/wp\/v2\/users\/1"}],"replies":[{"embeddable":true,"href":"https:\/\/grenzinfo.eu\/erw\/wp-json\/wp\/v2\/comments?post=10371"}],"version-history":[{"count":0,"href":"https:\/\/grenzinfo.eu\/erw\/wp-json\/wp\/v2\/posts\/10371\/revisions"}],"wp:featuredmedia":[{"embeddable":true,"href":"https:\/\/grenzinfo.eu\/erw\/wp-json\/wp\/v2\/media\/10537"}],"wp:attachment":[{"href":"https:\/\/grenzinfo.eu\/erw\/wp-json\/wp\/v2\/media?parent=10371"}],"wp:term":[{"taxonomy":"category","embeddable":true,"href":"https:\/\/grenzinfo.eu\/erw\/wp-json\/wp\/v2\/categories?post=10371"},{"taxonomy":"post_tag","embeddable":true,"href":"https:\/\/grenzinfo.eu\/erw\/wp-json\/wp\/v2\/tags?post=10371"}],"curies":[{"name":"wp","href":"https:\/\/api.w.org\/{rel}","templated":true}]}}