{"id":10386,"date":"2017-06-14T17:08:01","date_gmt":"2017-06-14T15:08:01","guid":{"rendered":"https:\/\/grenzinfo.eu\/erw\/?p=910\/"},"modified":"2017-06-14T17:08:01","modified_gmt":"2017-06-14T15:08:01","slug":"anerkennung-auslaendischer-abschluesse","status":"publish","type":"post","link":"https:\/\/grenzinfo.eu\/erw\/nl\/anerkennung-auslaendischer-abschluesse\/","title":{"rendered":"Anerkennung ausl\u00e4ndischer Abschl\u00fcsse"},"content":{"rendered":"<p>\t\t\t\tF\u00fcnf Jahre nach Inkrafttreten des Anerkennungsgesetzes meldet das Bundesamt f\u00fcr Bildung und Forschung (BMBF): Die Zahl der Antr\u00e4ge steigt stetig. Immer mehr Zuwanderer in Deutschland k\u00f6nnen einer ad\u00e4quaten Besch\u00e4ftigung nachgehen. Das Anerkennungsgesetz soll die Integration von Zuwanderern in den deutschen Arbeitsmarkt erleichtern. Ihre im Ausland erworbenen Berufsabschl\u00fcsse werden mit deutschen Referenzberufen verglichen und im Idealfall als gleichwertig eingestuft. Bis Ende 2015 gab es laut BMBF in den bundesrechtlich geregelten Berufen \u00fcber 63.400 Antr\u00e4ge auf Anerkennung. 74 Prozent davon wurden positiv bewertet und damit als gleichwertig zum deutschen Referenzberuf eingestuft. Bei 8,5 Prozent entschied das BMBF auf teilweise Gleichwertigkeit. 14,8 Prozent der Antragsteller erreichten die Gleichwertigkeit \u00fcber eine Anpassungsqualifizierung. Die Ablehnungsquote lag mit 2,6 Prozent unter der aus den Vorjahren.<\/p>\n<p>Bis Ende 2015 gab es laut BMBF in den bundesrechtlich geregelten Berufen \u00fcber 63.400 Antr\u00e4ge auf Anerkennung. 74 Prozent davon wurden positiv bewertet und damit als gleichwertig zum deutschen Referenzberuf eingestuft. Bei 8,5 Prozent entschied das BMBF auf teilweise Gleichwertigkeit. 14,8 Prozent der Antragsteller erreichten die Gleichwertigkeit \u00fcber eine Anpassungsqualifizierung. Die Ablehnungsquote lag mit 2,6 Prozent unter der aus den Vorjahren.<\/p>\n<p>Wie wichtig die Anerkennung der Berufsabschl\u00fcsse f\u00fcr Zuwanderer ist, belegt eine Evaluation des BMBF: Demnach sind neun von zehn Fachkr\u00e4ften mit ausl\u00e4ndischem Abschluss nach der Anerkennung erwerbst\u00e4tig. Ihr Bruttoeinkommen steigt im Schnitt um 1.000 Euro.<\/p>\n<p>Das Anerkennungsgesetz will zum einen die Integration von Zuwanderern in den deutschen Arbeitsmarkt erleichtern. Zum anderen sollen mehr Menschen aus dem Ausland einer Besch\u00e4ftigung nachgehen k\u00f6nnen, die ihrer Qualifikation entspricht. Dadurch soll die gesteuerte Zuwanderung gest\u00e4rkt werden. Weitere Informationen dazu erhalten Sie\u00a0beim <a href=\"https:\/\/www.arbeitsagentur.de\/weiterleitung\/1478799449020\" target=\"_blank\" rel=\"noopener noreferrer\">BMBF<\/a>. Alle Infos zur Anerkennung von ausl\u00e4ndischen Abschl\u00fcssen liefert die Website <a href=\"https:\/\/www.arbeitsagentur.de\/weiterleitung\/1463059436145\" target=\"_blank\" rel=\"noopener noreferrer\">\u201eAnerkennung in Deutschland\u201c<\/a>.\t\t<\/p>\n","protected":false},"excerpt":{"rendered":"<p>F\u00fcnf Jahre nach Inkrafttreten des Anerkennungsgesetzes meldet das Bundesamt f\u00fcr Bildung und Forschung (BMBF): Die Zahl der Antr\u00e4ge steigt stetig. Immer mehr Zuwanderer in Deutschland k\u00f6nnen einer ad\u00e4quaten Besch\u00e4ftigung nachgehen. Das Anerkennungsgesetz soll die Integration von Zuwanderern in den deutschen Arbeitsmarkt erleichtern. Ihre im Ausland erworbenen Berufsabschl\u00fcsse werden mit deutschen Referenzberufen verglichen und im Idealfall [&hellip;]<\/p>\n","protected":false},"author":35,"featured_media":0,"comment_status":"closed","ping_status":"closed","sticky":false,"template":"","format":"standard","meta":{"_acf_changed":false,"footnotes":""},"categories":[1],"tags":[],"class_list":["post-10386","post","type-post","status-publish","format-standard","hentry","category-news"],"acf":[],"yoast_head":"<!-- This site is optimized with the Yoast SEO plugin v27.4 - https:\/\/yoast.com\/product\/yoast-seo-wordpress\/ -->\n<title>Anerkennung ausl\u00e4ndischer Abschl\u00fcsse - Rhein-Waal<\/title>\n<meta name=\"robots\" content=\"index, follow, max-snippet:-1, max-image-preview:large, max-video-preview:-1\" \/>\n<link rel=\"canonical\" href=\"https:\/\/grenzinfo.eu\/erw\/nl\/anerkennung-auslaendischer-abschluesse\/\" \/>\n<meta property=\"og:locale\" content=\"de_DE\" \/>\n<meta property=\"og:type\" content=\"article\" \/>\n<meta property=\"og:title\" content=\"Anerkennung ausl\u00e4ndischer Abschl\u00fcsse - Rhein-Waal\" \/>\n<meta property=\"og:description\" content=\"F\u00fcnf Jahre nach Inkrafttreten des Anerkennungsgesetzes meldet das Bundesamt f\u00fcr Bildung und Forschung (BMBF): Die Zahl der Antr\u00e4ge steigt stetig. Immer mehr Zuwanderer in Deutschland k\u00f6nnen einer ad\u00e4quaten Besch\u00e4ftigung nachgehen. Das Anerkennungsgesetz soll die Integration von Zuwanderern in den deutschen Arbeitsmarkt erleichtern. Ihre im Ausland erworbenen Berufsabschl\u00fcsse werden mit deutschen Referenzberufen verglichen und im Idealfall [&hellip;]\" \/>\n<meta property=\"og:url\" content=\"https:\/\/grenzinfo.eu\/erw\/nl\/anerkennung-auslaendischer-abschluesse\/\" \/>\n<meta property=\"og:site_name\" content=\"Rhein-Waal\" \/>\n<meta property=\"article:published_time\" content=\"2017-06-14T15:08:01+00:00\" \/>\n<meta name=\"author\" content=\"flipse\" \/>\n<meta name=\"twitter:card\" content=\"summary_large_image\" \/>\n<meta name=\"twitter:label1\" content=\"Geschrieben von\" \/>\n\t<meta name=\"twitter:data1\" content=\"flipse\" \/>\n\t<meta name=\"twitter:label2\" content=\"Gesch\u00e4tzte Lesezeit\" \/>\n\t<meta name=\"twitter:data2\" content=\"1\u00a0Minute\" \/>\n<script type=\"application\/ld+json\" class=\"yoast-schema-graph\">{\"@context\":\"https:\\\/\\\/schema.org\",\"@graph\":[{\"@type\":\"Article\",\"@id\":\"https:\\\/\\\/grenzinfo.eu\\\/erw\\\/nl\\\/anerkennung-auslaendischer-abschluesse\\\/#article\",\"isPartOf\":{\"@id\":\"https:\\\/\\\/grenzinfo.eu\\\/erw\\\/nl\\\/anerkennung-auslaendischer-abschluesse\\\/\"},\"author\":{\"name\":\"flipse\",\"@id\":\"https:\\\/\\\/grenzinfo.eu\\\/erw\\\/#\\\/schema\\\/person\\\/ec7710b37fdb52b8fb42d84b368d705f\"},\"headline\":\"Anerkennung ausl\u00e4ndischer Abschl\u00fcsse\",\"datePublished\":\"2017-06-14T15:08:01+00:00\",\"mainEntityOfPage\":{\"@id\":\"https:\\\/\\\/grenzinfo.eu\\\/erw\\\/nl\\\/anerkennung-auslaendischer-abschluesse\\\/\"},\"wordCount\":283,\"articleSection\":[\"News\"],\"inLanguage\":\"de\"},{\"@type\":\"WebPage\",\"@id\":\"https:\\\/\\\/grenzinfo.eu\\\/erw\\\/nl\\\/anerkennung-auslaendischer-abschluesse\\\/\",\"url\":\"https:\\\/\\\/grenzinfo.eu\\\/erw\\\/nl\\\/anerkennung-auslaendischer-abschluesse\\\/\",\"name\":\"Anerkennung ausl\u00e4ndischer Abschl\u00fcsse - Rhein-Waal\",\"isPartOf\":{\"@id\":\"https:\\\/\\\/grenzinfo.eu\\\/erw\\\/#website\"},\"datePublished\":\"2017-06-14T15:08:01+00:00\",\"author\":{\"@id\":\"https:\\\/\\\/grenzinfo.eu\\\/erw\\\/#\\\/schema\\\/person\\\/ec7710b37fdb52b8fb42d84b368d705f\"},\"breadcrumb\":{\"@id\":\"https:\\\/\\\/grenzinfo.eu\\\/erw\\\/nl\\\/anerkennung-auslaendischer-abschluesse\\\/#breadcrumb\"},\"inLanguage\":\"de\",\"potentialAction\":[{\"@type\":\"ReadAction\",\"target\":[\"https:\\\/\\\/grenzinfo.eu\\\/erw\\\/nl\\\/anerkennung-auslaendischer-abschluesse\\\/\"]}]},{\"@type\":\"BreadcrumbList\",\"@id\":\"https:\\\/\\\/grenzinfo.eu\\\/erw\\\/nl\\\/anerkennung-auslaendischer-abschluesse\\\/#breadcrumb\",\"itemListElement\":[{\"@type\":\"ListItem\",\"position\":1,\"name\":\"Home\",\"item\":\"https:\\\/\\\/grenzinfo.eu\\\/erw\\\/\"},{\"@type\":\"ListItem\",\"position\":2,\"name\":\"Anerkennung ausl\u00e4ndischer Abschl\u00fcsse\"}]},{\"@type\":\"WebSite\",\"@id\":\"https:\\\/\\\/grenzinfo.eu\\\/erw\\\/#website\",\"url\":\"https:\\\/\\\/grenzinfo.eu\\\/erw\\\/\",\"name\":\"Rhein-Waal\",\"description\":\"Grenzinfopunkt Rhein-Waal\",\"potentialAction\":[{\"@type\":\"SearchAction\",\"target\":{\"@type\":\"EntryPoint\",\"urlTemplate\":\"https:\\\/\\\/grenzinfo.eu\\\/erw\\\/?s={search_term_string}\"},\"query-input\":{\"@type\":\"PropertyValueSpecification\",\"valueRequired\":true,\"valueName\":\"search_term_string\"}}],\"inLanguage\":\"de\"},{\"@type\":\"Person\",\"@id\":\"https:\\\/\\\/grenzinfo.eu\\\/erw\\\/#\\\/schema\\\/person\\\/ec7710b37fdb52b8fb42d84b368d705f\",\"name\":\"flipse\",\"url\":\"https:\\\/\\\/grenzinfo.eu\\\/erw\\\/author\\\/flipse\\\/\"}]}<\/script>\n<!-- \/ Yoast SEO plugin. -->","yoast_head_json":{"title":"Anerkennung ausl\u00e4ndischer Abschl\u00fcsse - Rhein-Waal","robots":{"index":"index","follow":"follow","max-snippet":"max-snippet:-1","max-image-preview":"max-image-preview:large","max-video-preview":"max-video-preview:-1"},"canonical":"https:\/\/grenzinfo.eu\/erw\/nl\/anerkennung-auslaendischer-abschluesse\/","og_locale":"de_DE","og_type":"article","og_title":"Anerkennung ausl\u00e4ndischer Abschl\u00fcsse - Rhein-Waal","og_description":"F\u00fcnf Jahre nach Inkrafttreten des Anerkennungsgesetzes meldet das Bundesamt f\u00fcr Bildung und Forschung (BMBF): Die Zahl der Antr\u00e4ge steigt stetig. Immer mehr Zuwanderer in Deutschland k\u00f6nnen einer ad\u00e4quaten Besch\u00e4ftigung nachgehen. Das Anerkennungsgesetz soll die Integration von Zuwanderern in den deutschen Arbeitsmarkt erleichtern. Ihre im Ausland erworbenen Berufsabschl\u00fcsse werden mit deutschen Referenzberufen verglichen und im Idealfall [&hellip;]","og_url":"https:\/\/grenzinfo.eu\/erw\/nl\/anerkennung-auslaendischer-abschluesse\/","og_site_name":"Rhein-Waal","article_published_time":"2017-06-14T15:08:01+00:00","author":"flipse","twitter_card":"summary_large_image","twitter_misc":{"Geschrieben von":"flipse","Gesch\u00e4tzte Lesezeit":"1\u00a0Minute"},"schema":{"@context":"https:\/\/schema.org","@graph":[{"@type":"Article","@id":"https:\/\/grenzinfo.eu\/erw\/nl\/anerkennung-auslaendischer-abschluesse\/#article","isPartOf":{"@id":"https:\/\/grenzinfo.eu\/erw\/nl\/anerkennung-auslaendischer-abschluesse\/"},"author":{"name":"flipse","@id":"https:\/\/grenzinfo.eu\/erw\/#\/schema\/person\/ec7710b37fdb52b8fb42d84b368d705f"},"headline":"Anerkennung ausl\u00e4ndischer Abschl\u00fcsse","datePublished":"2017-06-14T15:08:01+00:00","mainEntityOfPage":{"@id":"https:\/\/grenzinfo.eu\/erw\/nl\/anerkennung-auslaendischer-abschluesse\/"},"wordCount":283,"articleSection":["News"],"inLanguage":"de"},{"@type":"WebPage","@id":"https:\/\/grenzinfo.eu\/erw\/nl\/anerkennung-auslaendischer-abschluesse\/","url":"https:\/\/grenzinfo.eu\/erw\/nl\/anerkennung-auslaendischer-abschluesse\/","name":"Anerkennung ausl\u00e4ndischer Abschl\u00fcsse - Rhein-Waal","isPartOf":{"@id":"https:\/\/grenzinfo.eu\/erw\/#website"},"datePublished":"2017-06-14T15:08:01+00:00","author":{"@id":"https:\/\/grenzinfo.eu\/erw\/#\/schema\/person\/ec7710b37fdb52b8fb42d84b368d705f"},"breadcrumb":{"@id":"https:\/\/grenzinfo.eu\/erw\/nl\/anerkennung-auslaendischer-abschluesse\/#breadcrumb"},"inLanguage":"de","potentialAction":[{"@type":"ReadAction","target":["https:\/\/grenzinfo.eu\/erw\/nl\/anerkennung-auslaendischer-abschluesse\/"]}]},{"@type":"BreadcrumbList","@id":"https:\/\/grenzinfo.eu\/erw\/nl\/anerkennung-auslaendischer-abschluesse\/#breadcrumb","itemListElement":[{"@type":"ListItem","position":1,"name":"Home","item":"https:\/\/grenzinfo.eu\/erw\/"},{"@type":"ListItem","position":2,"name":"Anerkennung ausl\u00e4ndischer Abschl\u00fcsse"}]},{"@type":"WebSite","@id":"https:\/\/grenzinfo.eu\/erw\/#website","url":"https:\/\/grenzinfo.eu\/erw\/","name":"Rhein-Waal","description":"Grenzinfopunkt Rhein-Waal","potentialAction":[{"@type":"SearchAction","target":{"@type":"EntryPoint","urlTemplate":"https:\/\/grenzinfo.eu\/erw\/?s={search_term_string}"},"query-input":{"@type":"PropertyValueSpecification","valueRequired":true,"valueName":"search_term_string"}}],"inLanguage":"de"},{"@type":"Person","@id":"https:\/\/grenzinfo.eu\/erw\/#\/schema\/person\/ec7710b37fdb52b8fb42d84b368d705f","name":"flipse","url":"https:\/\/grenzinfo.eu\/erw\/author\/flipse\/"}]}},"lang":"nl","translations":{"nl":10386},"pll_sync_post":[],"_links":{"self":[{"href":"https:\/\/grenzinfo.eu\/erw\/wp-json\/wp\/v2\/posts\/10386","targetHints":{"allow":["GET"]}}],"collection":[{"href":"https:\/\/grenzinfo.eu\/erw\/wp-json\/wp\/v2\/posts"}],"about":[{"href":"https:\/\/grenzinfo.eu\/erw\/wp-json\/wp\/v2\/types\/post"}],"author":[{"embeddable":true,"href":"https:\/\/grenzinfo.eu\/erw\/wp-json\/wp\/v2\/users\/35"}],"replies":[{"embeddable":true,"href":"https:\/\/grenzinfo.eu\/erw\/wp-json\/wp\/v2\/comments?post=10386"}],"version-history":[{"count":0,"href":"https:\/\/grenzinfo.eu\/erw\/wp-json\/wp\/v2\/posts\/10386\/revisions"}],"wp:attachment":[{"href":"https:\/\/grenzinfo.eu\/erw\/wp-json\/wp\/v2\/media?parent=10386"}],"wp:term":[{"taxonomy":"category","embeddable":true,"href":"https:\/\/grenzinfo.eu\/erw\/wp-json\/wp\/v2\/categories?post=10386"},{"taxonomy":"post_tag","embeddable":true,"href":"https:\/\/grenzinfo.eu\/erw\/wp-json\/wp\/v2\/tags?post=10386"}],"curies":[{"name":"wp","href":"https:\/\/api.w.org\/{rel}","templated":true}]}}