{"id":1109,"date":"2017-08-01T15:52:17","date_gmt":"2017-08-01T13:52:17","guid":{"rendered":"https:\/\/grenzinfo.eu\/erw\/?p=1109\/"},"modified":"2017-08-01T15:52:17","modified_gmt":"2017-08-01T13:52:17","slug":"mindestloehne-in-der-pflege-steigen","status":"publish","type":"post","link":"https:\/\/grenzinfo.eu\/erw\/nl\/mindestloehne-in-der-pflege-steigen\/","title":{"rendered":"Mindestl\u00f6hne in der Pflege steigen"},"content":{"rendered":"<p>\t\t\t\t<img fetchpriority=\"high\" decoding=\"async\" class=\"alignnone  wp-image-1110\" src=\"https:\/\/grenzinfo.eu\/erw\/wp-content\/uploads\/sites\/13\/medical-563427_1920-360x240.jpg\" alt=\"\" width=\"318\" height=\"212\" \/><\/p>\n<p>Der Pflegemindestlohn steigt ab Januar 2018 auf 10,55 Euro im Westen und 10,05 Euro im Osten. Anfang 2019 und 2020 wird er nochmals erh\u00f6ht. Von diesem Mindestlohn, der \u00fcber dem gesetzlichen Mindestlohn liegt, profitieren vor allem Pflegehilfskr\u00e4fte. Mindestl\u00f6hne sind nur eine Grenze nach unten. Wer gut ausgebildete Fachkr\u00e4fte sucht, muss mehr bieten als den Mindestlohn. Denn Pflegekr\u00e4fte sind gefragt. Der Mangel an Fachkr\u00e4ften ist hoch. Angestellte Pflegefachkr\u00e4fte werden in der Regel h\u00f6her verg\u00fctet, beispielsweise nach Tarifvertrag. Die H\u00f6he tariflicher Entgelte vereinbaren die Tarifvertragsparteien. In welche Entgeltgruppe die einzelne Pflegekraft dann eingestuft wird, h\u00e4ngt von mehreren Faktoren ab, etwa dem konkreten Aufgabengebiet, der Qualifikation und Leitungsverantwortung. Zudem fallen in der Pflege oft Zulagen durch Schichtdienste an.\t\t<\/p>\n","protected":false},"excerpt":{"rendered":"<p>Der Pflegemindestlohn steigt ab Januar 2018 auf 10,55 Euro im Westen und 10,05 Euro im Osten. Anfang 2019 und 2020 wird er nochmals erh\u00f6ht. Von diesem Mindestlohn, der \u00fcber dem gesetzlichen Mindestlohn liegt, profitieren vor allem Pflegehilfskr\u00e4fte. Mindestl\u00f6hne sind nur eine Grenze nach unten. Wer gut ausgebildete Fachkr\u00e4fte sucht, muss mehr bieten als den Mindestlohn. [&hellip;]<\/p>\n","protected":false},"author":35,"featured_media":0,"comment_status":"closed","ping_status":"closed","sticky":false,"template":"","format":"standard","meta":{"_acf_changed":false,"footnotes":""},"categories":[1],"tags":[],"class_list":["post-1109","post","type-post","status-publish","format-standard","hentry","category-news"],"acf":[],"yoast_head":"<!-- This site is optimized with the Yoast SEO plugin v27.5 - https:\/\/yoast.com\/product\/yoast-seo-wordpress\/ -->\n<title>Mindestl\u00f6hne in der Pflege steigen - Rhein-Waal<\/title>\n<meta name=\"robots\" content=\"index, follow, max-snippet:-1, max-image-preview:large, max-video-preview:-1\" \/>\n<link rel=\"canonical\" href=\"https:\/\/grenzinfo.eu\/erw\/nl\/mindestloehne-in-der-pflege-steigen\/\" \/>\n<meta property=\"og:locale\" content=\"de_DE\" \/>\n<meta property=\"og:type\" content=\"article\" \/>\n<meta property=\"og:title\" content=\"Mindestl\u00f6hne in der Pflege steigen - Rhein-Waal\" \/>\n<meta property=\"og:description\" content=\"Der Pflegemindestlohn steigt ab Januar 2018 auf 10,55 Euro im Westen und 10,05 Euro im Osten. Anfang 2019 und 2020 wird er nochmals erh\u00f6ht. Von diesem Mindestlohn, der \u00fcber dem gesetzlichen Mindestlohn liegt, profitieren vor allem Pflegehilfskr\u00e4fte. Mindestl\u00f6hne sind nur eine Grenze nach unten. Wer gut ausgebildete Fachkr\u00e4fte sucht, muss mehr bieten als den Mindestlohn. [&hellip;]\" \/>\n<meta property=\"og:url\" content=\"https:\/\/grenzinfo.eu\/erw\/nl\/mindestloehne-in-der-pflege-steigen\/\" \/>\n<meta property=\"og:site_name\" content=\"Rhein-Waal\" \/>\n<meta property=\"article:published_time\" content=\"2017-08-01T13:52:17+00:00\" \/>\n<meta property=\"og:image\" content=\"https:\/\/grenzinfo.eu\/erw\/wp-content\/uploads\/sites\/13\/medical-563427_1920-360x240.jpg\" \/>\n<meta name=\"author\" content=\"flipse\" \/>\n<meta name=\"twitter:card\" content=\"summary_large_image\" \/>\n<meta name=\"twitter:label1\" content=\"Geschrieben von\" \/>\n\t<meta name=\"twitter:data1\" content=\"flipse\" \/>\n\t<meta name=\"twitter:label2\" content=\"Gesch\u00e4tzte Lesezeit\" \/>\n\t<meta name=\"twitter:data2\" content=\"1\u00a0Minute\" \/>\n<script type=\"application\/ld+json\" class=\"yoast-schema-graph\">{\"@context\":\"https:\\\/\\\/schema.org\",\"@graph\":[{\"@type\":\"Article\",\"@id\":\"https:\\\/\\\/grenzinfo.eu\\\/erw\\\/nl\\\/mindestloehne-in-der-pflege-steigen\\\/#article\",\"isPartOf\":{\"@id\":\"https:\\\/\\\/grenzinfo.eu\\\/erw\\\/nl\\\/mindestloehne-in-der-pflege-steigen\\\/\"},\"author\":{\"name\":\"flipse\",\"@id\":\"https:\\\/\\\/grenzinfo.eu\\\/erw\\\/#\\\/schema\\\/person\\\/ec7710b37fdb52b8fb42d84b368d705f\"},\"headline\":\"Mindestl\u00f6hne in der Pflege steigen\",\"datePublished\":\"2017-08-01T13:52:17+00:00\",\"mainEntityOfPage\":{\"@id\":\"https:\\\/\\\/grenzinfo.eu\\\/erw\\\/nl\\\/mindestloehne-in-der-pflege-steigen\\\/\"},\"wordCount\":127,\"image\":{\"@id\":\"https:\\\/\\\/grenzinfo.eu\\\/erw\\\/nl\\\/mindestloehne-in-der-pflege-steigen\\\/#primaryimage\"},\"thumbnailUrl\":\"https:\\\/\\\/grenzinfo.eu\\\/erw\\\/wp-content\\\/uploads\\\/sites\\\/13\\\/medical-563427_1920-360x240.jpg\",\"articleSection\":[\"News\"],\"inLanguage\":\"de\"},{\"@type\":\"WebPage\",\"@id\":\"https:\\\/\\\/grenzinfo.eu\\\/erw\\\/nl\\\/mindestloehne-in-der-pflege-steigen\\\/\",\"url\":\"https:\\\/\\\/grenzinfo.eu\\\/erw\\\/nl\\\/mindestloehne-in-der-pflege-steigen\\\/\",\"name\":\"Mindestl\u00f6hne in der Pflege steigen - Rhein-Waal\",\"isPartOf\":{\"@id\":\"https:\\\/\\\/grenzinfo.eu\\\/erw\\\/#website\"},\"primaryImageOfPage\":{\"@id\":\"https:\\\/\\\/grenzinfo.eu\\\/erw\\\/nl\\\/mindestloehne-in-der-pflege-steigen\\\/#primaryimage\"},\"image\":{\"@id\":\"https:\\\/\\\/grenzinfo.eu\\\/erw\\\/nl\\\/mindestloehne-in-der-pflege-steigen\\\/#primaryimage\"},\"thumbnailUrl\":\"https:\\\/\\\/grenzinfo.eu\\\/erw\\\/wp-content\\\/uploads\\\/sites\\\/13\\\/medical-563427_1920-360x240.jpg\",\"datePublished\":\"2017-08-01T13:52:17+00:00\",\"author\":{\"@id\":\"https:\\\/\\\/grenzinfo.eu\\\/erw\\\/#\\\/schema\\\/person\\\/ec7710b37fdb52b8fb42d84b368d705f\"},\"breadcrumb\":{\"@id\":\"https:\\\/\\\/grenzinfo.eu\\\/erw\\\/nl\\\/mindestloehne-in-der-pflege-steigen\\\/#breadcrumb\"},\"inLanguage\":\"de\",\"potentialAction\":[{\"@type\":\"ReadAction\",\"target\":[\"https:\\\/\\\/grenzinfo.eu\\\/erw\\\/nl\\\/mindestloehne-in-der-pflege-steigen\\\/\"]}]},{\"@type\":\"ImageObject\",\"inLanguage\":\"de\",\"@id\":\"https:\\\/\\\/grenzinfo.eu\\\/erw\\\/nl\\\/mindestloehne-in-der-pflege-steigen\\\/#primaryimage\",\"url\":\"https:\\\/\\\/grenzinfo.eu\\\/erw\\\/wp-content\\\/uploads\\\/sites\\\/7\\\/2017\\\/08\\\/medical-563427_1920.jpg\",\"contentUrl\":\"https:\\\/\\\/grenzinfo.eu\\\/erw\\\/wp-content\\\/uploads\\\/sites\\\/7\\\/2017\\\/08\\\/medical-563427_1920.jpg\",\"width\":1920,\"height\":1280},{\"@type\":\"BreadcrumbList\",\"@id\":\"https:\\\/\\\/grenzinfo.eu\\\/erw\\\/nl\\\/mindestloehne-in-der-pflege-steigen\\\/#breadcrumb\",\"itemListElement\":[{\"@type\":\"ListItem\",\"position\":1,\"name\":\"Home\",\"item\":\"https:\\\/\\\/grenzinfo.eu\\\/erw\\\/\"},{\"@type\":\"ListItem\",\"position\":2,\"name\":\"Mindestl\u00f6hne in der Pflege steigen\"}]},{\"@type\":\"WebSite\",\"@id\":\"https:\\\/\\\/grenzinfo.eu\\\/erw\\\/#website\",\"url\":\"https:\\\/\\\/grenzinfo.eu\\\/erw\\\/\",\"name\":\"Rhein-Waal\",\"description\":\"Grenzinfopunkt Rhein-Waal\",\"potentialAction\":[{\"@type\":\"SearchAction\",\"target\":{\"@type\":\"EntryPoint\",\"urlTemplate\":\"https:\\\/\\\/grenzinfo.eu\\\/erw\\\/?s={search_term_string}\"},\"query-input\":{\"@type\":\"PropertyValueSpecification\",\"valueRequired\":true,\"valueName\":\"search_term_string\"}}],\"inLanguage\":\"de\"},{\"@type\":\"Person\",\"@id\":\"https:\\\/\\\/grenzinfo.eu\\\/erw\\\/#\\\/schema\\\/person\\\/ec7710b37fdb52b8fb42d84b368d705f\",\"name\":\"flipse\",\"url\":\"https:\\\/\\\/grenzinfo.eu\\\/erw\\\/author\\\/flipse\\\/\"}]}<\/script>\n<!-- \/ Yoast SEO plugin. -->","yoast_head_json":{"title":"Mindestl\u00f6hne in der Pflege steigen - Rhein-Waal","robots":{"index":"index","follow":"follow","max-snippet":"max-snippet:-1","max-image-preview":"max-image-preview:large","max-video-preview":"max-video-preview:-1"},"canonical":"https:\/\/grenzinfo.eu\/erw\/nl\/mindestloehne-in-der-pflege-steigen\/","og_locale":"de_DE","og_type":"article","og_title":"Mindestl\u00f6hne in der Pflege steigen - Rhein-Waal","og_description":"Der Pflegemindestlohn steigt ab Januar 2018 auf 10,55 Euro im Westen und 10,05 Euro im Osten. Anfang 2019 und 2020 wird er nochmals erh\u00f6ht. Von diesem Mindestlohn, der \u00fcber dem gesetzlichen Mindestlohn liegt, profitieren vor allem Pflegehilfskr\u00e4fte. Mindestl\u00f6hne sind nur eine Grenze nach unten. Wer gut ausgebildete Fachkr\u00e4fte sucht, muss mehr bieten als den Mindestlohn. [&hellip;]","og_url":"https:\/\/grenzinfo.eu\/erw\/nl\/mindestloehne-in-der-pflege-steigen\/","og_site_name":"Rhein-Waal","article_published_time":"2017-08-01T13:52:17+00:00","og_image":[{"url":"https:\/\/grenzinfo.eu\/erw\/wp-content\/uploads\/sites\/13\/medical-563427_1920-360x240.jpg","type":"","width":"","height":""}],"author":"flipse","twitter_card":"summary_large_image","twitter_misc":{"Geschrieben von":"flipse","Gesch\u00e4tzte Lesezeit":"1\u00a0Minute"},"schema":{"@context":"https:\/\/schema.org","@graph":[{"@type":"Article","@id":"https:\/\/grenzinfo.eu\/erw\/nl\/mindestloehne-in-der-pflege-steigen\/#article","isPartOf":{"@id":"https:\/\/grenzinfo.eu\/erw\/nl\/mindestloehne-in-der-pflege-steigen\/"},"author":{"name":"flipse","@id":"https:\/\/grenzinfo.eu\/erw\/#\/schema\/person\/ec7710b37fdb52b8fb42d84b368d705f"},"headline":"Mindestl\u00f6hne in der Pflege steigen","datePublished":"2017-08-01T13:52:17+00:00","mainEntityOfPage":{"@id":"https:\/\/grenzinfo.eu\/erw\/nl\/mindestloehne-in-der-pflege-steigen\/"},"wordCount":127,"image":{"@id":"https:\/\/grenzinfo.eu\/erw\/nl\/mindestloehne-in-der-pflege-steigen\/#primaryimage"},"thumbnailUrl":"https:\/\/grenzinfo.eu\/erw\/wp-content\/uploads\/sites\/13\/medical-563427_1920-360x240.jpg","articleSection":["News"],"inLanguage":"de"},{"@type":"WebPage","@id":"https:\/\/grenzinfo.eu\/erw\/nl\/mindestloehne-in-der-pflege-steigen\/","url":"https:\/\/grenzinfo.eu\/erw\/nl\/mindestloehne-in-der-pflege-steigen\/","name":"Mindestl\u00f6hne in der Pflege steigen - Rhein-Waal","isPartOf":{"@id":"https:\/\/grenzinfo.eu\/erw\/#website"},"primaryImageOfPage":{"@id":"https:\/\/grenzinfo.eu\/erw\/nl\/mindestloehne-in-der-pflege-steigen\/#primaryimage"},"image":{"@id":"https:\/\/grenzinfo.eu\/erw\/nl\/mindestloehne-in-der-pflege-steigen\/#primaryimage"},"thumbnailUrl":"https:\/\/grenzinfo.eu\/erw\/wp-content\/uploads\/sites\/13\/medical-563427_1920-360x240.jpg","datePublished":"2017-08-01T13:52:17+00:00","author":{"@id":"https:\/\/grenzinfo.eu\/erw\/#\/schema\/person\/ec7710b37fdb52b8fb42d84b368d705f"},"breadcrumb":{"@id":"https:\/\/grenzinfo.eu\/erw\/nl\/mindestloehne-in-der-pflege-steigen\/#breadcrumb"},"inLanguage":"de","potentialAction":[{"@type":"ReadAction","target":["https:\/\/grenzinfo.eu\/erw\/nl\/mindestloehne-in-der-pflege-steigen\/"]}]},{"@type":"ImageObject","inLanguage":"de","@id":"https:\/\/grenzinfo.eu\/erw\/nl\/mindestloehne-in-der-pflege-steigen\/#primaryimage","url":"https:\/\/grenzinfo.eu\/erw\/wp-content\/uploads\/sites\/7\/2017\/08\/medical-563427_1920.jpg","contentUrl":"https:\/\/grenzinfo.eu\/erw\/wp-content\/uploads\/sites\/7\/2017\/08\/medical-563427_1920.jpg","width":1920,"height":1280},{"@type":"BreadcrumbList","@id":"https:\/\/grenzinfo.eu\/erw\/nl\/mindestloehne-in-der-pflege-steigen\/#breadcrumb","itemListElement":[{"@type":"ListItem","position":1,"name":"Home","item":"https:\/\/grenzinfo.eu\/erw\/"},{"@type":"ListItem","position":2,"name":"Mindestl\u00f6hne in der Pflege steigen"}]},{"@type":"WebSite","@id":"https:\/\/grenzinfo.eu\/erw\/#website","url":"https:\/\/grenzinfo.eu\/erw\/","name":"Rhein-Waal","description":"Grenzinfopunkt Rhein-Waal","potentialAction":[{"@type":"SearchAction","target":{"@type":"EntryPoint","urlTemplate":"https:\/\/grenzinfo.eu\/erw\/?s={search_term_string}"},"query-input":{"@type":"PropertyValueSpecification","valueRequired":true,"valueName":"search_term_string"}}],"inLanguage":"de"},{"@type":"Person","@id":"https:\/\/grenzinfo.eu\/erw\/#\/schema\/person\/ec7710b37fdb52b8fb42d84b368d705f","name":"flipse","url":"https:\/\/grenzinfo.eu\/erw\/author\/flipse\/"}]}},"lang":"nl","translations":{"nl":1109},"pll_sync_post":[],"_links":{"self":[{"href":"https:\/\/grenzinfo.eu\/erw\/wp-json\/wp\/v2\/posts\/1109","targetHints":{"allow":["GET"]}}],"collection":[{"href":"https:\/\/grenzinfo.eu\/erw\/wp-json\/wp\/v2\/posts"}],"about":[{"href":"https:\/\/grenzinfo.eu\/erw\/wp-json\/wp\/v2\/types\/post"}],"author":[{"embeddable":true,"href":"https:\/\/grenzinfo.eu\/erw\/wp-json\/wp\/v2\/users\/35"}],"replies":[{"embeddable":true,"href":"https:\/\/grenzinfo.eu\/erw\/wp-json\/wp\/v2\/comments?post=1109"}],"version-history":[{"count":0,"href":"https:\/\/grenzinfo.eu\/erw\/wp-json\/wp\/v2\/posts\/1109\/revisions"}],"wp:attachment":[{"href":"https:\/\/grenzinfo.eu\/erw\/wp-json\/wp\/v2\/media?parent=1109"}],"wp:term":[{"taxonomy":"category","embeddable":true,"href":"https:\/\/grenzinfo.eu\/erw\/wp-json\/wp\/v2\/categories?post=1109"},{"taxonomy":"post_tag","embeddable":true,"href":"https:\/\/grenzinfo.eu\/erw\/wp-json\/wp\/v2\/tags?post=1109"}],"curies":[{"name":"wp","href":"https:\/\/api.w.org\/{rel}","templated":true}]}}