{"id":11675,"date":"2020-07-09T11:46:31","date_gmt":"2020-07-09T09:46:31","guid":{"rendered":"https:\/\/grenzinfo.eu\/erw\/?p=11675"},"modified":"2020-07-09T11:46:31","modified_gmt":"2020-07-09T09:46:31","slug":"als-deutsch-niederlaendische-familie-im-arbeits-alltag-gemischtes-doppel","status":"publish","type":"post","link":"https:\/\/grenzinfo.eu\/erw\/als-deutsch-niederlaendische-familie-im-arbeits-alltag-gemischtes-doppel\/","title":{"rendered":"Als deutsch-niederl\u00e4ndische Familie im (Arbeits-)Alltag Gemischtes Doppel"},"content":{"rendered":"<p><strong>Gerwin Putman ist Niederl\u00e4nder, wohnt in Kleve und arbeitet im Montessori-Kinderhaus in Kellen. Seine Frau Lina ist Deutsche und als Mikrobiologin in Wageningen besch\u00e4ftigt. Die beiden T\u00f6chter Mirthe und Jelka wachsen zweisprachig auf und lernen dabei schon von klein auf beide Kulturen kennen. Wie kommt diese deutsch-niederl\u00e4ndische Familie durch den (Arbeits-)Alltag? \u201eIm Arbeitsleben ist das nicht so schwierig, wenn man aber Kinder hat, f\u00e4llt man oft durchs Raster\u201c, berichtet Lina Putman. Wie gut, dass es den GrenzInfoPunkt der Euregio Rhein-Waal gibt.\u00a0 <\/strong><\/p>\n<p>\u201eAls ich Lina kennenlernte, dachte ich, sie sei eine niederl\u00e4ndische Studentin. Ihr Niederl\u00e4ndisch ist wirklich perfekt. Erst als ich sie besuchen wollte, habe ich gemerkt, dass sie Deutsche ist: Sie hat mich n\u00e4mlich nach Kleve eingeladen\u201c, blickt Gerwin Putman schmunzelnd zur\u00fcck. Gehindert hat es ihn nicht. Im Gegenteil: Es hat ihn bald aus der niederl\u00e4ndischen Region Montferland nach Kleve verschlagen. Inzwischen ist sein Deutsch so gut, dass er sogar in Kleve arbeiten kann. Sprachlich hat das Ehepaar also alle H\u00fcrden genommen. Wie aber ist es auf den anderen Gebieten?<\/p>\n<h4><strong>Beruf im Nachbarland<\/strong><\/h4>\n<p>Gerwin hat in den Niederlanden einen Beruf ausge\u00fcbt, den es in Deutschland so nicht gibt: \u00a0Leerlingbegeleider. \u201eIch war an einer regul\u00e4ren Gesamtschule t\u00e4tig, an der auch Kinder mit Lernproblemen und Verhaltensauff\u00e4lligkeiten unterrichtet wurden. Ich hatte eine Art Br\u00fcckenfunktion, habe dort sowohl die Lehrer als auch die Kinder unterst\u00fctzt.\u201c Nach dem Umzug nach Kleve hat er zun\u00e4chst weiterhin in den Niederlanden gearbeitet. Nachdem die zweite Tochter geboren war, wollte er jedoch k\u00fcrzertreten und sich verst\u00e4rkt um die eigenen Kinder k\u00fcmmern.<\/p>\n<p>Er suchte eine Teilzeitbesch\u00e4ftigung \u2013 und kann jetzt seine Kompetenz im Bereich Inklusion im Rahmen eines Midijobs im Montessori-Kinderhaus einbringen. Nach den Ferien startet er zudem eine Weiterbildung. F\u00fcr den beruflichen Start in Deutschland ben\u00f6tigte er \u00fcbrigens keine besonderen Nachweise.<\/p>\n<p>\u201eEs gibt allerdings einen grunds\u00e4tzlichen Unterschied zwischen den L\u00e4ndern. W\u00e4hrend in den Niederlanden sehr viel Wissen \u00fcber Kinder mit Entwicklungsst\u00f6rungen vorhanden ist, habe ich festgestellt, dass Deutschland f\u00fcr diese Kinder als Land geeigneter ist. Vieles hier ist strukturierter und verl\u00e4sslicher, was beispielsweise Autisten zugutekommt. Die selbstbestimmte Entwicklung, die in den Niederlanden im Vordergrund steht, ist eher f\u00fcr andere Kinder geeignet.\u201c<\/p>\n<h4><strong>Teamarbeit<\/strong><\/h4>\n<p>Lina Putman hat nach dem Studium und der anschlie\u00dfenden Promotion in Nimwegen ihre berufliche Laufbahn in Wageningen fortgesetzt. Sie arbeitet als Mikrobiologin bei einem Forschungsinstitut, das der Universit\u00e4t Wageningen angegliedert ist. Auch sie konnte \u2013 als Ausl\u00e4nderin \u2013 den Job ohne besondere Zusatzqualifikation beginnen. \u201eIch habe noch nie in Deutschland gearbeitet. Mir gef\u00e4llt in den Niederlanden, dass wir sehr teamorientiert arbeiten und dass Kritik in der Regel konstruktiv gemeint ist.\u201c<\/p>\n<p>Etwas komplizierter ist die Sache im Bereich Steuern, Versicherungen und staatlicher Leistungen. So h\u00e4tte Corona f\u00fcr Lina Putman fast zu einer \u00c4nderung in der Besteuerung gef\u00fchrt. \u201eDa ich in diesem Jahr lange im Homeoffice arbeiten musste, h\u00e4tte sich meine Steuerpflicht aufgrund der 183-Tage-Regelung fast nach Deutschland verlagert.\u201c Mittlerweile aber hat die Taskforce NRW mit den Niederlanden vereinbart, dass die 183-Tage-Regelung in der Coronazeit ausgesetzt wird. Inzwischen darf Lina Putman aber auch wieder ins B\u00fcro\u2026<\/p>\n<h4><strong>Leistungen<\/strong><\/h4>\n<p>Ein anderes Thema ist das Elterngeld: In den Niederlanden muss man es versteuern, in Deutschland nicht. \u201eIch habe das Gl\u00fcck, dass mein Arbeitgeber den \u201aOuderschapsverlof\u2018 mit einem \u00e4hnlichen Prozentsatz kompensiert. Elterngeld lohnt sich f\u00fcr Grenzg\u00e4nger mitunter gar nicht.\u201c Das h\u00e4nge vom Einzelfall ab. Gleiches gilt auch f\u00fcr die zus\u00e4tzliche Bezuschussung f\u00fcr die Kindertagespflege aus den Niederlanden. \u201eUm es in den Niederlanden \u00fcberhaupt beantragen zu k\u00f6nnen, brauchte ich detaillierte Best\u00e4tigungen f\u00fcr die Betreuung der Kinder in der Tagespflege. Aber in den Niederlanden konnte mir niemand sagen, wie die deutsche Bescheinigung eigentlich aussehen soll, welche Informationen verlangt werden\u2026\u201c Dazu komme, dass die Niederlande sehr viel st\u00e4rker digitalisiert seien. Ohne DigiD k\u00f6nne man online nichts beantragen. Bis vor kurzem konnte man diese jedoch nur erhalten, wenn man einen Wohnsitz in den Niederlanden hat. Voraussichtlich ab Oktober k\u00f6nnen auch Besch\u00e4ftigte, die im Ausland wohnen, eine DigiD online beantragen.<\/p>\n<h4><strong>Midi oder Mini?<\/strong><\/h4>\n<p>Bei der Teilzeitbesch\u00e4ftigung f\u00fcr ihren Mann stellte sich die Frage: Minijob oder Midijob? \u201eWir haben uns bewusst f\u00fcr einen Midijob entschieden. H\u00e4tte er einen Minijob, w\u00fcrde uns das im Versicherungsbereich 100 Euro extra kosten.\u201c Bei diesen und anderen Fragen hat die Familie die Unterst\u00fctzung des GrenzInfoPunktes in Anspruch genommen \u2013 mit Erfolg. \u201eAlleine wei\u00df man ja \u00fcberhaupt nicht, worauf man achten muss und was einem \u00fcberhaupt zusteht.\u201c<\/p>\n<p>\u201eIn solchen F\u00e4llen helfen wir nat\u00fcrlich gerne. Daf\u00fcr haben wir alle Experten an einem Tisch\u201c, betont Carola Schroer, EURES-Beraterin beim GrenzInfoPunkt der Euregio Rhein-Waal. Damit noch m\u00f6glichst viele deutsch-niederl\u00e4ndische Familien beruflich und famili\u00e4r weiterkommen. Die Putmans jedenfalls haben ihren Weg als \u201egrenzenlose Familie\u201c gefunden\u2026<\/p>\n","protected":false},"excerpt":{"rendered":"<p>Gerwin Putman ist Niederl\u00e4nder, wohnt in Kleve und arbeitet im Montessori-Kinderhaus in Kellen. Seine Frau Lina ist Deutsche und als Mikrobiologin in Wageningen besch\u00e4ftigt<\/p>\n","protected":false},"author":17,"featured_media":11677,"comment_status":"closed","ping_status":"closed","sticky":false,"template":"","format":"standard","meta":{"_acf_changed":false,"footnotes":""},"categories":[22,1,30],"tags":[],"class_list":["post-11675","post","type-post","status-publish","format-standard","has-post-thumbnail","hentry","category-arbeiten","category-news","category-wohnen"],"acf":[],"yoast_head":"<!-- This site is optimized with the Yoast SEO plugin v27.5 - https:\/\/yoast.com\/product\/yoast-seo-wordpress\/ -->\n<title>Als deutsch-niederl\u00e4ndische Familie im (Arbeits-)Alltag Gemischtes Doppel - Rhein-Waal<\/title>\n<meta name=\"robots\" content=\"index, follow, max-snippet:-1, max-image-preview:large, max-video-preview:-1\" \/>\n<link rel=\"canonical\" href=\"https:\/\/grenzinfo.eu\/erw\/als-deutsch-niederlaendische-familie-im-arbeits-alltag-gemischtes-doppel\/\" \/>\n<meta property=\"og:locale\" content=\"de_DE\" \/>\n<meta property=\"og:type\" content=\"article\" \/>\n<meta property=\"og:title\" content=\"Als deutsch-niederl\u00e4ndische Familie im (Arbeits-)Alltag Gemischtes Doppel - Rhein-Waal\" \/>\n<meta property=\"og:description\" content=\"Gerwin Putman ist Niederl\u00e4nder, wohnt in Kleve und arbeitet im Montessori-Kinderhaus in Kellen. Seine Frau Lina ist Deutsche und als Mikrobiologin in Wageningen besch\u00e4ftigt\" \/>\n<meta property=\"og:url\" content=\"https:\/\/grenzinfo.eu\/erw\/als-deutsch-niederlaendische-familie-im-arbeits-alltag-gemischtes-doppel\/\" \/>\n<meta property=\"og:site_name\" content=\"Rhein-Waal\" \/>\n<meta property=\"article:published_time\" content=\"2020-07-09T09:46:31+00:00\" \/>\n<meta property=\"og:image\" content=\"https:\/\/grenzinfo.eu\/erw\/wp-content\/uploads\/sites\/7\/2020\/07\/GerwinLina-klein-1.jpg\" \/>\n\t<meta property=\"og:image:width\" content=\"640\" \/>\n\t<meta property=\"og:image:height\" content=\"480\" \/>\n\t<meta property=\"og:image:type\" content=\"image\/jpeg\" \/>\n<meta name=\"author\" content=\"mediamixx\" \/>\n<meta name=\"twitter:card\" content=\"summary_large_image\" \/>\n<meta name=\"twitter:label1\" content=\"Geschrieben von\" \/>\n\t<meta name=\"twitter:data1\" content=\"mediamixx\" \/>\n\t<meta name=\"twitter:label2\" content=\"Gesch\u00e4tzte Lesezeit\" \/>\n\t<meta name=\"twitter:data2\" content=\"4\u00a0Minuten\" \/>\n<script type=\"application\/ld+json\" class=\"yoast-schema-graph\">{\"@context\":\"https:\\\/\\\/schema.org\",\"@graph\":[{\"@type\":\"Article\",\"@id\":\"https:\\\/\\\/grenzinfo.eu\\\/erw\\\/als-deutsch-niederlaendische-familie-im-arbeits-alltag-gemischtes-doppel\\\/#article\",\"isPartOf\":{\"@id\":\"https:\\\/\\\/grenzinfo.eu\\\/erw\\\/als-deutsch-niederlaendische-familie-im-arbeits-alltag-gemischtes-doppel\\\/\"},\"author\":{\"name\":\"mediamixx\",\"@id\":\"https:\\\/\\\/grenzinfo.eu\\\/erw\\\/#\\\/schema\\\/person\\\/1bf1278936e1e976988b44dd11c2e99c\"},\"headline\":\"Als deutsch-niederl\u00e4ndische Familie im (Arbeits-)Alltag Gemischtes Doppel\",\"datePublished\":\"2020-07-09T09:46:31+00:00\",\"mainEntityOfPage\":{\"@id\":\"https:\\\/\\\/grenzinfo.eu\\\/erw\\\/als-deutsch-niederlaendische-familie-im-arbeits-alltag-gemischtes-doppel\\\/\"},\"wordCount\":827,\"image\":{\"@id\":\"https:\\\/\\\/grenzinfo.eu\\\/erw\\\/als-deutsch-niederlaendische-familie-im-arbeits-alltag-gemischtes-doppel\\\/#primaryimage\"},\"thumbnailUrl\":\"https:\\\/\\\/grenzinfo.eu\\\/erw\\\/wp-content\\\/uploads\\\/sites\\\/7\\\/2020\\\/07\\\/GerwinLina-klein-1.jpg\",\"articleSection\":[\"Arbeiten\",\"News\",\"Wohnen\"],\"inLanguage\":\"de\"},{\"@type\":\"WebPage\",\"@id\":\"https:\\\/\\\/grenzinfo.eu\\\/erw\\\/als-deutsch-niederlaendische-familie-im-arbeits-alltag-gemischtes-doppel\\\/\",\"url\":\"https:\\\/\\\/grenzinfo.eu\\\/erw\\\/als-deutsch-niederlaendische-familie-im-arbeits-alltag-gemischtes-doppel\\\/\",\"name\":\"Als deutsch-niederl\u00e4ndische Familie im (Arbeits-)Alltag Gemischtes Doppel - Rhein-Waal\",\"isPartOf\":{\"@id\":\"https:\\\/\\\/grenzinfo.eu\\\/erw\\\/#website\"},\"primaryImageOfPage\":{\"@id\":\"https:\\\/\\\/grenzinfo.eu\\\/erw\\\/als-deutsch-niederlaendische-familie-im-arbeits-alltag-gemischtes-doppel\\\/#primaryimage\"},\"image\":{\"@id\":\"https:\\\/\\\/grenzinfo.eu\\\/erw\\\/als-deutsch-niederlaendische-familie-im-arbeits-alltag-gemischtes-doppel\\\/#primaryimage\"},\"thumbnailUrl\":\"https:\\\/\\\/grenzinfo.eu\\\/erw\\\/wp-content\\\/uploads\\\/sites\\\/7\\\/2020\\\/07\\\/GerwinLina-klein-1.jpg\",\"datePublished\":\"2020-07-09T09:46:31+00:00\",\"author\":{\"@id\":\"https:\\\/\\\/grenzinfo.eu\\\/erw\\\/#\\\/schema\\\/person\\\/1bf1278936e1e976988b44dd11c2e99c\"},\"breadcrumb\":{\"@id\":\"https:\\\/\\\/grenzinfo.eu\\\/erw\\\/als-deutsch-niederlaendische-familie-im-arbeits-alltag-gemischtes-doppel\\\/#breadcrumb\"},\"inLanguage\":\"de\",\"potentialAction\":[{\"@type\":\"ReadAction\",\"target\":[\"https:\\\/\\\/grenzinfo.eu\\\/erw\\\/als-deutsch-niederlaendische-familie-im-arbeits-alltag-gemischtes-doppel\\\/\"]}]},{\"@type\":\"ImageObject\",\"inLanguage\":\"de\",\"@id\":\"https:\\\/\\\/grenzinfo.eu\\\/erw\\\/als-deutsch-niederlaendische-familie-im-arbeits-alltag-gemischtes-doppel\\\/#primaryimage\",\"url\":\"https:\\\/\\\/grenzinfo.eu\\\/erw\\\/wp-content\\\/uploads\\\/sites\\\/7\\\/2020\\\/07\\\/GerwinLina-klein-1.jpg\",\"contentUrl\":\"https:\\\/\\\/grenzinfo.eu\\\/erw\\\/wp-content\\\/uploads\\\/sites\\\/7\\\/2020\\\/07\\\/GerwinLina-klein-1.jpg\",\"width\":640,\"height\":480,\"caption\":\"Gerwin en Lina Putman\"},{\"@type\":\"BreadcrumbList\",\"@id\":\"https:\\\/\\\/grenzinfo.eu\\\/erw\\\/als-deutsch-niederlaendische-familie-im-arbeits-alltag-gemischtes-doppel\\\/#breadcrumb\",\"itemListElement\":[{\"@type\":\"ListItem\",\"position\":1,\"name\":\"Home\",\"item\":\"https:\\\/\\\/grenzinfo.eu\\\/erw\\\/\"},{\"@type\":\"ListItem\",\"position\":2,\"name\":\"Als deutsch-niederl\u00e4ndische Familie im (Arbeits-)Alltag Gemischtes Doppel\"}]},{\"@type\":\"WebSite\",\"@id\":\"https:\\\/\\\/grenzinfo.eu\\\/erw\\\/#website\",\"url\":\"https:\\\/\\\/grenzinfo.eu\\\/erw\\\/\",\"name\":\"Rhein-Waal\",\"description\":\"Grenzinfopunkt Rhein-Waal\",\"potentialAction\":[{\"@type\":\"SearchAction\",\"target\":{\"@type\":\"EntryPoint\",\"urlTemplate\":\"https:\\\/\\\/grenzinfo.eu\\\/erw\\\/?s={search_term_string}\"},\"query-input\":{\"@type\":\"PropertyValueSpecification\",\"valueRequired\":true,\"valueName\":\"search_term_string\"}}],\"inLanguage\":\"de\"},{\"@type\":\"Person\",\"@id\":\"https:\\\/\\\/grenzinfo.eu\\\/erw\\\/#\\\/schema\\\/person\\\/1bf1278936e1e976988b44dd11c2e99c\",\"name\":\"mediamixx\",\"url\":\"https:\\\/\\\/grenzinfo.eu\\\/erw\\\/author\\\/mediamixx\\\/\"}]}<\/script>\n<!-- \/ Yoast SEO plugin. -->","yoast_head_json":{"title":"Als deutsch-niederl\u00e4ndische Familie im (Arbeits-)Alltag Gemischtes Doppel - Rhein-Waal","robots":{"index":"index","follow":"follow","max-snippet":"max-snippet:-1","max-image-preview":"max-image-preview:large","max-video-preview":"max-video-preview:-1"},"canonical":"https:\/\/grenzinfo.eu\/erw\/als-deutsch-niederlaendische-familie-im-arbeits-alltag-gemischtes-doppel\/","og_locale":"de_DE","og_type":"article","og_title":"Als deutsch-niederl\u00e4ndische Familie im (Arbeits-)Alltag Gemischtes Doppel - Rhein-Waal","og_description":"Gerwin Putman ist Niederl\u00e4nder, wohnt in Kleve und arbeitet im Montessori-Kinderhaus in Kellen. Seine Frau Lina ist Deutsche und als Mikrobiologin in Wageningen besch\u00e4ftigt","og_url":"https:\/\/grenzinfo.eu\/erw\/als-deutsch-niederlaendische-familie-im-arbeits-alltag-gemischtes-doppel\/","og_site_name":"Rhein-Waal","article_published_time":"2020-07-09T09:46:31+00:00","og_image":[{"width":640,"height":480,"url":"https:\/\/grenzinfo.eu\/erw\/wp-content\/uploads\/sites\/7\/2020\/07\/GerwinLina-klein-1.jpg","type":"image\/jpeg"}],"author":"mediamixx","twitter_card":"summary_large_image","twitter_misc":{"Geschrieben von":"mediamixx","Gesch\u00e4tzte Lesezeit":"4\u00a0Minuten"},"schema":{"@context":"https:\/\/schema.org","@graph":[{"@type":"Article","@id":"https:\/\/grenzinfo.eu\/erw\/als-deutsch-niederlaendische-familie-im-arbeits-alltag-gemischtes-doppel\/#article","isPartOf":{"@id":"https:\/\/grenzinfo.eu\/erw\/als-deutsch-niederlaendische-familie-im-arbeits-alltag-gemischtes-doppel\/"},"author":{"name":"mediamixx","@id":"https:\/\/grenzinfo.eu\/erw\/#\/schema\/person\/1bf1278936e1e976988b44dd11c2e99c"},"headline":"Als deutsch-niederl\u00e4ndische Familie im (Arbeits-)Alltag Gemischtes Doppel","datePublished":"2020-07-09T09:46:31+00:00","mainEntityOfPage":{"@id":"https:\/\/grenzinfo.eu\/erw\/als-deutsch-niederlaendische-familie-im-arbeits-alltag-gemischtes-doppel\/"},"wordCount":827,"image":{"@id":"https:\/\/grenzinfo.eu\/erw\/als-deutsch-niederlaendische-familie-im-arbeits-alltag-gemischtes-doppel\/#primaryimage"},"thumbnailUrl":"https:\/\/grenzinfo.eu\/erw\/wp-content\/uploads\/sites\/7\/2020\/07\/GerwinLina-klein-1.jpg","articleSection":["Arbeiten","News","Wohnen"],"inLanguage":"de"},{"@type":"WebPage","@id":"https:\/\/grenzinfo.eu\/erw\/als-deutsch-niederlaendische-familie-im-arbeits-alltag-gemischtes-doppel\/","url":"https:\/\/grenzinfo.eu\/erw\/als-deutsch-niederlaendische-familie-im-arbeits-alltag-gemischtes-doppel\/","name":"Als deutsch-niederl\u00e4ndische Familie im (Arbeits-)Alltag Gemischtes Doppel - Rhein-Waal","isPartOf":{"@id":"https:\/\/grenzinfo.eu\/erw\/#website"},"primaryImageOfPage":{"@id":"https:\/\/grenzinfo.eu\/erw\/als-deutsch-niederlaendische-familie-im-arbeits-alltag-gemischtes-doppel\/#primaryimage"},"image":{"@id":"https:\/\/grenzinfo.eu\/erw\/als-deutsch-niederlaendische-familie-im-arbeits-alltag-gemischtes-doppel\/#primaryimage"},"thumbnailUrl":"https:\/\/grenzinfo.eu\/erw\/wp-content\/uploads\/sites\/7\/2020\/07\/GerwinLina-klein-1.jpg","datePublished":"2020-07-09T09:46:31+00:00","author":{"@id":"https:\/\/grenzinfo.eu\/erw\/#\/schema\/person\/1bf1278936e1e976988b44dd11c2e99c"},"breadcrumb":{"@id":"https:\/\/grenzinfo.eu\/erw\/als-deutsch-niederlaendische-familie-im-arbeits-alltag-gemischtes-doppel\/#breadcrumb"},"inLanguage":"de","potentialAction":[{"@type":"ReadAction","target":["https:\/\/grenzinfo.eu\/erw\/als-deutsch-niederlaendische-familie-im-arbeits-alltag-gemischtes-doppel\/"]}]},{"@type":"ImageObject","inLanguage":"de","@id":"https:\/\/grenzinfo.eu\/erw\/als-deutsch-niederlaendische-familie-im-arbeits-alltag-gemischtes-doppel\/#primaryimage","url":"https:\/\/grenzinfo.eu\/erw\/wp-content\/uploads\/sites\/7\/2020\/07\/GerwinLina-klein-1.jpg","contentUrl":"https:\/\/grenzinfo.eu\/erw\/wp-content\/uploads\/sites\/7\/2020\/07\/GerwinLina-klein-1.jpg","width":640,"height":480,"caption":"Gerwin en Lina Putman"},{"@type":"BreadcrumbList","@id":"https:\/\/grenzinfo.eu\/erw\/als-deutsch-niederlaendische-familie-im-arbeits-alltag-gemischtes-doppel\/#breadcrumb","itemListElement":[{"@type":"ListItem","position":1,"name":"Home","item":"https:\/\/grenzinfo.eu\/erw\/"},{"@type":"ListItem","position":2,"name":"Als deutsch-niederl\u00e4ndische Familie im (Arbeits-)Alltag Gemischtes Doppel"}]},{"@type":"WebSite","@id":"https:\/\/grenzinfo.eu\/erw\/#website","url":"https:\/\/grenzinfo.eu\/erw\/","name":"Rhein-Waal","description":"Grenzinfopunkt Rhein-Waal","potentialAction":[{"@type":"SearchAction","target":{"@type":"EntryPoint","urlTemplate":"https:\/\/grenzinfo.eu\/erw\/?s={search_term_string}"},"query-input":{"@type":"PropertyValueSpecification","valueRequired":true,"valueName":"search_term_string"}}],"inLanguage":"de"},{"@type":"Person","@id":"https:\/\/grenzinfo.eu\/erw\/#\/schema\/person\/1bf1278936e1e976988b44dd11c2e99c","name":"mediamixx","url":"https:\/\/grenzinfo.eu\/erw\/author\/mediamixx\/"}]}},"lang":"de","translations":{"de":11675,"nl":11670},"pll_sync_post":[],"_links":{"self":[{"href":"https:\/\/grenzinfo.eu\/erw\/wp-json\/wp\/v2\/posts\/11675","targetHints":{"allow":["GET"]}}],"collection":[{"href":"https:\/\/grenzinfo.eu\/erw\/wp-json\/wp\/v2\/posts"}],"about":[{"href":"https:\/\/grenzinfo.eu\/erw\/wp-json\/wp\/v2\/types\/post"}],"author":[{"embeddable":true,"href":"https:\/\/grenzinfo.eu\/erw\/wp-json\/wp\/v2\/users\/17"}],"replies":[{"embeddable":true,"href":"https:\/\/grenzinfo.eu\/erw\/wp-json\/wp\/v2\/comments?post=11675"}],"version-history":[{"count":0,"href":"https:\/\/grenzinfo.eu\/erw\/wp-json\/wp\/v2\/posts\/11675\/revisions"}],"wp:featuredmedia":[{"embeddable":true,"href":"https:\/\/grenzinfo.eu\/erw\/wp-json\/wp\/v2\/media\/11677"}],"wp:attachment":[{"href":"https:\/\/grenzinfo.eu\/erw\/wp-json\/wp\/v2\/media?parent=11675"}],"wp:term":[{"taxonomy":"category","embeddable":true,"href":"https:\/\/grenzinfo.eu\/erw\/wp-json\/wp\/v2\/categories?post=11675"},{"taxonomy":"post_tag","embeddable":true,"href":"https:\/\/grenzinfo.eu\/erw\/wp-json\/wp\/v2\/tags?post=11675"}],"curies":[{"name":"wp","href":"https:\/\/api.w.org\/{rel}","templated":true}]}}