{"id":11975,"date":"2021-03-30T15:04:44","date_gmt":"2021-03-30T13:04:44","guid":{"rendered":"https:\/\/grenzinfo.eu\/erw\/?p=11975"},"modified":"2021-03-30T15:04:44","modified_gmt":"2021-03-30T13:04:44","slug":"kompetenzen-statt-qualifikationen","status":"publish","type":"post","link":"https:\/\/grenzinfo.eu\/erw\/kompetenzen-statt-qualifikationen\/","title":{"rendered":"Kompetenzen statt Qualifikationen"},"content":{"rendered":"<p><strong>Wie hat die Corona-Pandemie den deutsch-niederl\u00e4ndischen Arbeitsmarkt beeinflusst? Wo ergeben sich neue Chancen? Wo gibt es Unterst\u00fctzung? Zu diesen Fragen organisiert die Arbeitsmarktplattform der Euregio Rhein Waal am Donnerstag, 22. April 2021, ein Online-Meeting zur Zukunft des grenz\u00fcbergreifenden Arbeitsmarktes. Die Veranstaltung richtet sich an deutsche und niederl\u00e4ndische Arbeitgeber.\u00a0<\/strong><\/p>\n<p>Die Corona-Pandemie hat den deutsch-niederl\u00e4ndischen Arbeitsmarkt kr\u00e4ftig durcheinandergewirbelt. Einige Branchen suchen weiterhin h\u00e4nderingend Personal, andere sind gezwungen, die Belegschaft zu reduzieren. Welche Folgen dies mittel- und langfristig f\u00fcr die Akquise von Fachpersonal hat, will die Arbeitsmarktplattform der Euregio Rhein-Waal herausfinden. Unter dem Titel \u201eVon Chancen und Kompetenzen \u2013 die Zukunft des grenz\u00fcbergreifenden Arbeitsmarktes\u201c will sie zun\u00e4chst ein Bild der aktuellen Lage vermitteln und anschlie\u00dfend einen Blick in die Zukunft werfen. Hierzu organisiert die Arbeitsmarktplattform der Euregio Rhein-Waal am Donnerstag, 22. April 2021, ein \u201eZoom\u201c-Meeting.<\/p>\n<h3><strong>Drei Workshops<\/strong><\/h3>\n<p>Im Mittelpunkt des Programms stehen drei parallel stattfindende Online-Workshops. Dabei geht es etwa darum, dass Arbeitgeber bei der Suche, Rekrutierung und Einstellung von Mitarbeitern k\u00fcnftig mehr auf Kompetenzen und F\u00e4higkeiten als auf formale Qualifikationen achten sollten \u2013 ein Trend, der nach Expertenmeinung nach Corona eher noch st\u00e4rker wird. Zudem werden die Chancen von Menschen mit Behinderung auf dem grenz\u00fcberschreitenden Arbeitsmarkt und die konkrete Unterst\u00fctzung von Unternehmen und Besch\u00e4ftigten zur Bew\u00e4ltigung der Corona-Krise thematisiert.<\/p>\n<p>Die Arbeitsmarktplattform der Euregio Rhein-Waal ist eine Arbeitsgemeinschaft mehrerer Partnerorganisationen in Nordrhein-Westfalen und den niederl\u00e4ndischen Provinzen Gelderland, Noord-Brabant und Limburg. Ziel des mit EU-Mitteln gef\u00f6rderten Programms ist es, Hemmnisse des grenz\u00fcberschreitenden Arbeitsmarktes aufzudecken, Ursachen zu ermitteln und gemeinsame L\u00f6sungen zu finden. Durch Ideen und Aktionen soll der grenz\u00fcberschreitende Arbeitsmarkt unb\u00fcrokratisch gef\u00f6rdert werden.<\/p>\n<p>Teilnehmer erhalten nach erfolgter Anmeldung wenige Tage vor der Veranstaltung per E-Mail einen Link zugeschickt. Anmeldungen bis zum 8. April an:\u00a0<a href=\"mailto:gip@euregio.org\" target=\"_blank\" rel=\"noopener\">gip@euregio.org<\/a>.<\/p>\n","protected":false},"excerpt":{"rendered":"<p>Wie hat die Corona-Pandemie den deutsch-niederl\u00e4ndischen Arbeitsmarkt beeinflusst? Wo ergeben sich neue Chancen? Wo gibt es Unterst\u00fctzung? Zu diesen Fragen organisiert die Arbeitsmarktplattform der Euregio Rhein Waal am Donnerstag, 22. April 2021, ein Online-Meeting zur Zukunft des grenz\u00fcbergreifenden Arbeitsmarktes. Die Veranstaltung richtet sich an deutsche und niederl\u00e4ndische Arbeitgeber.\u00a0 Die Corona-Pandemie hat den deutsch-niederl\u00e4ndischen Arbeitsmarkt kr\u00e4ftig [&hellip;]<\/p>\n","protected":false},"author":17,"featured_media":11976,"comment_status":"closed","ping_status":"closed","sticky":false,"template":"","format":"standard","meta":{"_acf_changed":false,"footnotes":""},"categories":[28],"tags":[1020],"class_list":["post-11975","post","type-post","status-publish","format-standard","has-post-thumbnail","hentry","category-unternehmen","tag-arbeitsmarktplatfform"],"acf":[],"yoast_head":"<!-- This site is optimized with the Yoast SEO plugin v27.4 - https:\/\/yoast.com\/product\/yoast-seo-wordpress\/ -->\n<title>Kompetenzen statt Qualifikationen - Rhein-Waal<\/title>\n<meta name=\"description\" content=\"Wie hat die Corona-Pandemie den deutsch-niederl\u00e4ndischen Arbeitsmarkt beeinflusst? Dazu gibt es am 22. April ein Online-Meeting\" \/>\n<meta name=\"robots\" content=\"index, follow, max-snippet:-1, max-image-preview:large, max-video-preview:-1\" \/>\n<link rel=\"canonical\" href=\"https:\/\/grenzinfo.eu\/erw\/kompetenzen-statt-qualifikationen\/\" \/>\n<meta property=\"og:locale\" content=\"de_DE\" \/>\n<meta property=\"og:type\" content=\"article\" \/>\n<meta property=\"og:title\" content=\"Kompetenzen statt Qualifikationen - Rhein-Waal\" \/>\n<meta property=\"og:description\" content=\"Wie hat die Corona-Pandemie den deutsch-niederl\u00e4ndischen Arbeitsmarkt beeinflusst? Dazu gibt es am 22. April ein Online-Meeting\" \/>\n<meta property=\"og:url\" content=\"https:\/\/grenzinfo.eu\/erw\/kompetenzen-statt-qualifikationen\/\" \/>\n<meta property=\"og:site_name\" content=\"Rhein-Waal\" \/>\n<meta property=\"article:published_time\" content=\"2021-03-30T13:04:44+00:00\" \/>\n<meta property=\"og:image\" content=\"https:\/\/grenzinfo.eu\/erw\/wp-content\/uploads\/sites\/7\/2021\/03\/Arbeidsmarkt-klein-1.jpg\" \/>\n\t<meta property=\"og:image:width\" content=\"640\" \/>\n\t<meta property=\"og:image:height\" content=\"427\" \/>\n\t<meta property=\"og:image:type\" content=\"image\/jpeg\" \/>\n<meta name=\"author\" content=\"mediamixx\" \/>\n<meta name=\"twitter:card\" content=\"summary_large_image\" \/>\n<meta name=\"twitter:label1\" content=\"Geschrieben von\" \/>\n\t<meta name=\"twitter:data1\" content=\"mediamixx\" \/>\n\t<meta name=\"twitter:label2\" content=\"Gesch\u00e4tzte Lesezeit\" \/>\n\t<meta name=\"twitter:data2\" content=\"2\u00a0Minuten\" \/>\n<script type=\"application\/ld+json\" class=\"yoast-schema-graph\">{\"@context\":\"https:\\\/\\\/schema.org\",\"@graph\":[{\"@type\":\"Article\",\"@id\":\"https:\\\/\\\/grenzinfo.eu\\\/erw\\\/kompetenzen-statt-qualifikationen\\\/#article\",\"isPartOf\":{\"@id\":\"https:\\\/\\\/grenzinfo.eu\\\/erw\\\/kompetenzen-statt-qualifikationen\\\/\"},\"author\":{\"name\":\"mediamixx\",\"@id\":\"https:\\\/\\\/grenzinfo.eu\\\/erw\\\/#\\\/schema\\\/person\\\/1bf1278936e1e976988b44dd11c2e99c\"},\"headline\":\"Kompetenzen statt Qualifikationen\",\"datePublished\":\"2021-03-30T13:04:44+00:00\",\"mainEntityOfPage\":{\"@id\":\"https:\\\/\\\/grenzinfo.eu\\\/erw\\\/kompetenzen-statt-qualifikationen\\\/\"},\"wordCount\":305,\"image\":{\"@id\":\"https:\\\/\\\/grenzinfo.eu\\\/erw\\\/kompetenzen-statt-qualifikationen\\\/#primaryimage\"},\"thumbnailUrl\":\"https:\\\/\\\/grenzinfo.eu\\\/erw\\\/wp-content\\\/uploads\\\/sites\\\/7\\\/2021\\\/03\\\/Arbeidsmarkt-klein-1.jpg\",\"keywords\":[\"Arbeitsmarktplatfform\"],\"articleSection\":[\"Unternehmen\"],\"inLanguage\":\"de\"},{\"@type\":\"WebPage\",\"@id\":\"https:\\\/\\\/grenzinfo.eu\\\/erw\\\/kompetenzen-statt-qualifikationen\\\/\",\"url\":\"https:\\\/\\\/grenzinfo.eu\\\/erw\\\/kompetenzen-statt-qualifikationen\\\/\",\"name\":\"Kompetenzen statt Qualifikationen - Rhein-Waal\",\"isPartOf\":{\"@id\":\"https:\\\/\\\/grenzinfo.eu\\\/erw\\\/#website\"},\"primaryImageOfPage\":{\"@id\":\"https:\\\/\\\/grenzinfo.eu\\\/erw\\\/kompetenzen-statt-qualifikationen\\\/#primaryimage\"},\"image\":{\"@id\":\"https:\\\/\\\/grenzinfo.eu\\\/erw\\\/kompetenzen-statt-qualifikationen\\\/#primaryimage\"},\"thumbnailUrl\":\"https:\\\/\\\/grenzinfo.eu\\\/erw\\\/wp-content\\\/uploads\\\/sites\\\/7\\\/2021\\\/03\\\/Arbeidsmarkt-klein-1.jpg\",\"datePublished\":\"2021-03-30T13:04:44+00:00\",\"author\":{\"@id\":\"https:\\\/\\\/grenzinfo.eu\\\/erw\\\/#\\\/schema\\\/person\\\/1bf1278936e1e976988b44dd11c2e99c\"},\"description\":\"Wie hat die Corona-Pandemie den deutsch-niederl\u00e4ndischen Arbeitsmarkt beeinflusst? Dazu gibt es am 22. April ein Online-Meeting\",\"breadcrumb\":{\"@id\":\"https:\\\/\\\/grenzinfo.eu\\\/erw\\\/kompetenzen-statt-qualifikationen\\\/#breadcrumb\"},\"inLanguage\":\"de\",\"potentialAction\":[{\"@type\":\"ReadAction\",\"target\":[\"https:\\\/\\\/grenzinfo.eu\\\/erw\\\/kompetenzen-statt-qualifikationen\\\/\"]}]},{\"@type\":\"ImageObject\",\"inLanguage\":\"de\",\"@id\":\"https:\\\/\\\/grenzinfo.eu\\\/erw\\\/kompetenzen-statt-qualifikationen\\\/#primaryimage\",\"url\":\"https:\\\/\\\/grenzinfo.eu\\\/erw\\\/wp-content\\\/uploads\\\/sites\\\/7\\\/2021\\\/03\\\/Arbeidsmarkt-klein-1.jpg\",\"contentUrl\":\"https:\\\/\\\/grenzinfo.eu\\\/erw\\\/wp-content\\\/uploads\\\/sites\\\/7\\\/2021\\\/03\\\/Arbeidsmarkt-klein-1.jpg\",\"width\":640,\"height\":427,\"caption\":\"Die Initiatoren der Arbeitsmarktplattform der Euregio Rhein-Waal. Das Foto ist vor der Corona-Pandemie entstanden\"},{\"@type\":\"BreadcrumbList\",\"@id\":\"https:\\\/\\\/grenzinfo.eu\\\/erw\\\/kompetenzen-statt-qualifikationen\\\/#breadcrumb\",\"itemListElement\":[{\"@type\":\"ListItem\",\"position\":1,\"name\":\"Home\",\"item\":\"https:\\\/\\\/grenzinfo.eu\\\/erw\\\/\"},{\"@type\":\"ListItem\",\"position\":2,\"name\":\"Kompetenzen statt Qualifikationen\"}]},{\"@type\":\"WebSite\",\"@id\":\"https:\\\/\\\/grenzinfo.eu\\\/erw\\\/#website\",\"url\":\"https:\\\/\\\/grenzinfo.eu\\\/erw\\\/\",\"name\":\"Rhein-Waal\",\"description\":\"Grenzinfopunkt Rhein-Waal\",\"potentialAction\":[{\"@type\":\"SearchAction\",\"target\":{\"@type\":\"EntryPoint\",\"urlTemplate\":\"https:\\\/\\\/grenzinfo.eu\\\/erw\\\/?s={search_term_string}\"},\"query-input\":{\"@type\":\"PropertyValueSpecification\",\"valueRequired\":true,\"valueName\":\"search_term_string\"}}],\"inLanguage\":\"de\"},{\"@type\":\"Person\",\"@id\":\"https:\\\/\\\/grenzinfo.eu\\\/erw\\\/#\\\/schema\\\/person\\\/1bf1278936e1e976988b44dd11c2e99c\",\"name\":\"mediamixx\",\"url\":\"https:\\\/\\\/grenzinfo.eu\\\/erw\\\/author\\\/mediamixx\\\/\"}]}<\/script>\n<!-- \/ Yoast SEO plugin. -->","yoast_head_json":{"title":"Kompetenzen statt Qualifikationen - Rhein-Waal","description":"Wie hat die Corona-Pandemie den deutsch-niederl\u00e4ndischen Arbeitsmarkt beeinflusst? Dazu gibt es am 22. April ein Online-Meeting","robots":{"index":"index","follow":"follow","max-snippet":"max-snippet:-1","max-image-preview":"max-image-preview:large","max-video-preview":"max-video-preview:-1"},"canonical":"https:\/\/grenzinfo.eu\/erw\/kompetenzen-statt-qualifikationen\/","og_locale":"de_DE","og_type":"article","og_title":"Kompetenzen statt Qualifikationen - Rhein-Waal","og_description":"Wie hat die Corona-Pandemie den deutsch-niederl\u00e4ndischen Arbeitsmarkt beeinflusst? Dazu gibt es am 22. April ein Online-Meeting","og_url":"https:\/\/grenzinfo.eu\/erw\/kompetenzen-statt-qualifikationen\/","og_site_name":"Rhein-Waal","article_published_time":"2021-03-30T13:04:44+00:00","og_image":[{"width":640,"height":427,"url":"https:\/\/grenzinfo.eu\/erw\/wp-content\/uploads\/sites\/7\/2021\/03\/Arbeidsmarkt-klein-1.jpg","type":"image\/jpeg"}],"author":"mediamixx","twitter_card":"summary_large_image","twitter_misc":{"Geschrieben von":"mediamixx","Gesch\u00e4tzte Lesezeit":"2\u00a0Minuten"},"schema":{"@context":"https:\/\/schema.org","@graph":[{"@type":"Article","@id":"https:\/\/grenzinfo.eu\/erw\/kompetenzen-statt-qualifikationen\/#article","isPartOf":{"@id":"https:\/\/grenzinfo.eu\/erw\/kompetenzen-statt-qualifikationen\/"},"author":{"name":"mediamixx","@id":"https:\/\/grenzinfo.eu\/erw\/#\/schema\/person\/1bf1278936e1e976988b44dd11c2e99c"},"headline":"Kompetenzen statt Qualifikationen","datePublished":"2021-03-30T13:04:44+00:00","mainEntityOfPage":{"@id":"https:\/\/grenzinfo.eu\/erw\/kompetenzen-statt-qualifikationen\/"},"wordCount":305,"image":{"@id":"https:\/\/grenzinfo.eu\/erw\/kompetenzen-statt-qualifikationen\/#primaryimage"},"thumbnailUrl":"https:\/\/grenzinfo.eu\/erw\/wp-content\/uploads\/sites\/7\/2021\/03\/Arbeidsmarkt-klein-1.jpg","keywords":["Arbeitsmarktplatfform"],"articleSection":["Unternehmen"],"inLanguage":"de"},{"@type":"WebPage","@id":"https:\/\/grenzinfo.eu\/erw\/kompetenzen-statt-qualifikationen\/","url":"https:\/\/grenzinfo.eu\/erw\/kompetenzen-statt-qualifikationen\/","name":"Kompetenzen statt Qualifikationen - Rhein-Waal","isPartOf":{"@id":"https:\/\/grenzinfo.eu\/erw\/#website"},"primaryImageOfPage":{"@id":"https:\/\/grenzinfo.eu\/erw\/kompetenzen-statt-qualifikationen\/#primaryimage"},"image":{"@id":"https:\/\/grenzinfo.eu\/erw\/kompetenzen-statt-qualifikationen\/#primaryimage"},"thumbnailUrl":"https:\/\/grenzinfo.eu\/erw\/wp-content\/uploads\/sites\/7\/2021\/03\/Arbeidsmarkt-klein-1.jpg","datePublished":"2021-03-30T13:04:44+00:00","author":{"@id":"https:\/\/grenzinfo.eu\/erw\/#\/schema\/person\/1bf1278936e1e976988b44dd11c2e99c"},"description":"Wie hat die Corona-Pandemie den deutsch-niederl\u00e4ndischen Arbeitsmarkt beeinflusst? Dazu gibt es am 22. April ein Online-Meeting","breadcrumb":{"@id":"https:\/\/grenzinfo.eu\/erw\/kompetenzen-statt-qualifikationen\/#breadcrumb"},"inLanguage":"de","potentialAction":[{"@type":"ReadAction","target":["https:\/\/grenzinfo.eu\/erw\/kompetenzen-statt-qualifikationen\/"]}]},{"@type":"ImageObject","inLanguage":"de","@id":"https:\/\/grenzinfo.eu\/erw\/kompetenzen-statt-qualifikationen\/#primaryimage","url":"https:\/\/grenzinfo.eu\/erw\/wp-content\/uploads\/sites\/7\/2021\/03\/Arbeidsmarkt-klein-1.jpg","contentUrl":"https:\/\/grenzinfo.eu\/erw\/wp-content\/uploads\/sites\/7\/2021\/03\/Arbeidsmarkt-klein-1.jpg","width":640,"height":427,"caption":"Die Initiatoren der Arbeitsmarktplattform der Euregio Rhein-Waal. Das Foto ist vor der Corona-Pandemie entstanden"},{"@type":"BreadcrumbList","@id":"https:\/\/grenzinfo.eu\/erw\/kompetenzen-statt-qualifikationen\/#breadcrumb","itemListElement":[{"@type":"ListItem","position":1,"name":"Home","item":"https:\/\/grenzinfo.eu\/erw\/"},{"@type":"ListItem","position":2,"name":"Kompetenzen statt Qualifikationen"}]},{"@type":"WebSite","@id":"https:\/\/grenzinfo.eu\/erw\/#website","url":"https:\/\/grenzinfo.eu\/erw\/","name":"Rhein-Waal","description":"Grenzinfopunkt Rhein-Waal","potentialAction":[{"@type":"SearchAction","target":{"@type":"EntryPoint","urlTemplate":"https:\/\/grenzinfo.eu\/erw\/?s={search_term_string}"},"query-input":{"@type":"PropertyValueSpecification","valueRequired":true,"valueName":"search_term_string"}}],"inLanguage":"de"},{"@type":"Person","@id":"https:\/\/grenzinfo.eu\/erw\/#\/schema\/person\/1bf1278936e1e976988b44dd11c2e99c","name":"mediamixx","url":"https:\/\/grenzinfo.eu\/erw\/author\/mediamixx\/"}]}},"lang":"de","translations":{"de":11975,"nl":11971},"pll_sync_post":[],"_links":{"self":[{"href":"https:\/\/grenzinfo.eu\/erw\/wp-json\/wp\/v2\/posts\/11975","targetHints":{"allow":["GET"]}}],"collection":[{"href":"https:\/\/grenzinfo.eu\/erw\/wp-json\/wp\/v2\/posts"}],"about":[{"href":"https:\/\/grenzinfo.eu\/erw\/wp-json\/wp\/v2\/types\/post"}],"author":[{"embeddable":true,"href":"https:\/\/grenzinfo.eu\/erw\/wp-json\/wp\/v2\/users\/17"}],"replies":[{"embeddable":true,"href":"https:\/\/grenzinfo.eu\/erw\/wp-json\/wp\/v2\/comments?post=11975"}],"version-history":[{"count":0,"href":"https:\/\/grenzinfo.eu\/erw\/wp-json\/wp\/v2\/posts\/11975\/revisions"}],"wp:featuredmedia":[{"embeddable":true,"href":"https:\/\/grenzinfo.eu\/erw\/wp-json\/wp\/v2\/media\/11976"}],"wp:attachment":[{"href":"https:\/\/grenzinfo.eu\/erw\/wp-json\/wp\/v2\/media?parent=11975"}],"wp:term":[{"taxonomy":"category","embeddable":true,"href":"https:\/\/grenzinfo.eu\/erw\/wp-json\/wp\/v2\/categories?post=11975"},{"taxonomy":"post_tag","embeddable":true,"href":"https:\/\/grenzinfo.eu\/erw\/wp-json\/wp\/v2\/tags?post=11975"}],"curies":[{"name":"wp","href":"https:\/\/api.w.org\/{rel}","templated":true}]}}