{"id":12489,"date":"2022-09-27T14:20:52","date_gmt":"2022-09-27T12:20:52","guid":{"rendered":"https:\/\/grenzinfo.eu\/erw\/?p=12489"},"modified":"2022-09-27T14:20:52","modified_gmt":"2022-09-27T12:20:52","slug":"grenzinfopunkt-rhein-waal-laedt-zu-einem-vortrag-zum-thema-erbrecht-ein","status":"publish","type":"post","link":"https:\/\/grenzinfo.eu\/erw\/grenzinfopunkt-rhein-waal-laedt-zu-einem-vortrag-zum-thema-erbrecht-ein\/","title":{"rendered":"GrenzInfoPunkt Rhein-Waal l\u00e4dt zu einem Vortrag zum Thema Erbrecht ein"},"content":{"rendered":"<p><strong>Worauf muss man achten, wenn man grenz\u00fcberschreitend ein Erbe antritt? Welche Folgen hat es? Und welche Unterschiede gibt es im Erbrecht zwischen Deutschland und den Niederlanden? Antworten auf diese und weitere Fragen erhalten Interessierte im Rahmen eines Vortrags des grenz\u00fcberschreitend t\u00e4tigen Notariats Van Weeghel Doppenberg Kamps Notarissen. Dazu l\u00e4dt der GrenzInfoPunkt Rhein-Waal am Dienstag, 18. Oktober, von 19 bis 21 Uhr ins Euregio Forum in Kleve ein.<\/strong><\/p>\n<p>Viele Niederl\u00e4nder w\u00e4hlen Deutschland als st\u00e4ndigen Wohnsitz. Seit einiger Zeit gelten f\u00fcr niederl\u00e4ndische Staatsangeh\u00f6rige, die dauerhaft in Deutschland leben, wichtige neue Regelungen. \u201eDiese Vorschriften haben u. a. erhebliche Auswirkungen auf das Erbrecht und die Besteuerung\u201c, wei\u00df Cees Doppenberg vom Notariat Van Weeghel Doppenberg Kamps. \u201eDie \u00c4nderungen bewirken beispielsweise, dass diese Niederl\u00e4nder demn\u00e4chst unter das deutsche Erbrecht fallen. So ist der \u00fcberlebende Partner weniger gut gesch\u00fctzt. Und im Falle von Lebensgemeinschaften hat die Familie pl\u00f6tzlich auch einen Rechtsanspruch auf das Erbe.\u201c Daher gilt es beispielsweise auch fr\u00fchzeitig zu kl\u00e4ren, ob und in welchem Land ein Testament und ein Ehevertrag aufgesetzt werden sollten.<\/p>\n<p>Vor diesem Hintergrund hat das Deutschland-Team von Van Weeghel Doppenberg Kamps Notarissen einen Vortrag zum Thema \u201eDie aktuelle Situation f\u00fcr in Deutschland lebende Niederl\u00e4nder\u201c vorbereitet.<\/p>\n<h2><strong>Anmeldung<\/strong><\/h2>\n<p>Wer am Dienstag, 18. Oktober, von 19 bis 21 Uhr dem Vortrag beiwohnen m\u00f6chte, kann sich bis zum 14. Oktober telefonisch unter 02821\/793079 oder per E-Mail an <a href=\"mailto:gip@euregio.org\">gip@euregio.org<\/a> anmelden. Die Teilnahme an der Veranstaltung, die im Forum der Euregio Rhein-Waal (Emmericher Stra\u00dfe 24, 47533 Kleve) stattfindet, ist kostenlos.<\/p>\n","protected":false},"excerpt":{"rendered":"<p>Worauf muss man achten, wenn man grenz\u00fcberschreitend ein Erbe antritt? Welche Folgen hat es? Und welche Unterschiede gibt es im Erbrecht zwischen Deutschland und den Niederlanden? Antworten auf diese und weitere Fragen erhalten Interessierte im Rahmen eines Vortrags des grenz\u00fcberschreitend t\u00e4tigen Notariats Van Weeghel Doppenberg Kamps Notarissen. Dazu l\u00e4dt der GrenzInfoPunkt Rhein-Waal am Dienstag, 18. [&hellip;]<\/p>\n","protected":false},"author":17,"featured_media":12469,"comment_status":"closed","ping_status":"closed","sticky":false,"template":"","format":"standard","meta":{"_acf_changed":false,"footnotes":""},"categories":[1],"tags":[],"class_list":["post-12489","post","type-post","status-publish","format-standard","has-post-thumbnail","hentry","category-news"],"acf":[],"yoast_head":"<!-- This site is optimized with the Yoast SEO plugin v27.5 - https:\/\/yoast.com\/product\/yoast-seo-wordpress\/ -->\n<title>GrenzInfoPunkt Rhein-Waal l\u00e4dt zu einem Vortrag zum Thema Erbrecht ein - Rhein-Waal<\/title>\n<meta name=\"robots\" content=\"index, follow, max-snippet:-1, max-image-preview:large, max-video-preview:-1\" \/>\n<link rel=\"canonical\" href=\"https:\/\/grenzinfo.eu\/erw\/grenzinfopunkt-rhein-waal-laedt-zu-einem-vortrag-zum-thema-erbrecht-ein\/\" \/>\n<meta property=\"og:locale\" content=\"de_DE\" \/>\n<meta property=\"og:type\" content=\"article\" \/>\n<meta property=\"og:title\" content=\"GrenzInfoPunkt Rhein-Waal l\u00e4dt zu einem Vortrag zum Thema Erbrecht ein - Rhein-Waal\" \/>\n<meta property=\"og:description\" content=\"Worauf muss man achten, wenn man grenz\u00fcberschreitend ein Erbe antritt? Welche Folgen hat es? Und welche Unterschiede gibt es im Erbrecht zwischen Deutschland und den Niederlanden? Antworten auf diese und weitere Fragen erhalten Interessierte im Rahmen eines Vortrags des grenz\u00fcberschreitend t\u00e4tigen Notariats Van Weeghel Doppenberg Kamps Notarissen. Dazu l\u00e4dt der GrenzInfoPunkt Rhein-Waal am Dienstag, 18. [&hellip;]\" \/>\n<meta property=\"og:url\" content=\"https:\/\/grenzinfo.eu\/erw\/grenzinfopunkt-rhein-waal-laedt-zu-einem-vortrag-zum-thema-erbrecht-ein\/\" \/>\n<meta property=\"og:site_name\" content=\"Rhein-Waal\" \/>\n<meta property=\"article:published_time\" content=\"2022-09-27T12:20:52+00:00\" \/>\n<meta property=\"og:image\" content=\"https:\/\/grenzinfo.eu\/erw\/wp-content\/uploads\/sites\/7\/2022\/09\/Euregio-Rhein-Waal.jpg\" \/>\n\t<meta property=\"og:image:width\" content=\"878\" \/>\n\t<meta property=\"og:image:height\" content=\"493\" \/>\n\t<meta property=\"og:image:type\" content=\"image\/jpeg\" \/>\n<meta name=\"author\" content=\"mediamixx\" \/>\n<meta name=\"twitter:card\" content=\"summary_large_image\" \/>\n<meta name=\"twitter:label1\" content=\"Geschrieben von\" \/>\n\t<meta name=\"twitter:data1\" content=\"mediamixx\" \/>\n\t<meta name=\"twitter:label2\" content=\"Gesch\u00e4tzte Lesezeit\" \/>\n\t<meta name=\"twitter:data2\" content=\"2\u00a0Minuten\" \/>\n<script type=\"application\/ld+json\" class=\"yoast-schema-graph\">{\"@context\":\"https:\\\/\\\/schema.org\",\"@graph\":[{\"@type\":\"Article\",\"@id\":\"https:\\\/\\\/grenzinfo.eu\\\/erw\\\/grenzinfopunkt-rhein-waal-laedt-zu-einem-vortrag-zum-thema-erbrecht-ein\\\/#article\",\"isPartOf\":{\"@id\":\"https:\\\/\\\/grenzinfo.eu\\\/erw\\\/grenzinfopunkt-rhein-waal-laedt-zu-einem-vortrag-zum-thema-erbrecht-ein\\\/\"},\"author\":{\"name\":\"mediamixx\",\"@id\":\"https:\\\/\\\/grenzinfo.eu\\\/erw\\\/#\\\/schema\\\/person\\\/1bf1278936e1e976988b44dd11c2e99c\"},\"headline\":\"GrenzInfoPunkt Rhein-Waal l\u00e4dt zu einem Vortrag zum Thema Erbrecht ein\",\"datePublished\":\"2022-09-27T12:20:52+00:00\",\"mainEntityOfPage\":{\"@id\":\"https:\\\/\\\/grenzinfo.eu\\\/erw\\\/grenzinfopunkt-rhein-waal-laedt-zu-einem-vortrag-zum-thema-erbrecht-ein\\\/\"},\"wordCount\":265,\"image\":{\"@id\":\"https:\\\/\\\/grenzinfo.eu\\\/erw\\\/grenzinfopunkt-rhein-waal-laedt-zu-einem-vortrag-zum-thema-erbrecht-ein\\\/#primaryimage\"},\"thumbnailUrl\":\"https:\\\/\\\/grenzinfo.eu\\\/erw\\\/wp-content\\\/uploads\\\/sites\\\/7\\\/2022\\\/09\\\/Euregio-Rhein-Waal.jpg\",\"articleSection\":[\"News\"],\"inLanguage\":\"de\"},{\"@type\":\"WebPage\",\"@id\":\"https:\\\/\\\/grenzinfo.eu\\\/erw\\\/grenzinfopunkt-rhein-waal-laedt-zu-einem-vortrag-zum-thema-erbrecht-ein\\\/\",\"url\":\"https:\\\/\\\/grenzinfo.eu\\\/erw\\\/grenzinfopunkt-rhein-waal-laedt-zu-einem-vortrag-zum-thema-erbrecht-ein\\\/\",\"name\":\"GrenzInfoPunkt Rhein-Waal l\u00e4dt zu einem Vortrag zum Thema Erbrecht ein - Rhein-Waal\",\"isPartOf\":{\"@id\":\"https:\\\/\\\/grenzinfo.eu\\\/erw\\\/#website\"},\"primaryImageOfPage\":{\"@id\":\"https:\\\/\\\/grenzinfo.eu\\\/erw\\\/grenzinfopunkt-rhein-waal-laedt-zu-einem-vortrag-zum-thema-erbrecht-ein\\\/#primaryimage\"},\"image\":{\"@id\":\"https:\\\/\\\/grenzinfo.eu\\\/erw\\\/grenzinfopunkt-rhein-waal-laedt-zu-einem-vortrag-zum-thema-erbrecht-ein\\\/#primaryimage\"},\"thumbnailUrl\":\"https:\\\/\\\/grenzinfo.eu\\\/erw\\\/wp-content\\\/uploads\\\/sites\\\/7\\\/2022\\\/09\\\/Euregio-Rhein-Waal.jpg\",\"datePublished\":\"2022-09-27T12:20:52+00:00\",\"author\":{\"@id\":\"https:\\\/\\\/grenzinfo.eu\\\/erw\\\/#\\\/schema\\\/person\\\/1bf1278936e1e976988b44dd11c2e99c\"},\"breadcrumb\":{\"@id\":\"https:\\\/\\\/grenzinfo.eu\\\/erw\\\/grenzinfopunkt-rhein-waal-laedt-zu-einem-vortrag-zum-thema-erbrecht-ein\\\/#breadcrumb\"},\"inLanguage\":\"de\",\"potentialAction\":[{\"@type\":\"ReadAction\",\"target\":[\"https:\\\/\\\/grenzinfo.eu\\\/erw\\\/grenzinfopunkt-rhein-waal-laedt-zu-einem-vortrag-zum-thema-erbrecht-ein\\\/\"]}]},{\"@type\":\"ImageObject\",\"inLanguage\":\"de\",\"@id\":\"https:\\\/\\\/grenzinfo.eu\\\/erw\\\/grenzinfopunkt-rhein-waal-laedt-zu-einem-vortrag-zum-thema-erbrecht-ein\\\/#primaryimage\",\"url\":\"https:\\\/\\\/grenzinfo.eu\\\/erw\\\/wp-content\\\/uploads\\\/sites\\\/7\\\/2022\\\/09\\\/Euregio-Rhein-Waal.jpg\",\"contentUrl\":\"https:\\\/\\\/grenzinfo.eu\\\/erw\\\/wp-content\\\/uploads\\\/sites\\\/7\\\/2022\\\/09\\\/Euregio-Rhein-Waal.jpg\",\"width\":878,\"height\":493},{\"@type\":\"BreadcrumbList\",\"@id\":\"https:\\\/\\\/grenzinfo.eu\\\/erw\\\/grenzinfopunkt-rhein-waal-laedt-zu-einem-vortrag-zum-thema-erbrecht-ein\\\/#breadcrumb\",\"itemListElement\":[{\"@type\":\"ListItem\",\"position\":1,\"name\":\"Home\",\"item\":\"https:\\\/\\\/grenzinfo.eu\\\/erw\\\/\"},{\"@type\":\"ListItem\",\"position\":2,\"name\":\"GrenzInfoPunkt Rhein-Waal l\u00e4dt zu einem Vortrag zum Thema Erbrecht ein\"}]},{\"@type\":\"WebSite\",\"@id\":\"https:\\\/\\\/grenzinfo.eu\\\/erw\\\/#website\",\"url\":\"https:\\\/\\\/grenzinfo.eu\\\/erw\\\/\",\"name\":\"Rhein-Waal\",\"description\":\"Grenzinfopunkt Rhein-Waal\",\"potentialAction\":[{\"@type\":\"SearchAction\",\"target\":{\"@type\":\"EntryPoint\",\"urlTemplate\":\"https:\\\/\\\/grenzinfo.eu\\\/erw\\\/?s={search_term_string}\"},\"query-input\":{\"@type\":\"PropertyValueSpecification\",\"valueRequired\":true,\"valueName\":\"search_term_string\"}}],\"inLanguage\":\"de\"},{\"@type\":\"Person\",\"@id\":\"https:\\\/\\\/grenzinfo.eu\\\/erw\\\/#\\\/schema\\\/person\\\/1bf1278936e1e976988b44dd11c2e99c\",\"name\":\"mediamixx\",\"url\":\"https:\\\/\\\/grenzinfo.eu\\\/erw\\\/author\\\/mediamixx\\\/\"}]}<\/script>\n<!-- \/ Yoast SEO plugin. -->","yoast_head_json":{"title":"GrenzInfoPunkt Rhein-Waal l\u00e4dt zu einem Vortrag zum Thema Erbrecht ein - Rhein-Waal","robots":{"index":"index","follow":"follow","max-snippet":"max-snippet:-1","max-image-preview":"max-image-preview:large","max-video-preview":"max-video-preview:-1"},"canonical":"https:\/\/grenzinfo.eu\/erw\/grenzinfopunkt-rhein-waal-laedt-zu-einem-vortrag-zum-thema-erbrecht-ein\/","og_locale":"de_DE","og_type":"article","og_title":"GrenzInfoPunkt Rhein-Waal l\u00e4dt zu einem Vortrag zum Thema Erbrecht ein - Rhein-Waal","og_description":"Worauf muss man achten, wenn man grenz\u00fcberschreitend ein Erbe antritt? Welche Folgen hat es? Und welche Unterschiede gibt es im Erbrecht zwischen Deutschland und den Niederlanden? Antworten auf diese und weitere Fragen erhalten Interessierte im Rahmen eines Vortrags des grenz\u00fcberschreitend t\u00e4tigen Notariats Van Weeghel Doppenberg Kamps Notarissen. Dazu l\u00e4dt der GrenzInfoPunkt Rhein-Waal am Dienstag, 18. [&hellip;]","og_url":"https:\/\/grenzinfo.eu\/erw\/grenzinfopunkt-rhein-waal-laedt-zu-einem-vortrag-zum-thema-erbrecht-ein\/","og_site_name":"Rhein-Waal","article_published_time":"2022-09-27T12:20:52+00:00","og_image":[{"width":878,"height":493,"url":"https:\/\/grenzinfo.eu\/erw\/wp-content\/uploads\/sites\/7\/2022\/09\/Euregio-Rhein-Waal.jpg","type":"image\/jpeg"}],"author":"mediamixx","twitter_card":"summary_large_image","twitter_misc":{"Geschrieben von":"mediamixx","Gesch\u00e4tzte Lesezeit":"2\u00a0Minuten"},"schema":{"@context":"https:\/\/schema.org","@graph":[{"@type":"Article","@id":"https:\/\/grenzinfo.eu\/erw\/grenzinfopunkt-rhein-waal-laedt-zu-einem-vortrag-zum-thema-erbrecht-ein\/#article","isPartOf":{"@id":"https:\/\/grenzinfo.eu\/erw\/grenzinfopunkt-rhein-waal-laedt-zu-einem-vortrag-zum-thema-erbrecht-ein\/"},"author":{"name":"mediamixx","@id":"https:\/\/grenzinfo.eu\/erw\/#\/schema\/person\/1bf1278936e1e976988b44dd11c2e99c"},"headline":"GrenzInfoPunkt Rhein-Waal l\u00e4dt zu einem Vortrag zum Thema Erbrecht ein","datePublished":"2022-09-27T12:20:52+00:00","mainEntityOfPage":{"@id":"https:\/\/grenzinfo.eu\/erw\/grenzinfopunkt-rhein-waal-laedt-zu-einem-vortrag-zum-thema-erbrecht-ein\/"},"wordCount":265,"image":{"@id":"https:\/\/grenzinfo.eu\/erw\/grenzinfopunkt-rhein-waal-laedt-zu-einem-vortrag-zum-thema-erbrecht-ein\/#primaryimage"},"thumbnailUrl":"https:\/\/grenzinfo.eu\/erw\/wp-content\/uploads\/sites\/7\/2022\/09\/Euregio-Rhein-Waal.jpg","articleSection":["News"],"inLanguage":"de"},{"@type":"WebPage","@id":"https:\/\/grenzinfo.eu\/erw\/grenzinfopunkt-rhein-waal-laedt-zu-einem-vortrag-zum-thema-erbrecht-ein\/","url":"https:\/\/grenzinfo.eu\/erw\/grenzinfopunkt-rhein-waal-laedt-zu-einem-vortrag-zum-thema-erbrecht-ein\/","name":"GrenzInfoPunkt Rhein-Waal l\u00e4dt zu einem Vortrag zum Thema Erbrecht ein - Rhein-Waal","isPartOf":{"@id":"https:\/\/grenzinfo.eu\/erw\/#website"},"primaryImageOfPage":{"@id":"https:\/\/grenzinfo.eu\/erw\/grenzinfopunkt-rhein-waal-laedt-zu-einem-vortrag-zum-thema-erbrecht-ein\/#primaryimage"},"image":{"@id":"https:\/\/grenzinfo.eu\/erw\/grenzinfopunkt-rhein-waal-laedt-zu-einem-vortrag-zum-thema-erbrecht-ein\/#primaryimage"},"thumbnailUrl":"https:\/\/grenzinfo.eu\/erw\/wp-content\/uploads\/sites\/7\/2022\/09\/Euregio-Rhein-Waal.jpg","datePublished":"2022-09-27T12:20:52+00:00","author":{"@id":"https:\/\/grenzinfo.eu\/erw\/#\/schema\/person\/1bf1278936e1e976988b44dd11c2e99c"},"breadcrumb":{"@id":"https:\/\/grenzinfo.eu\/erw\/grenzinfopunkt-rhein-waal-laedt-zu-einem-vortrag-zum-thema-erbrecht-ein\/#breadcrumb"},"inLanguage":"de","potentialAction":[{"@type":"ReadAction","target":["https:\/\/grenzinfo.eu\/erw\/grenzinfopunkt-rhein-waal-laedt-zu-einem-vortrag-zum-thema-erbrecht-ein\/"]}]},{"@type":"ImageObject","inLanguage":"de","@id":"https:\/\/grenzinfo.eu\/erw\/grenzinfopunkt-rhein-waal-laedt-zu-einem-vortrag-zum-thema-erbrecht-ein\/#primaryimage","url":"https:\/\/grenzinfo.eu\/erw\/wp-content\/uploads\/sites\/7\/2022\/09\/Euregio-Rhein-Waal.jpg","contentUrl":"https:\/\/grenzinfo.eu\/erw\/wp-content\/uploads\/sites\/7\/2022\/09\/Euregio-Rhein-Waal.jpg","width":878,"height":493},{"@type":"BreadcrumbList","@id":"https:\/\/grenzinfo.eu\/erw\/grenzinfopunkt-rhein-waal-laedt-zu-einem-vortrag-zum-thema-erbrecht-ein\/#breadcrumb","itemListElement":[{"@type":"ListItem","position":1,"name":"Home","item":"https:\/\/grenzinfo.eu\/erw\/"},{"@type":"ListItem","position":2,"name":"GrenzInfoPunkt Rhein-Waal l\u00e4dt zu einem Vortrag zum Thema Erbrecht ein"}]},{"@type":"WebSite","@id":"https:\/\/grenzinfo.eu\/erw\/#website","url":"https:\/\/grenzinfo.eu\/erw\/","name":"Rhein-Waal","description":"Grenzinfopunkt Rhein-Waal","potentialAction":[{"@type":"SearchAction","target":{"@type":"EntryPoint","urlTemplate":"https:\/\/grenzinfo.eu\/erw\/?s={search_term_string}"},"query-input":{"@type":"PropertyValueSpecification","valueRequired":true,"valueName":"search_term_string"}}],"inLanguage":"de"},{"@type":"Person","@id":"https:\/\/grenzinfo.eu\/erw\/#\/schema\/person\/1bf1278936e1e976988b44dd11c2e99c","name":"mediamixx","url":"https:\/\/grenzinfo.eu\/erw\/author\/mediamixx\/"}]}},"lang":"de","translations":{"de":12489},"pll_sync_post":[],"_links":{"self":[{"href":"https:\/\/grenzinfo.eu\/erw\/wp-json\/wp\/v2\/posts\/12489","targetHints":{"allow":["GET"]}}],"collection":[{"href":"https:\/\/grenzinfo.eu\/erw\/wp-json\/wp\/v2\/posts"}],"about":[{"href":"https:\/\/grenzinfo.eu\/erw\/wp-json\/wp\/v2\/types\/post"}],"author":[{"embeddable":true,"href":"https:\/\/grenzinfo.eu\/erw\/wp-json\/wp\/v2\/users\/17"}],"replies":[{"embeddable":true,"href":"https:\/\/grenzinfo.eu\/erw\/wp-json\/wp\/v2\/comments?post=12489"}],"version-history":[{"count":0,"href":"https:\/\/grenzinfo.eu\/erw\/wp-json\/wp\/v2\/posts\/12489\/revisions"}],"wp:featuredmedia":[{"embeddable":true,"href":"https:\/\/grenzinfo.eu\/erw\/wp-json\/wp\/v2\/media\/12469"}],"wp:attachment":[{"href":"https:\/\/grenzinfo.eu\/erw\/wp-json\/wp\/v2\/media?parent=12489"}],"wp:term":[{"taxonomy":"category","embeddable":true,"href":"https:\/\/grenzinfo.eu\/erw\/wp-json\/wp\/v2\/categories?post=12489"},{"taxonomy":"post_tag","embeddable":true,"href":"https:\/\/grenzinfo.eu\/erw\/wp-json\/wp\/v2\/tags?post=12489"}],"curies":[{"name":"wp","href":"https:\/\/api.w.org\/{rel}","templated":true}]}}