{"id":12748,"date":"2023-01-26T12:08:59","date_gmt":"2023-01-26T11:08:59","guid":{"rendered":"https:\/\/grenzinfo.eu\/erw\/?p=12748"},"modified":"2023-01-26T12:09:57","modified_gmt":"2023-01-26T11:09:57","slug":"grenzinfopunkt-rhein-waal-laedt-zu-einem-informationsabend-zum-thema-rente-ein","status":"publish","type":"post","link":"https:\/\/grenzinfo.eu\/erw\/grenzinfopunkt-rhein-waal-laedt-zu-einem-informationsabend-zum-thema-rente-ein\/","title":{"rendered":"GrenzInfoPunkt Rhein-Waal l\u00e4dt zu einem Informationsabend zum Thema Rente ein"},"content":{"rendered":"<h2><strong>Gesetzliche Rente in Deutschland und den Niederlanden<\/strong><\/h2>\n<p><strong>Habe ich sowohl in den Niederlanden als auch in Deutschland einen Anspruch auf eine gesetzliche Rente? Darf ich weiterarbeiten, wenn ich eine Rente erhalte? Welche Konsequenzen k\u00f6nnen sich dadurch ergeben? Und wie funktioniert das Antragsverfahren? Wer mehr \u00fcber die Rentensysteme und das Renteneintrittsalter in beiden L\u00e4ndern erfahren m\u00f6chte, ist beim GrenzInfoPunkt der Euregio Rhein-Waal an der richtigen Adresse. Gemeinsam mit dem Bureau voor Duitse Zaken der <\/strong><strong>Sociale Verzekeringsbank organisiert die Grenzg\u00e4ngerberatungsstelle<\/strong><strong> am Donnerstag, 23. Februar 2023, einen Informationsabend zur deutschen und niederl\u00e4ndischen Rentengesetzgebung in Kleve. <\/strong><\/p>\n<p>Die Veranstaltung findet in niederl\u00e4ndischer Sprache statt. Nat\u00fcrlich k\u00f6nnen auch Fragen auf Deutsch gestellt werden. Au\u00dferhalb dieses Informationsabends besteht zudem die M\u00f6glichkeit, w\u00f6chentlich einen Termin mit einem Berater des Bureaus voor Duitse Zaken der Sociale Verzekeringsbank zu vereinbaren, um die pers\u00f6nliche Situation zu besprechen.<\/p>\n<h4><strong>Anmeldung<\/strong><\/h4>\n<p>Wer an dem kostenlosen Infoabend am Donnerstag, 23. Februar, von 19.15 bis 21 Uhr teilnehmen m\u00f6chte, kann sich bis zum 16. Februar unter der Telefonnummer 02821\/793079 oder per E-Mail an <a href=\"mailto:gip@euregio.org\">gip@euregio.org<\/a> anmelden. Einlass ist ab 19 Uhr. Die Veranstaltung findet im Forum der Euregio Rhein-Waal an der Emmericher Stra\u00dfe 24 in Kleve statt.<\/p>\n<h4><strong><em>\u00dcber die GrenzInfoPunkte<\/em><\/strong><\/h4>\n<p><em>Die GrenzInfoPunkte stellen einen unabh\u00e4ngigen, leicht zug\u00e4nglichen Dienst f\u00fcr Grenzg\u00e4ngerinnen und Grenzg\u00e4nger in der deutsch-niederl\u00e4ndischen Grenzregion dar. Ma\u00dfgeschneiderte Informationen werden bereitgestellt und die Mitarbeiterinnen und Mitarbeiter sind mit der Kultur, Sprache und den Systemen auf beiden Seiten der Grenze vertraut. Die Kenntnisse in den Bereichen Steuern, Sozialversicherung und Arbeitsrecht werden durch gemeinsame Schulungen auf dem neuesten Stand gehalten. Die GrenzInfoPunkte sind Teil eines gro\u00dfen Netzwerks und die Mitarbeiterinnen und Mitarbeiter haben gute Kontakte zu Fachleuten der Organisationen beiden L\u00e4ndern. Weitere Informationen sind unter <\/em><a href=\"http:\/\/www.grenzinfo.eu\"><em>www.grenzinfo.eu<\/em><\/a><em> zu finden.<\/em><\/p>\n","protected":false},"excerpt":{"rendered":"<p>Gesetzliche Rente in Deutschland und den Niederlanden Habe ich sowohl in den Niederlanden als auch in Deutschland einen Anspruch auf eine gesetzliche Rente? Darf ich weiterarbeiten, wenn ich eine Rente erhalte? Welche Konsequenzen k\u00f6nnen sich dadurch ergeben? Und wie funktioniert das Antragsverfahren? Wer mehr \u00fcber die Rentensysteme und das Renteneintrittsalter in beiden L\u00e4ndern erfahren m\u00f6chte, [&hellip;]<\/p>\n","protected":false},"author":17,"featured_media":12749,"comment_status":"closed","ping_status":"closed","sticky":false,"template":"","format":"standard","meta":{"_acf_changed":false,"footnotes":""},"categories":[22,1],"tags":[1270,1262,1265,1272],"class_list":["post-12748","post","type-post","status-publish","format-standard","has-post-thumbnail","hentry","category-arbeiten","category-news","tag-infoabend","tag-informatieavond","tag-pensioen","tag-rente"],"acf":[],"yoast_head":"<!-- This site is optimized with the Yoast SEO plugin v27.4 - https:\/\/yoast.com\/product\/yoast-seo-wordpress\/ -->\n<title>GrenzInfoPunkt Rhein-Waal l\u00e4dt zu einem Informationsabend zum Thema Rente ein - Rhein-Waal<\/title>\n<meta name=\"description\" content=\"Am 23. Februar, organisieren der GrenzInfoPunkt Rhein-Waal und Bureau Duitse Zaken einen Infoabend zur DE und NL Rentengesetzgebung.\" \/>\n<meta name=\"robots\" content=\"index, follow, max-snippet:-1, max-image-preview:large, max-video-preview:-1\" \/>\n<link rel=\"canonical\" href=\"https:\/\/grenzinfo.eu\/erw\/grenzinfopunkt-rhein-waal-laedt-zu-einem-informationsabend-zum-thema-rente-ein\/\" \/>\n<meta property=\"og:locale\" content=\"de_DE\" \/>\n<meta property=\"og:type\" content=\"article\" \/>\n<meta property=\"og:title\" content=\"GrenzInfoPunkt Rhein-Waal l\u00e4dt zu einem Informationsabend zum Thema Rente ein - Rhein-Waal\" \/>\n<meta property=\"og:description\" content=\"Am 23. Februar, organisieren der GrenzInfoPunkt Rhein-Waal und Bureau Duitse Zaken einen Infoabend zur DE und NL Rentengesetzgebung.\" \/>\n<meta property=\"og:url\" content=\"https:\/\/grenzinfo.eu\/erw\/grenzinfopunkt-rhein-waal-laedt-zu-einem-informationsabend-zum-thema-rente-ein\/\" \/>\n<meta property=\"og:site_name\" content=\"Rhein-Waal\" \/>\n<meta property=\"article:published_time\" content=\"2023-01-26T11:08:59+00:00\" \/>\n<meta property=\"article:modified_time\" content=\"2023-01-26T11:09:57+00:00\" \/>\n<meta property=\"og:image\" content=\"https:\/\/grenzinfo.eu\/erw\/wp-content\/uploads\/sites\/7\/2023\/01\/Euregio-23.jpg\" \/>\n\t<meta property=\"og:image:width\" content=\"2048\" \/>\n\t<meta property=\"og:image:height\" content=\"1365\" \/>\n\t<meta property=\"og:image:type\" content=\"image\/jpeg\" \/>\n<meta name=\"author\" content=\"mediamixx\" \/>\n<meta name=\"twitter:card\" content=\"summary_large_image\" \/>\n<meta name=\"twitter:label1\" content=\"Geschrieben von\" \/>\n\t<meta name=\"twitter:data1\" content=\"mediamixx\" \/>\n\t<meta name=\"twitter:label2\" content=\"Gesch\u00e4tzte Lesezeit\" \/>\n\t<meta name=\"twitter:data2\" content=\"2\u00a0Minuten\" \/>\n<script type=\"application\/ld+json\" class=\"yoast-schema-graph\">{\"@context\":\"https:\\\/\\\/schema.org\",\"@graph\":[{\"@type\":\"Article\",\"@id\":\"https:\\\/\\\/grenzinfo.eu\\\/erw\\\/grenzinfopunkt-rhein-waal-laedt-zu-einem-informationsabend-zum-thema-rente-ein\\\/#article\",\"isPartOf\":{\"@id\":\"https:\\\/\\\/grenzinfo.eu\\\/erw\\\/grenzinfopunkt-rhein-waal-laedt-zu-einem-informationsabend-zum-thema-rente-ein\\\/\"},\"author\":{\"name\":\"mediamixx\",\"@id\":\"https:\\\/\\\/grenzinfo.eu\\\/erw\\\/#\\\/schema\\\/person\\\/1bf1278936e1e976988b44dd11c2e99c\"},\"headline\":\"GrenzInfoPunkt Rhein-Waal l\u00e4dt zu einem Informationsabend zum Thema Rente ein\",\"datePublished\":\"2023-01-26T11:08:59+00:00\",\"dateModified\":\"2023-01-26T11:09:57+00:00\",\"mainEntityOfPage\":{\"@id\":\"https:\\\/\\\/grenzinfo.eu\\\/erw\\\/grenzinfopunkt-rhein-waal-laedt-zu-einem-informationsabend-zum-thema-rente-ein\\\/\"},\"wordCount\":308,\"image\":{\"@id\":\"https:\\\/\\\/grenzinfo.eu\\\/erw\\\/grenzinfopunkt-rhein-waal-laedt-zu-einem-informationsabend-zum-thema-rente-ein\\\/#primaryimage\"},\"thumbnailUrl\":\"https:\\\/\\\/grenzinfo.eu\\\/erw\\\/wp-content\\\/uploads\\\/sites\\\/7\\\/2023\\\/01\\\/Euregio-23.jpg\",\"keywords\":[\"Infoabend\",\"informatieavond\",\"pensioen\",\"Rente\"],\"articleSection\":[\"Arbeiten\",\"News\"],\"inLanguage\":\"de\"},{\"@type\":\"WebPage\",\"@id\":\"https:\\\/\\\/grenzinfo.eu\\\/erw\\\/grenzinfopunkt-rhein-waal-laedt-zu-einem-informationsabend-zum-thema-rente-ein\\\/\",\"url\":\"https:\\\/\\\/grenzinfo.eu\\\/erw\\\/grenzinfopunkt-rhein-waal-laedt-zu-einem-informationsabend-zum-thema-rente-ein\\\/\",\"name\":\"GrenzInfoPunkt Rhein-Waal l\u00e4dt zu einem Informationsabend zum Thema Rente ein - Rhein-Waal\",\"isPartOf\":{\"@id\":\"https:\\\/\\\/grenzinfo.eu\\\/erw\\\/#website\"},\"primaryImageOfPage\":{\"@id\":\"https:\\\/\\\/grenzinfo.eu\\\/erw\\\/grenzinfopunkt-rhein-waal-laedt-zu-einem-informationsabend-zum-thema-rente-ein\\\/#primaryimage\"},\"image\":{\"@id\":\"https:\\\/\\\/grenzinfo.eu\\\/erw\\\/grenzinfopunkt-rhein-waal-laedt-zu-einem-informationsabend-zum-thema-rente-ein\\\/#primaryimage\"},\"thumbnailUrl\":\"https:\\\/\\\/grenzinfo.eu\\\/erw\\\/wp-content\\\/uploads\\\/sites\\\/7\\\/2023\\\/01\\\/Euregio-23.jpg\",\"datePublished\":\"2023-01-26T11:08:59+00:00\",\"dateModified\":\"2023-01-26T11:09:57+00:00\",\"author\":{\"@id\":\"https:\\\/\\\/grenzinfo.eu\\\/erw\\\/#\\\/schema\\\/person\\\/1bf1278936e1e976988b44dd11c2e99c\"},\"description\":\"Am 23. Februar, organisieren der GrenzInfoPunkt Rhein-Waal und Bureau Duitse Zaken einen Infoabend zur DE und NL Rentengesetzgebung.\",\"breadcrumb\":{\"@id\":\"https:\\\/\\\/grenzinfo.eu\\\/erw\\\/grenzinfopunkt-rhein-waal-laedt-zu-einem-informationsabend-zum-thema-rente-ein\\\/#breadcrumb\"},\"inLanguage\":\"de\",\"potentialAction\":[{\"@type\":\"ReadAction\",\"target\":[\"https:\\\/\\\/grenzinfo.eu\\\/erw\\\/grenzinfopunkt-rhein-waal-laedt-zu-einem-informationsabend-zum-thema-rente-ein\\\/\"]}]},{\"@type\":\"ImageObject\",\"inLanguage\":\"de\",\"@id\":\"https:\\\/\\\/grenzinfo.eu\\\/erw\\\/grenzinfopunkt-rhein-waal-laedt-zu-einem-informationsabend-zum-thema-rente-ein\\\/#primaryimage\",\"url\":\"https:\\\/\\\/grenzinfo.eu\\\/erw\\\/wp-content\\\/uploads\\\/sites\\\/7\\\/2023\\\/01\\\/Euregio-23.jpg\",\"contentUrl\":\"https:\\\/\\\/grenzinfo.eu\\\/erw\\\/wp-content\\\/uploads\\\/sites\\\/7\\\/2023\\\/01\\\/Euregio-23.jpg\",\"width\":2048,\"height\":1365},{\"@type\":\"BreadcrumbList\",\"@id\":\"https:\\\/\\\/grenzinfo.eu\\\/erw\\\/grenzinfopunkt-rhein-waal-laedt-zu-einem-informationsabend-zum-thema-rente-ein\\\/#breadcrumb\",\"itemListElement\":[{\"@type\":\"ListItem\",\"position\":1,\"name\":\"Home\",\"item\":\"https:\\\/\\\/grenzinfo.eu\\\/erw\\\/\"},{\"@type\":\"ListItem\",\"position\":2,\"name\":\"GrenzInfoPunkt Rhein-Waal l\u00e4dt zu einem Informationsabend zum Thema Rente ein\"}]},{\"@type\":\"WebSite\",\"@id\":\"https:\\\/\\\/grenzinfo.eu\\\/erw\\\/#website\",\"url\":\"https:\\\/\\\/grenzinfo.eu\\\/erw\\\/\",\"name\":\"Rhein-Waal\",\"description\":\"Grenzinfopunkt Rhein-Waal\",\"potentialAction\":[{\"@type\":\"SearchAction\",\"target\":{\"@type\":\"EntryPoint\",\"urlTemplate\":\"https:\\\/\\\/grenzinfo.eu\\\/erw\\\/?s={search_term_string}\"},\"query-input\":{\"@type\":\"PropertyValueSpecification\",\"valueRequired\":true,\"valueName\":\"search_term_string\"}}],\"inLanguage\":\"de\"},{\"@type\":\"Person\",\"@id\":\"https:\\\/\\\/grenzinfo.eu\\\/erw\\\/#\\\/schema\\\/person\\\/1bf1278936e1e976988b44dd11c2e99c\",\"name\":\"mediamixx\",\"url\":\"https:\\\/\\\/grenzinfo.eu\\\/erw\\\/author\\\/mediamixx\\\/\"}]}<\/script>\n<!-- \/ Yoast SEO plugin. -->","yoast_head_json":{"title":"GrenzInfoPunkt Rhein-Waal l\u00e4dt zu einem Informationsabend zum Thema Rente ein - Rhein-Waal","description":"Am 23. Februar, organisieren der GrenzInfoPunkt Rhein-Waal und Bureau Duitse Zaken einen Infoabend zur DE und NL Rentengesetzgebung.","robots":{"index":"index","follow":"follow","max-snippet":"max-snippet:-1","max-image-preview":"max-image-preview:large","max-video-preview":"max-video-preview:-1"},"canonical":"https:\/\/grenzinfo.eu\/erw\/grenzinfopunkt-rhein-waal-laedt-zu-einem-informationsabend-zum-thema-rente-ein\/","og_locale":"de_DE","og_type":"article","og_title":"GrenzInfoPunkt Rhein-Waal l\u00e4dt zu einem Informationsabend zum Thema Rente ein - Rhein-Waal","og_description":"Am 23. Februar, organisieren der GrenzInfoPunkt Rhein-Waal und Bureau Duitse Zaken einen Infoabend zur DE und NL Rentengesetzgebung.","og_url":"https:\/\/grenzinfo.eu\/erw\/grenzinfopunkt-rhein-waal-laedt-zu-einem-informationsabend-zum-thema-rente-ein\/","og_site_name":"Rhein-Waal","article_published_time":"2023-01-26T11:08:59+00:00","article_modified_time":"2023-01-26T11:09:57+00:00","og_image":[{"width":2048,"height":1365,"url":"https:\/\/grenzinfo.eu\/erw\/wp-content\/uploads\/sites\/7\/2023\/01\/Euregio-23.jpg","type":"image\/jpeg"}],"author":"mediamixx","twitter_card":"summary_large_image","twitter_misc":{"Geschrieben von":"mediamixx","Gesch\u00e4tzte Lesezeit":"2\u00a0Minuten"},"schema":{"@context":"https:\/\/schema.org","@graph":[{"@type":"Article","@id":"https:\/\/grenzinfo.eu\/erw\/grenzinfopunkt-rhein-waal-laedt-zu-einem-informationsabend-zum-thema-rente-ein\/#article","isPartOf":{"@id":"https:\/\/grenzinfo.eu\/erw\/grenzinfopunkt-rhein-waal-laedt-zu-einem-informationsabend-zum-thema-rente-ein\/"},"author":{"name":"mediamixx","@id":"https:\/\/grenzinfo.eu\/erw\/#\/schema\/person\/1bf1278936e1e976988b44dd11c2e99c"},"headline":"GrenzInfoPunkt Rhein-Waal l\u00e4dt zu einem Informationsabend zum Thema Rente ein","datePublished":"2023-01-26T11:08:59+00:00","dateModified":"2023-01-26T11:09:57+00:00","mainEntityOfPage":{"@id":"https:\/\/grenzinfo.eu\/erw\/grenzinfopunkt-rhein-waal-laedt-zu-einem-informationsabend-zum-thema-rente-ein\/"},"wordCount":308,"image":{"@id":"https:\/\/grenzinfo.eu\/erw\/grenzinfopunkt-rhein-waal-laedt-zu-einem-informationsabend-zum-thema-rente-ein\/#primaryimage"},"thumbnailUrl":"https:\/\/grenzinfo.eu\/erw\/wp-content\/uploads\/sites\/7\/2023\/01\/Euregio-23.jpg","keywords":["Infoabend","informatieavond","pensioen","Rente"],"articleSection":["Arbeiten","News"],"inLanguage":"de"},{"@type":"WebPage","@id":"https:\/\/grenzinfo.eu\/erw\/grenzinfopunkt-rhein-waal-laedt-zu-einem-informationsabend-zum-thema-rente-ein\/","url":"https:\/\/grenzinfo.eu\/erw\/grenzinfopunkt-rhein-waal-laedt-zu-einem-informationsabend-zum-thema-rente-ein\/","name":"GrenzInfoPunkt Rhein-Waal l\u00e4dt zu einem Informationsabend zum Thema Rente ein - Rhein-Waal","isPartOf":{"@id":"https:\/\/grenzinfo.eu\/erw\/#website"},"primaryImageOfPage":{"@id":"https:\/\/grenzinfo.eu\/erw\/grenzinfopunkt-rhein-waal-laedt-zu-einem-informationsabend-zum-thema-rente-ein\/#primaryimage"},"image":{"@id":"https:\/\/grenzinfo.eu\/erw\/grenzinfopunkt-rhein-waal-laedt-zu-einem-informationsabend-zum-thema-rente-ein\/#primaryimage"},"thumbnailUrl":"https:\/\/grenzinfo.eu\/erw\/wp-content\/uploads\/sites\/7\/2023\/01\/Euregio-23.jpg","datePublished":"2023-01-26T11:08:59+00:00","dateModified":"2023-01-26T11:09:57+00:00","author":{"@id":"https:\/\/grenzinfo.eu\/erw\/#\/schema\/person\/1bf1278936e1e976988b44dd11c2e99c"},"description":"Am 23. Februar, organisieren der GrenzInfoPunkt Rhein-Waal und Bureau Duitse Zaken einen Infoabend zur DE und NL Rentengesetzgebung.","breadcrumb":{"@id":"https:\/\/grenzinfo.eu\/erw\/grenzinfopunkt-rhein-waal-laedt-zu-einem-informationsabend-zum-thema-rente-ein\/#breadcrumb"},"inLanguage":"de","potentialAction":[{"@type":"ReadAction","target":["https:\/\/grenzinfo.eu\/erw\/grenzinfopunkt-rhein-waal-laedt-zu-einem-informationsabend-zum-thema-rente-ein\/"]}]},{"@type":"ImageObject","inLanguage":"de","@id":"https:\/\/grenzinfo.eu\/erw\/grenzinfopunkt-rhein-waal-laedt-zu-einem-informationsabend-zum-thema-rente-ein\/#primaryimage","url":"https:\/\/grenzinfo.eu\/erw\/wp-content\/uploads\/sites\/7\/2023\/01\/Euregio-23.jpg","contentUrl":"https:\/\/grenzinfo.eu\/erw\/wp-content\/uploads\/sites\/7\/2023\/01\/Euregio-23.jpg","width":2048,"height":1365},{"@type":"BreadcrumbList","@id":"https:\/\/grenzinfo.eu\/erw\/grenzinfopunkt-rhein-waal-laedt-zu-einem-informationsabend-zum-thema-rente-ein\/#breadcrumb","itemListElement":[{"@type":"ListItem","position":1,"name":"Home","item":"https:\/\/grenzinfo.eu\/erw\/"},{"@type":"ListItem","position":2,"name":"GrenzInfoPunkt Rhein-Waal l\u00e4dt zu einem Informationsabend zum Thema Rente ein"}]},{"@type":"WebSite","@id":"https:\/\/grenzinfo.eu\/erw\/#website","url":"https:\/\/grenzinfo.eu\/erw\/","name":"Rhein-Waal","description":"Grenzinfopunkt Rhein-Waal","potentialAction":[{"@type":"SearchAction","target":{"@type":"EntryPoint","urlTemplate":"https:\/\/grenzinfo.eu\/erw\/?s={search_term_string}"},"query-input":{"@type":"PropertyValueSpecification","valueRequired":true,"valueName":"search_term_string"}}],"inLanguage":"de"},{"@type":"Person","@id":"https:\/\/grenzinfo.eu\/erw\/#\/schema\/person\/1bf1278936e1e976988b44dd11c2e99c","name":"mediamixx","url":"https:\/\/grenzinfo.eu\/erw\/author\/mediamixx\/"}]}},"lang":"de","translations":{"de":12748,"nl":12744},"pll_sync_post":[],"_links":{"self":[{"href":"https:\/\/grenzinfo.eu\/erw\/wp-json\/wp\/v2\/posts\/12748","targetHints":{"allow":["GET"]}}],"collection":[{"href":"https:\/\/grenzinfo.eu\/erw\/wp-json\/wp\/v2\/posts"}],"about":[{"href":"https:\/\/grenzinfo.eu\/erw\/wp-json\/wp\/v2\/types\/post"}],"author":[{"embeddable":true,"href":"https:\/\/grenzinfo.eu\/erw\/wp-json\/wp\/v2\/users\/17"}],"replies":[{"embeddable":true,"href":"https:\/\/grenzinfo.eu\/erw\/wp-json\/wp\/v2\/comments?post=12748"}],"version-history":[{"count":1,"href":"https:\/\/grenzinfo.eu\/erw\/wp-json\/wp\/v2\/posts\/12748\/revisions"}],"predecessor-version":[{"id":12750,"href":"https:\/\/grenzinfo.eu\/erw\/wp-json\/wp\/v2\/posts\/12748\/revisions\/12750"}],"wp:featuredmedia":[{"embeddable":true,"href":"https:\/\/grenzinfo.eu\/erw\/wp-json\/wp\/v2\/media\/12749"}],"wp:attachment":[{"href":"https:\/\/grenzinfo.eu\/erw\/wp-json\/wp\/v2\/media?parent=12748"}],"wp:term":[{"taxonomy":"category","embeddable":true,"href":"https:\/\/grenzinfo.eu\/erw\/wp-json\/wp\/v2\/categories?post=12748"},{"taxonomy":"post_tag","embeddable":true,"href":"https:\/\/grenzinfo.eu\/erw\/wp-json\/wp\/v2\/tags?post=12748"}],"curies":[{"name":"wp","href":"https:\/\/api.w.org\/{rel}","templated":true}]}}