{"id":1550,"date":"2018-04-17T11:32:31","date_gmt":"2018-04-17T09:32:31","guid":{"rendered":"https:\/\/grenzinfo.eu\/erw\/?p=1550"},"modified":"2018-04-17T11:32:31","modified_gmt":"2018-04-17T09:32:31","slug":"hand-in-hand-europa-leben","status":"publish","type":"post","link":"https:\/\/grenzinfo.eu\/erw\/nl\/hand-in-hand-europa-leben\/","title":{"rendered":"Hand in Hand Europa leben"},"content":{"rendered":"<p>\t\t\t\tDie Bundesagentur f\u00fcr Arbeit verl\u00e4ngert die grenz\u00fcberschreitende Zusammenarbeit der Arbeitsverwaltungen Belgiens, der Niederlande und Deutschlands und weiterer Institutionen, die die grenz\u00fcberschreitende Mobilit\u00e4t und den grenz\u00fcberschreitenden Arbeitsmarkt f\u00f6rdern. Wohnen in Belgien, Arbeiten in Deutschland, Studieren in den Niederlanden \u2013 die Grenzen spielen \u2013 fast \u2013 keine Rolle mehr. Die Euregios Maas-Rhein, Rhein-Maas-Nord, Rhein-Waal und Gronau arbeiten schon seit geraumer Zeit praktisch eng zusammen, wenn es um Arbeitsvermittlung, Berufsorientierung, Studienberatung sowie Beratungen im Sozialversicherungs-, Arbeits- und Steuerrecht der jeweiligen Nachbarl\u00e4nder geht. Die Europ\u00e4ische Union f\u00f6rdert diese Zusammenarbeit. Gestern hat die Bundesagentur f\u00fcr Arbeit NRW in den R\u00e4umen der Euregio Rhein-Waal in Kleve einen verbindlichen Kooperationsvertrag mit 21 Arbeitsmarkt-Institutionen aus den Nachbarl\u00e4ndern Niederlande und Belgien um ein weiteres Jahr verl\u00e4ngert. \u201eDas drei L\u00e4nder \u00fcbergreifende Projekt der grenz\u00fcberschreitenden Arbeitsvermittlung entwickelt sich zu einer wahren Erfolgsgeschichte\u201c, sagt Torsten Withake, Gesch\u00e4ftsf\u00fchrer Arbeitsmarktmanagement der NRW-Regionaldirektion der Bundesagentur f\u00fcr Arbeit. \u201eIn den Grenzinfopunkten und den Servicestellen f\u00fcr grenz\u00fcberschreitende Vermittlung arbeiten Kolleginnen und Kollegen aus den Niederlanden, Belgien und Deutschland Hand in Hand. Sie beraten, vermitteln und informieren sowohl \u00fcber Arbeit, Studium und Ausbildung als auch \u00fcber Steuer-, Sozialversicherungs- und Arbeitsrecht. Seit dem Projektstart im Januar 2015 bis heute ist der Etat um fast 300.000 Euro auf 945.000 Euro gewachsen und aus 16 wurden 21 Partner. Hier wird t\u00e4glich ein offenes Europa gelebt\u201c.<\/p>\n<h3>Ma\u00dfnahmen in Deutschland, Belgien und den Niederlanden<\/h3>\n<p>Die Grenzinfopunkte und die Servicestellen f\u00fcr grenz\u00fcberschreitende Vermittlung sind das Kernst\u00fcck der von der Europ\u00e4ischen Union gef\u00f6rderten Vereinbarung. Niederl\u00e4nder, Belgier und Deutsche erhalten hier Informationen, Beratung und Unterst\u00fctzung, wenn es um Arbeitsvermittlung, Berufsorientierung, Studienberatung oder das Sozialversicherungs-, das Steuer- oder das Arbeitsrecht der Nachbarl\u00e4nder geht. Dazu geh\u00f6rt auch die Anerkennung von im Nachbarland erworbenen Berufsabschl\u00fcssen. Grenzinfopunkte bestehen derzeit in Aachen, Kerkrade-Herzogenrath, M\u00f6nchengladbach, Kleve, Gronau, Maastricht und Maasmechelen. Dar\u00fcber hinaus gibt es in Kerkrade-Herzogenrath, Gronau und Maastricht auch Servicestellen f\u00fcr die grenz\u00fcberschreitende Arbeitsvermittlung. Weitere dieser Anlaufstellen sind geplant. Zu den vereinbarten Ma\u00dfnahmen in Deutschland, Belgien und den Niederlanden geh\u00f6rt auch der grenz\u00fcberschreitende Ausbau und die Anpassung der Kommunikationsnetzwerke, darunter der Ausbau der Social-Media-Angebote, der Ausgleich von Angebot und Nachfrage auf dem Arbeits- und Ausbildungsmarkt in der Grenzregion, der Ausbau der Beratung f\u00fcr Grenzpendler, die Intensivierung der Studienberatung, die Beschleunigung der Anerkennung von im Nachbarland erworbenen Berufs- und Studienabschl\u00fcssen und die Qualifizierung von Beratungsexperten. Neben der BA und deren Agenturen f\u00fcr Arbeit in Aachen-D\u00fcren, Krefeld, M\u00f6nchengladbach, Wesel, Coesfeld und Rheine sind folgende Institutionen aus Belgien, den Niederlanden und Deutschland Partner: EUREGIO Gronau , EUREGIO Rhein-Waal, EUREGIO Rhein-Maas-Nord, EUREGIO Maas-Rhein, VDBA Limburg (Fl\u00e4mische Arbeitsverwaltung, Belgien), UWV Limburg (Niederl\u00e4ndische Arbeitsverwaltung) , ADG \/ Arbeitsamt der Deutschsprachigen Gemeinschaft Eupen (Ostbelgische Arbeitsverwaltung), Le Forem (Wallonische Arbeitsverwaltung, Belgien) Stichting Samerswerkende Kamers van Koophandel en economics (Niederl\u00e4ndische IHK), DGB Bezirk NRW, I.V.R. EURES (Belgischer Gewerkschaftsverbund) Gemeente Maastricht\/Grenzinfopunkt Maastricht (Niederlande), Zweckverband Region Aachen\/Grenzinfopunkt Aachen-Eurode), Start People (Personaldienstleister, Niederlande)\t\t<\/p>\n","protected":false},"excerpt":{"rendered":"<p>Die Bundesagentur f\u00fcr Arbeit verl\u00e4ngert die grenz\u00fcberschreitende Zusammenarbeit der Arbeitsverwaltungen Belgiens, der Niederlande und Deutschlands und weiterer Institutionen, die die grenz\u00fcberschreitende Mobilit\u00e4t und den grenz\u00fcberschreitenden Arbeitsmarkt f\u00f6rdern. Wohnen in Belgien, Arbeiten in Deutschland, Studieren in den Niederlanden \u2013 die Grenzen spielen \u2013 fast \u2013 keine Rolle mehr. Die Euregios Maas-Rhein, Rhein-Maas-Nord, Rhein-Waal und Gronau arbeiten [&hellip;]<\/p>\n","protected":false},"author":35,"featured_media":1548,"comment_status":"closed","ping_status":"closed","sticky":false,"template":"","format":"standard","meta":{"_acf_changed":false,"footnotes":""},"categories":[1],"tags":[],"class_list":["post-1550","post","type-post","status-publish","format-standard","has-post-thumbnail","hentry","category-news"],"acf":[],"yoast_head":"<!-- This site is optimized with the Yoast SEO plugin v27.5 - https:\/\/yoast.com\/product\/yoast-seo-wordpress\/ -->\n<title>Hand in Hand Europa leben - Rhein-Waal<\/title>\n<meta name=\"robots\" content=\"index, follow, max-snippet:-1, max-image-preview:large, max-video-preview:-1\" \/>\n<link rel=\"canonical\" href=\"https:\/\/grenzinfo.eu\/erw\/nl\/hand-in-hand-europa-leben\/\" \/>\n<meta property=\"og:locale\" content=\"de_DE\" \/>\n<meta property=\"og:type\" content=\"article\" \/>\n<meta property=\"og:title\" content=\"Hand in Hand Europa leben - Rhein-Waal\" \/>\n<meta property=\"og:description\" content=\"Die Bundesagentur f\u00fcr Arbeit verl\u00e4ngert die grenz\u00fcberschreitende Zusammenarbeit der Arbeitsverwaltungen Belgiens, der Niederlande und Deutschlands und weiterer Institutionen, die die grenz\u00fcberschreitende Mobilit\u00e4t und den grenz\u00fcberschreitenden Arbeitsmarkt f\u00f6rdern. Wohnen in Belgien, Arbeiten in Deutschland, Studieren in den Niederlanden \u2013 die Grenzen spielen \u2013 fast \u2013 keine Rolle mehr. Die Euregios Maas-Rhein, Rhein-Maas-Nord, Rhein-Waal und Gronau arbeiten [&hellip;]\" \/>\n<meta property=\"og:url\" content=\"https:\/\/grenzinfo.eu\/erw\/nl\/hand-in-hand-europa-leben\/\" \/>\n<meta property=\"og:site_name\" content=\"Rhein-Waal\" \/>\n<meta property=\"article:published_time\" content=\"2018-04-17T09:32:31+00:00\" \/>\n<meta property=\"og:image\" content=\"https:\/\/grenzinfo.eu\/erw\/wp-content\/uploads\/sites\/7\/2018\/04\/derks_eures2018-7202.jpg\" \/>\n\t<meta property=\"og:image:width\" content=\"1500\" \/>\n\t<meta property=\"og:image:height\" content=\"764\" \/>\n\t<meta property=\"og:image:type\" content=\"image\/jpeg\" \/>\n<meta name=\"author\" content=\"flipse\" \/>\n<meta name=\"twitter:card\" content=\"summary_large_image\" \/>\n<meta name=\"twitter:label1\" content=\"Geschrieben von\" \/>\n\t<meta name=\"twitter:data1\" content=\"flipse\" \/>\n\t<meta name=\"twitter:label2\" content=\"Gesch\u00e4tzte Lesezeit\" \/>\n\t<meta name=\"twitter:data2\" content=\"3\u00a0Minuten\" \/>\n<script type=\"application\/ld+json\" class=\"yoast-schema-graph\">{\"@context\":\"https:\\\/\\\/schema.org\",\"@graph\":[{\"@type\":\"Article\",\"@id\":\"https:\\\/\\\/grenzinfo.eu\\\/erw\\\/nl\\\/hand-in-hand-europa-leben\\\/#article\",\"isPartOf\":{\"@id\":\"https:\\\/\\\/grenzinfo.eu\\\/erw\\\/nl\\\/hand-in-hand-europa-leben\\\/\"},\"author\":{\"name\":\"flipse\",\"@id\":\"https:\\\/\\\/grenzinfo.eu\\\/erw\\\/#\\\/schema\\\/person\\\/ec7710b37fdb52b8fb42d84b368d705f\"},\"headline\":\"Hand in Hand Europa leben\",\"datePublished\":\"2018-04-17T09:32:31+00:00\",\"mainEntityOfPage\":{\"@id\":\"https:\\\/\\\/grenzinfo.eu\\\/erw\\\/nl\\\/hand-in-hand-europa-leben\\\/\"},\"wordCount\":505,\"image\":{\"@id\":\"https:\\\/\\\/grenzinfo.eu\\\/erw\\\/nl\\\/hand-in-hand-europa-leben\\\/#primaryimage\"},\"thumbnailUrl\":\"https:\\\/\\\/grenzinfo.eu\\\/erw\\\/wp-content\\\/uploads\\\/sites\\\/7\\\/2018\\\/04\\\/derks_eures2018-7202.jpg\",\"articleSection\":[\"News\"],\"inLanguage\":\"de\"},{\"@type\":\"WebPage\",\"@id\":\"https:\\\/\\\/grenzinfo.eu\\\/erw\\\/nl\\\/hand-in-hand-europa-leben\\\/\",\"url\":\"https:\\\/\\\/grenzinfo.eu\\\/erw\\\/nl\\\/hand-in-hand-europa-leben\\\/\",\"name\":\"Hand in Hand Europa leben - Rhein-Waal\",\"isPartOf\":{\"@id\":\"https:\\\/\\\/grenzinfo.eu\\\/erw\\\/#website\"},\"primaryImageOfPage\":{\"@id\":\"https:\\\/\\\/grenzinfo.eu\\\/erw\\\/nl\\\/hand-in-hand-europa-leben\\\/#primaryimage\"},\"image\":{\"@id\":\"https:\\\/\\\/grenzinfo.eu\\\/erw\\\/nl\\\/hand-in-hand-europa-leben\\\/#primaryimage\"},\"thumbnailUrl\":\"https:\\\/\\\/grenzinfo.eu\\\/erw\\\/wp-content\\\/uploads\\\/sites\\\/7\\\/2018\\\/04\\\/derks_eures2018-7202.jpg\",\"datePublished\":\"2018-04-17T09:32:31+00:00\",\"author\":{\"@id\":\"https:\\\/\\\/grenzinfo.eu\\\/erw\\\/#\\\/schema\\\/person\\\/ec7710b37fdb52b8fb42d84b368d705f\"},\"breadcrumb\":{\"@id\":\"https:\\\/\\\/grenzinfo.eu\\\/erw\\\/nl\\\/hand-in-hand-europa-leben\\\/#breadcrumb\"},\"inLanguage\":\"de\",\"potentialAction\":[{\"@type\":\"ReadAction\",\"target\":[\"https:\\\/\\\/grenzinfo.eu\\\/erw\\\/nl\\\/hand-in-hand-europa-leben\\\/\"]}]},{\"@type\":\"ImageObject\",\"inLanguage\":\"de\",\"@id\":\"https:\\\/\\\/grenzinfo.eu\\\/erw\\\/nl\\\/hand-in-hand-europa-leben\\\/#primaryimage\",\"url\":\"https:\\\/\\\/grenzinfo.eu\\\/erw\\\/wp-content\\\/uploads\\\/sites\\\/7\\\/2018\\\/04\\\/derks_eures2018-7202.jpg\",\"contentUrl\":\"https:\\\/\\\/grenzinfo.eu\\\/erw\\\/wp-content\\\/uploads\\\/sites\\\/7\\\/2018\\\/04\\\/derks_eures2018-7202.jpg\",\"width\":1500,\"height\":764},{\"@type\":\"BreadcrumbList\",\"@id\":\"https:\\\/\\\/grenzinfo.eu\\\/erw\\\/nl\\\/hand-in-hand-europa-leben\\\/#breadcrumb\",\"itemListElement\":[{\"@type\":\"ListItem\",\"position\":1,\"name\":\"Home\",\"item\":\"https:\\\/\\\/grenzinfo.eu\\\/erw\\\/\"},{\"@type\":\"ListItem\",\"position\":2,\"name\":\"Hand in Hand Europa leben\"}]},{\"@type\":\"WebSite\",\"@id\":\"https:\\\/\\\/grenzinfo.eu\\\/erw\\\/#website\",\"url\":\"https:\\\/\\\/grenzinfo.eu\\\/erw\\\/\",\"name\":\"Rhein-Waal\",\"description\":\"Grenzinfopunkt Rhein-Waal\",\"potentialAction\":[{\"@type\":\"SearchAction\",\"target\":{\"@type\":\"EntryPoint\",\"urlTemplate\":\"https:\\\/\\\/grenzinfo.eu\\\/erw\\\/?s={search_term_string}\"},\"query-input\":{\"@type\":\"PropertyValueSpecification\",\"valueRequired\":true,\"valueName\":\"search_term_string\"}}],\"inLanguage\":\"de\"},{\"@type\":\"Person\",\"@id\":\"https:\\\/\\\/grenzinfo.eu\\\/erw\\\/#\\\/schema\\\/person\\\/ec7710b37fdb52b8fb42d84b368d705f\",\"name\":\"flipse\",\"url\":\"https:\\\/\\\/grenzinfo.eu\\\/erw\\\/author\\\/flipse\\\/\"}]}<\/script>\n<!-- \/ Yoast SEO plugin. -->","yoast_head_json":{"title":"Hand in Hand Europa leben - Rhein-Waal","robots":{"index":"index","follow":"follow","max-snippet":"max-snippet:-1","max-image-preview":"max-image-preview:large","max-video-preview":"max-video-preview:-1"},"canonical":"https:\/\/grenzinfo.eu\/erw\/nl\/hand-in-hand-europa-leben\/","og_locale":"de_DE","og_type":"article","og_title":"Hand in Hand Europa leben - Rhein-Waal","og_description":"Die Bundesagentur f\u00fcr Arbeit verl\u00e4ngert die grenz\u00fcberschreitende Zusammenarbeit der Arbeitsverwaltungen Belgiens, der Niederlande und Deutschlands und weiterer Institutionen, die die grenz\u00fcberschreitende Mobilit\u00e4t und den grenz\u00fcberschreitenden Arbeitsmarkt f\u00f6rdern. Wohnen in Belgien, Arbeiten in Deutschland, Studieren in den Niederlanden \u2013 die Grenzen spielen \u2013 fast \u2013 keine Rolle mehr. Die Euregios Maas-Rhein, Rhein-Maas-Nord, Rhein-Waal und Gronau arbeiten [&hellip;]","og_url":"https:\/\/grenzinfo.eu\/erw\/nl\/hand-in-hand-europa-leben\/","og_site_name":"Rhein-Waal","article_published_time":"2018-04-17T09:32:31+00:00","og_image":[{"width":1500,"height":764,"url":"https:\/\/grenzinfo.eu\/erw\/wp-content\/uploads\/sites\/7\/2018\/04\/derks_eures2018-7202.jpg","type":"image\/jpeg"}],"author":"flipse","twitter_card":"summary_large_image","twitter_misc":{"Geschrieben von":"flipse","Gesch\u00e4tzte Lesezeit":"3\u00a0Minuten"},"schema":{"@context":"https:\/\/schema.org","@graph":[{"@type":"Article","@id":"https:\/\/grenzinfo.eu\/erw\/nl\/hand-in-hand-europa-leben\/#article","isPartOf":{"@id":"https:\/\/grenzinfo.eu\/erw\/nl\/hand-in-hand-europa-leben\/"},"author":{"name":"flipse","@id":"https:\/\/grenzinfo.eu\/erw\/#\/schema\/person\/ec7710b37fdb52b8fb42d84b368d705f"},"headline":"Hand in Hand Europa leben","datePublished":"2018-04-17T09:32:31+00:00","mainEntityOfPage":{"@id":"https:\/\/grenzinfo.eu\/erw\/nl\/hand-in-hand-europa-leben\/"},"wordCount":505,"image":{"@id":"https:\/\/grenzinfo.eu\/erw\/nl\/hand-in-hand-europa-leben\/#primaryimage"},"thumbnailUrl":"https:\/\/grenzinfo.eu\/erw\/wp-content\/uploads\/sites\/7\/2018\/04\/derks_eures2018-7202.jpg","articleSection":["News"],"inLanguage":"de"},{"@type":"WebPage","@id":"https:\/\/grenzinfo.eu\/erw\/nl\/hand-in-hand-europa-leben\/","url":"https:\/\/grenzinfo.eu\/erw\/nl\/hand-in-hand-europa-leben\/","name":"Hand in Hand Europa leben - Rhein-Waal","isPartOf":{"@id":"https:\/\/grenzinfo.eu\/erw\/#website"},"primaryImageOfPage":{"@id":"https:\/\/grenzinfo.eu\/erw\/nl\/hand-in-hand-europa-leben\/#primaryimage"},"image":{"@id":"https:\/\/grenzinfo.eu\/erw\/nl\/hand-in-hand-europa-leben\/#primaryimage"},"thumbnailUrl":"https:\/\/grenzinfo.eu\/erw\/wp-content\/uploads\/sites\/7\/2018\/04\/derks_eures2018-7202.jpg","datePublished":"2018-04-17T09:32:31+00:00","author":{"@id":"https:\/\/grenzinfo.eu\/erw\/#\/schema\/person\/ec7710b37fdb52b8fb42d84b368d705f"},"breadcrumb":{"@id":"https:\/\/grenzinfo.eu\/erw\/nl\/hand-in-hand-europa-leben\/#breadcrumb"},"inLanguage":"de","potentialAction":[{"@type":"ReadAction","target":["https:\/\/grenzinfo.eu\/erw\/nl\/hand-in-hand-europa-leben\/"]}]},{"@type":"ImageObject","inLanguage":"de","@id":"https:\/\/grenzinfo.eu\/erw\/nl\/hand-in-hand-europa-leben\/#primaryimage","url":"https:\/\/grenzinfo.eu\/erw\/wp-content\/uploads\/sites\/7\/2018\/04\/derks_eures2018-7202.jpg","contentUrl":"https:\/\/grenzinfo.eu\/erw\/wp-content\/uploads\/sites\/7\/2018\/04\/derks_eures2018-7202.jpg","width":1500,"height":764},{"@type":"BreadcrumbList","@id":"https:\/\/grenzinfo.eu\/erw\/nl\/hand-in-hand-europa-leben\/#breadcrumb","itemListElement":[{"@type":"ListItem","position":1,"name":"Home","item":"https:\/\/grenzinfo.eu\/erw\/"},{"@type":"ListItem","position":2,"name":"Hand in Hand Europa leben"}]},{"@type":"WebSite","@id":"https:\/\/grenzinfo.eu\/erw\/#website","url":"https:\/\/grenzinfo.eu\/erw\/","name":"Rhein-Waal","description":"Grenzinfopunkt Rhein-Waal","potentialAction":[{"@type":"SearchAction","target":{"@type":"EntryPoint","urlTemplate":"https:\/\/grenzinfo.eu\/erw\/?s={search_term_string}"},"query-input":{"@type":"PropertyValueSpecification","valueRequired":true,"valueName":"search_term_string"}}],"inLanguage":"de"},{"@type":"Person","@id":"https:\/\/grenzinfo.eu\/erw\/#\/schema\/person\/ec7710b37fdb52b8fb42d84b368d705f","name":"flipse","url":"https:\/\/grenzinfo.eu\/erw\/author\/flipse\/"}]}},"lang":"nl","translations":{"nl":1550},"pll_sync_post":[],"_links":{"self":[{"href":"https:\/\/grenzinfo.eu\/erw\/wp-json\/wp\/v2\/posts\/1550","targetHints":{"allow":["GET"]}}],"collection":[{"href":"https:\/\/grenzinfo.eu\/erw\/wp-json\/wp\/v2\/posts"}],"about":[{"href":"https:\/\/grenzinfo.eu\/erw\/wp-json\/wp\/v2\/types\/post"}],"author":[{"embeddable":true,"href":"https:\/\/grenzinfo.eu\/erw\/wp-json\/wp\/v2\/users\/35"}],"replies":[{"embeddable":true,"href":"https:\/\/grenzinfo.eu\/erw\/wp-json\/wp\/v2\/comments?post=1550"}],"version-history":[{"count":0,"href":"https:\/\/grenzinfo.eu\/erw\/wp-json\/wp\/v2\/posts\/1550\/revisions"}],"wp:featuredmedia":[{"embeddable":true,"href":"https:\/\/grenzinfo.eu\/erw\/wp-json\/wp\/v2\/media\/1548"}],"wp:attachment":[{"href":"https:\/\/grenzinfo.eu\/erw\/wp-json\/wp\/v2\/media?parent=1550"}],"wp:term":[{"taxonomy":"category","embeddable":true,"href":"https:\/\/grenzinfo.eu\/erw\/wp-json\/wp\/v2\/categories?post=1550"},{"taxonomy":"post_tag","embeddable":true,"href":"https:\/\/grenzinfo.eu\/erw\/wp-json\/wp\/v2\/tags?post=1550"}],"curies":[{"name":"wp","href":"https:\/\/api.w.org\/{rel}","templated":true}]}}