{"id":10418,"date":"2018-03-07T11:25:27","date_gmt":"2018-03-07T10:25:27","guid":{"rendered":"https:\/\/grenzinfo.eu\/eur\/?p=1838"},"modified":"2019-03-12T16:36:36","modified_gmt":"2019-03-12T15:36:36","slug":"snuffelstage-over-de-grens","status":"publish","type":"post","link":"https:\/\/grenzinfo.eu\/eur\/snuffelstage-over-de-grens\/","title":{"rendered":"Schnuppertag \u00fcber die Grenze"},"content":{"rendered":"<p>Wollen Sie Arbeiten im Nachbarland einfach mal f\u00fcr einen Tag ausprobieren? Machen Sie mit beim \u201eExperiment Grenze\u201c in der EUREGIO!<\/p>\n<p>Die Idee f\u00fcr das \u201eExperiment Grenze\u201c ist entstanden, weil wir uns nach dem Abschluss des \u201ePakts: Arbeitsmarkt \u00fcber die Grenze!\u201c Ende 2017 in der EUREGIO weiter f\u00fcr einen gemeinsamen, durchl\u00e4ssigen grenz\u00fcberschreitenden Arbeitsmarkt einsetzen wollen. Ein Schnuppertag bei einem Betrieb im Nachbarland tr\u00e4gt dazu bei, einander besser kennen zu lernen und m\u00f6gliche (mentale) H\u00fcrden und Vorurteile \u00fcber das Arbeiten als Grenzg\u00e4nger zu beseitigen. So k\u00f6nnen Sie einfach mal testen, wie es ist, als Grenzg\u00e4nger im Nachbarland zu arbeiten. Vielleicht macht das ja Lust auf mehr\u2026<\/p>\n<p>In der n\u00e4chsten Zeit stellen wir Ihnen an dieser Stelle Unternehmen in der EUREGIO vor, die einen Schnuppertag anbieten. Ist etwas f\u00fcr Sie dabei?<\/p>\n<p>Mehr Informationen finden Sie auf\u00a0<a href=\"https:\/\/www.facebook.com\/Experiment-Grens-Experiment-Grenze-1751222941854344\/?hc_ref=ARSdD_9vlID75IdiHwACv0UkhNijkd0G9aTWMr0sGUqE4Cp6KBkklkW4owshYzLQ9IA&amp;fref=nf\" target=\"_blank\" rel=\"noopener noreferrer\">Facebook<\/a>.<\/p>\n","protected":false},"excerpt":{"rendered":"<p>Wollen Sie Arbeiten im Nachbarland einfach mal f\u00fcr einen Tag ausprobieren? Machen Sie mit beim \u201eExperiment Grenze\u201c in der EUREGIO! Die Idee f\u00fcr das \u201eExperiment Grenze\u201c ist entstanden, weil wir uns nach dem Abschluss des \u201ePakts: Arbeitsmarkt \u00fcber die Grenze!\u201c Ende 2017 in der EUREGIO weiter f\u00fcr einen gemeinsamen, durchl\u00e4ssigen grenz\u00fcberschreitenden Arbeitsmarkt einsetzen wollen. Ein [&hellip;]<\/p>\n","protected":false},"author":1,"featured_media":0,"comment_status":"closed","ping_status":"closed","sticky":false,"template":"","format":"standard","meta":{"_acf_changed":false,"footnotes":""},"categories":[1],"tags":[],"class_list":["post-10418","post","type-post","status-publish","format-standard","hentry","category-news"],"acf":[],"yoast_head":"<!-- This site is optimized with the Yoast SEO plugin v27.5 - https:\/\/yoast.com\/product\/yoast-seo-wordpress\/ -->\n<title>Schnuppertag \u00fcber die Grenze - EUREGIO<\/title>\n<meta name=\"robots\" content=\"index, follow, max-snippet:-1, max-image-preview:large, max-video-preview:-1\" \/>\n<link rel=\"canonical\" href=\"https:\/\/grenzinfo.eu\/eur\/snuffelstage-over-de-grens\/\" \/>\n<meta property=\"og:locale\" content=\"de_DE\" \/>\n<meta property=\"og:type\" content=\"article\" \/>\n<meta property=\"og:title\" content=\"Schnuppertag \u00fcber die Grenze - EUREGIO\" \/>\n<meta property=\"og:description\" content=\"Wollen Sie Arbeiten im Nachbarland einfach mal f\u00fcr einen Tag ausprobieren? Machen Sie mit beim \u201eExperiment Grenze\u201c in der EUREGIO! Die Idee f\u00fcr das \u201eExperiment Grenze\u201c ist entstanden, weil wir uns nach dem Abschluss des \u201ePakts: Arbeitsmarkt \u00fcber die Grenze!\u201c Ende 2017 in der EUREGIO weiter f\u00fcr einen gemeinsamen, durchl\u00e4ssigen grenz\u00fcberschreitenden Arbeitsmarkt einsetzen wollen. Ein [&hellip;]\" \/>\n<meta property=\"og:url\" content=\"https:\/\/grenzinfo.eu\/eur\/snuffelstage-over-de-grens\/\" \/>\n<meta property=\"og:site_name\" content=\"EUREGIO\" \/>\n<meta property=\"article:published_time\" content=\"2018-03-07T10:25:27+00:00\" \/>\n<meta property=\"article:modified_time\" content=\"2019-03-12T15:36:36+00:00\" \/>\n<meta property=\"og:image\" content=\"https:\/\/grenzinfo.eu\/eur\/wp-content\/uploads\/sites\/5\/2018\/03\/28467765_1759783057664999_8152222244532841988_n1.jpg\" \/>\n\t<meta property=\"og:image:width\" content=\"480\" \/>\n\t<meta property=\"og:image:height\" content=\"432\" \/>\n\t<meta property=\"og:image:type\" content=\"image\/jpeg\" \/>\n<meta name=\"author\" content=\"gipadmin\" \/>\n<meta name=\"twitter:card\" content=\"summary_large_image\" \/>\n<meta name=\"twitter:label1\" content=\"Geschrieben von\" \/>\n\t<meta name=\"twitter:data1\" content=\"gipadmin\" \/>\n\t<meta name=\"twitter:label2\" content=\"Gesch\u00e4tzte Lesezeit\" \/>\n\t<meta name=\"twitter:data2\" content=\"1\u00a0Minute\" \/>\n<script type=\"application\/ld+json\" class=\"yoast-schema-graph\">{\"@context\":\"https:\\\/\\\/schema.org\",\"@graph\":[{\"@type\":\"Article\",\"@id\":\"https:\\\/\\\/grenzinfo.eu\\\/eur\\\/snuffelstage-over-de-grens\\\/#article\",\"isPartOf\":{\"@id\":\"https:\\\/\\\/grenzinfo.eu\\\/eur\\\/snuffelstage-over-de-grens\\\/\"},\"author\":{\"name\":\"gipadmin\",\"@id\":\"https:\\\/\\\/grenzinfo.eu\\\/eur\\\/#\\\/schema\\\/person\\\/9f458cb37563e7f9a229139f0ed29b91\"},\"headline\":\"Schnuppertag \u00fcber die Grenze\",\"datePublished\":\"2018-03-07T10:25:27+00:00\",\"dateModified\":\"2019-03-12T15:36:36+00:00\",\"mainEntityOfPage\":{\"@id\":\"https:\\\/\\\/grenzinfo.eu\\\/eur\\\/snuffelstage-over-de-grens\\\/\"},\"wordCount\":150,\"articleSection\":[\"News\"],\"inLanguage\":\"de\"},{\"@type\":\"WebPage\",\"@id\":\"https:\\\/\\\/grenzinfo.eu\\\/eur\\\/snuffelstage-over-de-grens\\\/\",\"url\":\"https:\\\/\\\/grenzinfo.eu\\\/eur\\\/snuffelstage-over-de-grens\\\/\",\"name\":\"Schnuppertag \u00fcber die Grenze - EUREGIO\",\"isPartOf\":{\"@id\":\"https:\\\/\\\/grenzinfo.eu\\\/eur\\\/#website\"},\"datePublished\":\"2018-03-07T10:25:27+00:00\",\"dateModified\":\"2019-03-12T15:36:36+00:00\",\"author\":{\"@id\":\"https:\\\/\\\/grenzinfo.eu\\\/eur\\\/#\\\/schema\\\/person\\\/9f458cb37563e7f9a229139f0ed29b91\"},\"breadcrumb\":{\"@id\":\"https:\\\/\\\/grenzinfo.eu\\\/eur\\\/snuffelstage-over-de-grens\\\/#breadcrumb\"},\"inLanguage\":\"de\",\"potentialAction\":[{\"@type\":\"ReadAction\",\"target\":[\"https:\\\/\\\/grenzinfo.eu\\\/eur\\\/snuffelstage-over-de-grens\\\/\"]}]},{\"@type\":\"BreadcrumbList\",\"@id\":\"https:\\\/\\\/grenzinfo.eu\\\/eur\\\/snuffelstage-over-de-grens\\\/#breadcrumb\",\"itemListElement\":[{\"@type\":\"ListItem\",\"position\":1,\"name\":\"Home\",\"item\":\"https:\\\/\\\/grenzinfo.eu\\\/eur\\\/\"},{\"@type\":\"ListItem\",\"position\":2,\"name\":\"Schnuppertag \u00fcber die Grenze\"}]},{\"@type\":\"WebSite\",\"@id\":\"https:\\\/\\\/grenzinfo.eu\\\/eur\\\/#website\",\"url\":\"https:\\\/\\\/grenzinfo.eu\\\/eur\\\/\",\"name\":\"EUREGIO\",\"description\":\"Grenzinfopunkt EUREGIO\",\"potentialAction\":[{\"@type\":\"SearchAction\",\"target\":{\"@type\":\"EntryPoint\",\"urlTemplate\":\"https:\\\/\\\/grenzinfo.eu\\\/eur\\\/?s={search_term_string}\"},\"query-input\":{\"@type\":\"PropertyValueSpecification\",\"valueRequired\":true,\"valueName\":\"search_term_string\"}}],\"inLanguage\":\"de\"},{\"@type\":\"Person\",\"@id\":\"https:\\\/\\\/grenzinfo.eu\\\/eur\\\/#\\\/schema\\\/person\\\/9f458cb37563e7f9a229139f0ed29b91\",\"name\":\"gipadmin\",\"url\":\"https:\\\/\\\/grenzinfo.eu\\\/eur\\\/author\\\/gipadmin\\\/\"}]}<\/script>\n<!-- \/ Yoast SEO plugin. -->","yoast_head_json":{"title":"Schnuppertag \u00fcber die Grenze - EUREGIO","robots":{"index":"index","follow":"follow","max-snippet":"max-snippet:-1","max-image-preview":"max-image-preview:large","max-video-preview":"max-video-preview:-1"},"canonical":"https:\/\/grenzinfo.eu\/eur\/snuffelstage-over-de-grens\/","og_locale":"de_DE","og_type":"article","og_title":"Schnuppertag \u00fcber die Grenze - EUREGIO","og_description":"Wollen Sie Arbeiten im Nachbarland einfach mal f\u00fcr einen Tag ausprobieren? Machen Sie mit beim \u201eExperiment Grenze\u201c in der EUREGIO! Die Idee f\u00fcr das \u201eExperiment Grenze\u201c ist entstanden, weil wir uns nach dem Abschluss des \u201ePakts: Arbeitsmarkt \u00fcber die Grenze!\u201c Ende 2017 in der EUREGIO weiter f\u00fcr einen gemeinsamen, durchl\u00e4ssigen grenz\u00fcberschreitenden Arbeitsmarkt einsetzen wollen. Ein [&hellip;]","og_url":"https:\/\/grenzinfo.eu\/eur\/snuffelstage-over-de-grens\/","og_site_name":"EUREGIO","article_published_time":"2018-03-07T10:25:27+00:00","article_modified_time":"2019-03-12T15:36:36+00:00","og_image":[{"width":480,"height":432,"url":"https:\/\/grenzinfo.eu\/eur\/wp-content\/uploads\/sites\/5\/2018\/03\/28467765_1759783057664999_8152222244532841988_n1.jpg","type":"image\/jpeg"}],"author":"gipadmin","twitter_card":"summary_large_image","twitter_misc":{"Geschrieben von":"gipadmin","Gesch\u00e4tzte Lesezeit":"1\u00a0Minute"},"schema":{"@context":"https:\/\/schema.org","@graph":[{"@type":"Article","@id":"https:\/\/grenzinfo.eu\/eur\/snuffelstage-over-de-grens\/#article","isPartOf":{"@id":"https:\/\/grenzinfo.eu\/eur\/snuffelstage-over-de-grens\/"},"author":{"name":"gipadmin","@id":"https:\/\/grenzinfo.eu\/eur\/#\/schema\/person\/9f458cb37563e7f9a229139f0ed29b91"},"headline":"Schnuppertag \u00fcber die Grenze","datePublished":"2018-03-07T10:25:27+00:00","dateModified":"2019-03-12T15:36:36+00:00","mainEntityOfPage":{"@id":"https:\/\/grenzinfo.eu\/eur\/snuffelstage-over-de-grens\/"},"wordCount":150,"articleSection":["News"],"inLanguage":"de"},{"@type":"WebPage","@id":"https:\/\/grenzinfo.eu\/eur\/snuffelstage-over-de-grens\/","url":"https:\/\/grenzinfo.eu\/eur\/snuffelstage-over-de-grens\/","name":"Schnuppertag \u00fcber die Grenze - EUREGIO","isPartOf":{"@id":"https:\/\/grenzinfo.eu\/eur\/#website"},"datePublished":"2018-03-07T10:25:27+00:00","dateModified":"2019-03-12T15:36:36+00:00","author":{"@id":"https:\/\/grenzinfo.eu\/eur\/#\/schema\/person\/9f458cb37563e7f9a229139f0ed29b91"},"breadcrumb":{"@id":"https:\/\/grenzinfo.eu\/eur\/snuffelstage-over-de-grens\/#breadcrumb"},"inLanguage":"de","potentialAction":[{"@type":"ReadAction","target":["https:\/\/grenzinfo.eu\/eur\/snuffelstage-over-de-grens\/"]}]},{"@type":"BreadcrumbList","@id":"https:\/\/grenzinfo.eu\/eur\/snuffelstage-over-de-grens\/#breadcrumb","itemListElement":[{"@type":"ListItem","position":1,"name":"Home","item":"https:\/\/grenzinfo.eu\/eur\/"},{"@type":"ListItem","position":2,"name":"Schnuppertag \u00fcber die Grenze"}]},{"@type":"WebSite","@id":"https:\/\/grenzinfo.eu\/eur\/#website","url":"https:\/\/grenzinfo.eu\/eur\/","name":"EUREGIO","description":"Grenzinfopunkt EUREGIO","potentialAction":[{"@type":"SearchAction","target":{"@type":"EntryPoint","urlTemplate":"https:\/\/grenzinfo.eu\/eur\/?s={search_term_string}"},"query-input":{"@type":"PropertyValueSpecification","valueRequired":true,"valueName":"search_term_string"}}],"inLanguage":"de"},{"@type":"Person","@id":"https:\/\/grenzinfo.eu\/eur\/#\/schema\/person\/9f458cb37563e7f9a229139f0ed29b91","name":"gipadmin","url":"https:\/\/grenzinfo.eu\/eur\/author\/gipadmin\/"}]}},"lang":"de","translations":{"de":10418,"nl":1844},"pll_sync_post":[],"_links":{"self":[{"href":"https:\/\/grenzinfo.eu\/eur\/wp-json\/wp\/v2\/posts\/10418","targetHints":{"allow":["GET"]}}],"collection":[{"href":"https:\/\/grenzinfo.eu\/eur\/wp-json\/wp\/v2\/posts"}],"about":[{"href":"https:\/\/grenzinfo.eu\/eur\/wp-json\/wp\/v2\/types\/post"}],"author":[{"embeddable":true,"href":"https:\/\/grenzinfo.eu\/eur\/wp-json\/wp\/v2\/users\/1"}],"replies":[{"embeddable":true,"href":"https:\/\/grenzinfo.eu\/eur\/wp-json\/wp\/v2\/comments?post=10418"}],"version-history":[{"count":0,"href":"https:\/\/grenzinfo.eu\/eur\/wp-json\/wp\/v2\/posts\/10418\/revisions"}],"wp:attachment":[{"href":"https:\/\/grenzinfo.eu\/eur\/wp-json\/wp\/v2\/media?parent=10418"}],"wp:term":[{"taxonomy":"category","embeddable":true,"href":"https:\/\/grenzinfo.eu\/eur\/wp-json\/wp\/v2\/categories?post=10418"},{"taxonomy":"post_tag","embeddable":true,"href":"https:\/\/grenzinfo.eu\/eur\/wp-json\/wp\/v2\/tags?post=10418"}],"curies":[{"name":"wp","href":"https:\/\/api.w.org\/{rel}","templated":true}]}}