{"id":10421,"date":"2018-01-24T15:00:37","date_gmt":"2018-01-24T14:00:37","guid":{"rendered":"https:\/\/grenzinfo.eu\/eur\/?p=1771"},"modified":"2019-03-12T16:37:41","modified_gmt":"2019-03-12T15:37:41","slug":"staatssekretaer-knops-besucht-sprechstunde-des-grenzinfopunktes","status":"publish","type":"post","link":"https:\/\/grenzinfo.eu\/eur\/staatssekretaer-knops-besucht-sprechstunde-des-grenzinfopunktes\/","title":{"rendered":"Staatssekret\u00e4r Knops besucht die Sprechstunde des Grenzinfopunktes"},"content":{"rendered":"<p>W\u00e4hrend der Sprechstunde vom Grenzinfopunkt EUREGIO in Glanerbrug am 24. Januar, wurde der Staatssekret\u00e4r Knops f\u00fcr Innenpolitik begr\u00fc\u00dft.\u00a0Bei diesem Besuch, m\u00f6chte er sich \u00fcber die Arbeitsweisen des Grenzinfopunktes informieren.\u00a0W\u00e4hrend der Sprechstunde, suchte er das Gespr\u00e4ch mit verschiedenen Besuchern der Sprechstunde.<\/p>\n<p><img fetchpriority=\"high\" decoding=\"async\" class=\"alignnone size-medium wp-image-10423\" src=\"https:\/\/grenzinfo.eu\/eur\/wp-content\/uploads\/sites\/12\/Knops-1-360x203.jpg\" alt=\"\" width=\"360\" height=\"203\" \/><\/p>\n<p>Die lokale Fernsehsender TV Enschede hatte ein Interview mit der Staatssekret\u00e4r:<\/p>\n<p><iframe hcb-fetch-image-from=\"https:\/\/youtu.be\/wIvbCyOVDwU\" width=\"800\" height=\"450\" src=\"https:\/\/www.youtube.com\/embed\/wIvbCyOVDwU?feature=oembed\" frameborder=\"0\" allow=\"accelerometer; autoplay; encrypted-media; gyroscope; picture-in-picture\" allowfullscreen><\/iframe><\/p>\n","protected":false},"excerpt":{"rendered":"<p>W\u00e4hrend der Sprechstunde vom Grenzinfopunkt EUREGIO in Glanerbrug am 24. Januar, wurde der Staatssekret\u00e4r Knops f\u00fcr Innenpolitik begr\u00fc\u00dft.\u00a0Bei diesem Besuch, m\u00f6chte er sich \u00fcber die Arbeitsweisen des Grenzinfopunktes informieren.\u00a0W\u00e4hrend der Sprechstunde, suchte er das Gespr\u00e4ch mit verschiedenen Besuchern der Sprechstunde. Die lokale Fernsehsender TV Enschede hatte ein Interview mit der Staatssekret\u00e4r:<\/p>\n","protected":false},"author":1,"featured_media":10422,"comment_status":"closed","ping_status":"closed","sticky":false,"template":"","format":"standard","meta":{"_acf_changed":false,"footnotes":""},"categories":[1],"tags":[],"class_list":["post-10421","post","type-post","status-publish","format-standard","has-post-thumbnail","hentry","category-news"],"acf":[],"yoast_head":"<!-- This site is optimized with the Yoast SEO plugin v27.5 - https:\/\/yoast.com\/product\/yoast-seo-wordpress\/ -->\n<title>Staatssekret\u00e4r Knops besucht die Sprechstunde des Grenzinfopunktes - EUREGIO<\/title>\n<meta name=\"robots\" content=\"index, follow, max-snippet:-1, max-image-preview:large, max-video-preview:-1\" \/>\n<link rel=\"canonical\" href=\"https:\/\/grenzinfo.eu\/eur\/staatssekretaer-knops-besucht-sprechstunde-des-grenzinfopunktes\/\" \/>\n<meta property=\"og:locale\" content=\"de_DE\" \/>\n<meta property=\"og:type\" content=\"article\" \/>\n<meta property=\"og:title\" content=\"Staatssekret\u00e4r Knops besucht die Sprechstunde des Grenzinfopunktes - EUREGIO\" \/>\n<meta property=\"og:description\" content=\"W\u00e4hrend der Sprechstunde vom Grenzinfopunkt EUREGIO in Glanerbrug am 24. Januar, wurde der Staatssekret\u00e4r Knops f\u00fcr Innenpolitik begr\u00fc\u00dft.\u00a0Bei diesem Besuch, m\u00f6chte er sich \u00fcber die Arbeitsweisen des Grenzinfopunktes informieren.\u00a0W\u00e4hrend der Sprechstunde, suchte er das Gespr\u00e4ch mit verschiedenen Besuchern der Sprechstunde. Die lokale Fernsehsender TV Enschede hatte ein Interview mit der Staatssekret\u00e4r:\" \/>\n<meta property=\"og:url\" content=\"https:\/\/grenzinfo.eu\/eur\/staatssekretaer-knops-besucht-sprechstunde-des-grenzinfopunktes\/\" \/>\n<meta property=\"og:site_name\" content=\"EUREGIO\" \/>\n<meta property=\"article:published_time\" content=\"2018-01-24T14:00:37+00:00\" \/>\n<meta property=\"article:modified_time\" content=\"2019-03-12T15:37:41+00:00\" \/>\n<meta property=\"og:image\" content=\"https:\/\/grenzinfo.eu\/eur\/wp-content\/uploads\/sites\/5\/2018\/01\/Knops.jpg\" \/>\n\t<meta property=\"og:image:width\" content=\"2048\" \/>\n\t<meta property=\"og:image:height\" content=\"1152\" \/>\n\t<meta property=\"og:image:type\" content=\"image\/jpeg\" \/>\n<meta name=\"author\" content=\"gipadmin\" \/>\n<meta name=\"twitter:card\" content=\"summary_large_image\" \/>\n<meta name=\"twitter:label1\" content=\"Geschrieben von\" \/>\n\t<meta name=\"twitter:data1\" content=\"gipadmin\" \/>\n<script type=\"application\/ld+json\" class=\"yoast-schema-graph\">{\"@context\":\"https:\\\/\\\/schema.org\",\"@graph\":[{\"@type\":\"Article\",\"@id\":\"https:\\\/\\\/grenzinfo.eu\\\/eur\\\/staatssekretaer-knops-besucht-sprechstunde-des-grenzinfopunktes\\\/#article\",\"isPartOf\":{\"@id\":\"https:\\\/\\\/grenzinfo.eu\\\/eur\\\/staatssekretaer-knops-besucht-sprechstunde-des-grenzinfopunktes\\\/\"},\"author\":{\"name\":\"gipadmin\",\"@id\":\"https:\\\/\\\/grenzinfo.eu\\\/eur\\\/#\\\/schema\\\/person\\\/9f458cb37563e7f9a229139f0ed29b91\"},\"headline\":\"Staatssekret\u00e4r Knops besucht die Sprechstunde des Grenzinfopunktes\",\"datePublished\":\"2018-01-24T14:00:37+00:00\",\"dateModified\":\"2019-03-12T15:37:41+00:00\",\"mainEntityOfPage\":{\"@id\":\"https:\\\/\\\/grenzinfo.eu\\\/eur\\\/staatssekretaer-knops-besucht-sprechstunde-des-grenzinfopunktes\\\/\"},\"wordCount\":72,\"image\":{\"@id\":\"https:\\\/\\\/grenzinfo.eu\\\/eur\\\/staatssekretaer-knops-besucht-sprechstunde-des-grenzinfopunktes\\\/#primaryimage\"},\"thumbnailUrl\":\"https:\\\/\\\/grenzinfo.eu\\\/eur\\\/wp-content\\\/uploads\\\/sites\\\/5\\\/2018\\\/01\\\/Knops.jpg\",\"articleSection\":[\"News\"],\"inLanguage\":\"de\"},{\"@type\":\"WebPage\",\"@id\":\"https:\\\/\\\/grenzinfo.eu\\\/eur\\\/staatssekretaer-knops-besucht-sprechstunde-des-grenzinfopunktes\\\/\",\"url\":\"https:\\\/\\\/grenzinfo.eu\\\/eur\\\/staatssekretaer-knops-besucht-sprechstunde-des-grenzinfopunktes\\\/\",\"name\":\"Staatssekret\u00e4r Knops besucht die Sprechstunde des Grenzinfopunktes - EUREGIO\",\"isPartOf\":{\"@id\":\"https:\\\/\\\/grenzinfo.eu\\\/eur\\\/#website\"},\"primaryImageOfPage\":{\"@id\":\"https:\\\/\\\/grenzinfo.eu\\\/eur\\\/staatssekretaer-knops-besucht-sprechstunde-des-grenzinfopunktes\\\/#primaryimage\"},\"image\":{\"@id\":\"https:\\\/\\\/grenzinfo.eu\\\/eur\\\/staatssekretaer-knops-besucht-sprechstunde-des-grenzinfopunktes\\\/#primaryimage\"},\"thumbnailUrl\":\"https:\\\/\\\/grenzinfo.eu\\\/eur\\\/wp-content\\\/uploads\\\/sites\\\/5\\\/2018\\\/01\\\/Knops.jpg\",\"datePublished\":\"2018-01-24T14:00:37+00:00\",\"dateModified\":\"2019-03-12T15:37:41+00:00\",\"author\":{\"@id\":\"https:\\\/\\\/grenzinfo.eu\\\/eur\\\/#\\\/schema\\\/person\\\/9f458cb37563e7f9a229139f0ed29b91\"},\"breadcrumb\":{\"@id\":\"https:\\\/\\\/grenzinfo.eu\\\/eur\\\/staatssekretaer-knops-besucht-sprechstunde-des-grenzinfopunktes\\\/#breadcrumb\"},\"inLanguage\":\"de\",\"potentialAction\":[{\"@type\":\"ReadAction\",\"target\":[\"https:\\\/\\\/grenzinfo.eu\\\/eur\\\/staatssekretaer-knops-besucht-sprechstunde-des-grenzinfopunktes\\\/\"]}]},{\"@type\":\"ImageObject\",\"inLanguage\":\"de\",\"@id\":\"https:\\\/\\\/grenzinfo.eu\\\/eur\\\/staatssekretaer-knops-besucht-sprechstunde-des-grenzinfopunktes\\\/#primaryimage\",\"url\":\"https:\\\/\\\/grenzinfo.eu\\\/eur\\\/wp-content\\\/uploads\\\/sites\\\/5\\\/2018\\\/01\\\/Knops.jpg\",\"contentUrl\":\"https:\\\/\\\/grenzinfo.eu\\\/eur\\\/wp-content\\\/uploads\\\/sites\\\/5\\\/2018\\\/01\\\/Knops.jpg\",\"width\":2048,\"height\":1152},{\"@type\":\"BreadcrumbList\",\"@id\":\"https:\\\/\\\/grenzinfo.eu\\\/eur\\\/staatssekretaer-knops-besucht-sprechstunde-des-grenzinfopunktes\\\/#breadcrumb\",\"itemListElement\":[{\"@type\":\"ListItem\",\"position\":1,\"name\":\"Home\",\"item\":\"https:\\\/\\\/grenzinfo.eu\\\/eur\\\/\"},{\"@type\":\"ListItem\",\"position\":2,\"name\":\"Staatssekret\u00e4r Knops besucht die Sprechstunde des Grenzinfopunktes\"}]},{\"@type\":\"WebSite\",\"@id\":\"https:\\\/\\\/grenzinfo.eu\\\/eur\\\/#website\",\"url\":\"https:\\\/\\\/grenzinfo.eu\\\/eur\\\/\",\"name\":\"EUREGIO\",\"description\":\"Grenzinfopunkt EUREGIO\",\"potentialAction\":[{\"@type\":\"SearchAction\",\"target\":{\"@type\":\"EntryPoint\",\"urlTemplate\":\"https:\\\/\\\/grenzinfo.eu\\\/eur\\\/?s={search_term_string}\"},\"query-input\":{\"@type\":\"PropertyValueSpecification\",\"valueRequired\":true,\"valueName\":\"search_term_string\"}}],\"inLanguage\":\"de\"},{\"@type\":\"Person\",\"@id\":\"https:\\\/\\\/grenzinfo.eu\\\/eur\\\/#\\\/schema\\\/person\\\/9f458cb37563e7f9a229139f0ed29b91\",\"name\":\"gipadmin\",\"url\":\"https:\\\/\\\/grenzinfo.eu\\\/eur\\\/author\\\/gipadmin\\\/\"}]}<\/script>\n<!-- \/ Yoast SEO plugin. -->","yoast_head_json":{"title":"Staatssekret\u00e4r Knops besucht die Sprechstunde des Grenzinfopunktes - EUREGIO","robots":{"index":"index","follow":"follow","max-snippet":"max-snippet:-1","max-image-preview":"max-image-preview:large","max-video-preview":"max-video-preview:-1"},"canonical":"https:\/\/grenzinfo.eu\/eur\/staatssekretaer-knops-besucht-sprechstunde-des-grenzinfopunktes\/","og_locale":"de_DE","og_type":"article","og_title":"Staatssekret\u00e4r Knops besucht die Sprechstunde des Grenzinfopunktes - EUREGIO","og_description":"W\u00e4hrend der Sprechstunde vom Grenzinfopunkt EUREGIO in Glanerbrug am 24. Januar, wurde der Staatssekret\u00e4r Knops f\u00fcr Innenpolitik begr\u00fc\u00dft.\u00a0Bei diesem Besuch, m\u00f6chte er sich \u00fcber die Arbeitsweisen des Grenzinfopunktes informieren.\u00a0W\u00e4hrend der Sprechstunde, suchte er das Gespr\u00e4ch mit verschiedenen Besuchern der Sprechstunde. Die lokale Fernsehsender TV Enschede hatte ein Interview mit der Staatssekret\u00e4r:","og_url":"https:\/\/grenzinfo.eu\/eur\/staatssekretaer-knops-besucht-sprechstunde-des-grenzinfopunktes\/","og_site_name":"EUREGIO","article_published_time":"2018-01-24T14:00:37+00:00","article_modified_time":"2019-03-12T15:37:41+00:00","og_image":[{"width":2048,"height":1152,"url":"https:\/\/grenzinfo.eu\/eur\/wp-content\/uploads\/sites\/5\/2018\/01\/Knops.jpg","type":"image\/jpeg"}],"author":"gipadmin","twitter_card":"summary_large_image","twitter_misc":{"Geschrieben von":"gipadmin"},"schema":{"@context":"https:\/\/schema.org","@graph":[{"@type":"Article","@id":"https:\/\/grenzinfo.eu\/eur\/staatssekretaer-knops-besucht-sprechstunde-des-grenzinfopunktes\/#article","isPartOf":{"@id":"https:\/\/grenzinfo.eu\/eur\/staatssekretaer-knops-besucht-sprechstunde-des-grenzinfopunktes\/"},"author":{"name":"gipadmin","@id":"https:\/\/grenzinfo.eu\/eur\/#\/schema\/person\/9f458cb37563e7f9a229139f0ed29b91"},"headline":"Staatssekret\u00e4r Knops besucht die Sprechstunde des Grenzinfopunktes","datePublished":"2018-01-24T14:00:37+00:00","dateModified":"2019-03-12T15:37:41+00:00","mainEntityOfPage":{"@id":"https:\/\/grenzinfo.eu\/eur\/staatssekretaer-knops-besucht-sprechstunde-des-grenzinfopunktes\/"},"wordCount":72,"image":{"@id":"https:\/\/grenzinfo.eu\/eur\/staatssekretaer-knops-besucht-sprechstunde-des-grenzinfopunktes\/#primaryimage"},"thumbnailUrl":"https:\/\/grenzinfo.eu\/eur\/wp-content\/uploads\/sites\/5\/2018\/01\/Knops.jpg","articleSection":["News"],"inLanguage":"de"},{"@type":"WebPage","@id":"https:\/\/grenzinfo.eu\/eur\/staatssekretaer-knops-besucht-sprechstunde-des-grenzinfopunktes\/","url":"https:\/\/grenzinfo.eu\/eur\/staatssekretaer-knops-besucht-sprechstunde-des-grenzinfopunktes\/","name":"Staatssekret\u00e4r Knops besucht die Sprechstunde des Grenzinfopunktes - EUREGIO","isPartOf":{"@id":"https:\/\/grenzinfo.eu\/eur\/#website"},"primaryImageOfPage":{"@id":"https:\/\/grenzinfo.eu\/eur\/staatssekretaer-knops-besucht-sprechstunde-des-grenzinfopunktes\/#primaryimage"},"image":{"@id":"https:\/\/grenzinfo.eu\/eur\/staatssekretaer-knops-besucht-sprechstunde-des-grenzinfopunktes\/#primaryimage"},"thumbnailUrl":"https:\/\/grenzinfo.eu\/eur\/wp-content\/uploads\/sites\/5\/2018\/01\/Knops.jpg","datePublished":"2018-01-24T14:00:37+00:00","dateModified":"2019-03-12T15:37:41+00:00","author":{"@id":"https:\/\/grenzinfo.eu\/eur\/#\/schema\/person\/9f458cb37563e7f9a229139f0ed29b91"},"breadcrumb":{"@id":"https:\/\/grenzinfo.eu\/eur\/staatssekretaer-knops-besucht-sprechstunde-des-grenzinfopunktes\/#breadcrumb"},"inLanguage":"de","potentialAction":[{"@type":"ReadAction","target":["https:\/\/grenzinfo.eu\/eur\/staatssekretaer-knops-besucht-sprechstunde-des-grenzinfopunktes\/"]}]},{"@type":"ImageObject","inLanguage":"de","@id":"https:\/\/grenzinfo.eu\/eur\/staatssekretaer-knops-besucht-sprechstunde-des-grenzinfopunktes\/#primaryimage","url":"https:\/\/grenzinfo.eu\/eur\/wp-content\/uploads\/sites\/5\/2018\/01\/Knops.jpg","contentUrl":"https:\/\/grenzinfo.eu\/eur\/wp-content\/uploads\/sites\/5\/2018\/01\/Knops.jpg","width":2048,"height":1152},{"@type":"BreadcrumbList","@id":"https:\/\/grenzinfo.eu\/eur\/staatssekretaer-knops-besucht-sprechstunde-des-grenzinfopunktes\/#breadcrumb","itemListElement":[{"@type":"ListItem","position":1,"name":"Home","item":"https:\/\/grenzinfo.eu\/eur\/"},{"@type":"ListItem","position":2,"name":"Staatssekret\u00e4r Knops besucht die Sprechstunde des Grenzinfopunktes"}]},{"@type":"WebSite","@id":"https:\/\/grenzinfo.eu\/eur\/#website","url":"https:\/\/grenzinfo.eu\/eur\/","name":"EUREGIO","description":"Grenzinfopunkt EUREGIO","potentialAction":[{"@type":"SearchAction","target":{"@type":"EntryPoint","urlTemplate":"https:\/\/grenzinfo.eu\/eur\/?s={search_term_string}"},"query-input":{"@type":"PropertyValueSpecification","valueRequired":true,"valueName":"search_term_string"}}],"inLanguage":"de"},{"@type":"Person","@id":"https:\/\/grenzinfo.eu\/eur\/#\/schema\/person\/9f458cb37563e7f9a229139f0ed29b91","name":"gipadmin","url":"https:\/\/grenzinfo.eu\/eur\/author\/gipadmin\/"}]}},"lang":"de","translations":{"de":10421,"nl":1763},"pll_sync_post":[],"_links":{"self":[{"href":"https:\/\/grenzinfo.eu\/eur\/wp-json\/wp\/v2\/posts\/10421","targetHints":{"allow":["GET"]}}],"collection":[{"href":"https:\/\/grenzinfo.eu\/eur\/wp-json\/wp\/v2\/posts"}],"about":[{"href":"https:\/\/grenzinfo.eu\/eur\/wp-json\/wp\/v2\/types\/post"}],"author":[{"embeddable":true,"href":"https:\/\/grenzinfo.eu\/eur\/wp-json\/wp\/v2\/users\/1"}],"replies":[{"embeddable":true,"href":"https:\/\/grenzinfo.eu\/eur\/wp-json\/wp\/v2\/comments?post=10421"}],"version-history":[{"count":0,"href":"https:\/\/grenzinfo.eu\/eur\/wp-json\/wp\/v2\/posts\/10421\/revisions"}],"wp:featuredmedia":[{"embeddable":true,"href":"https:\/\/grenzinfo.eu\/eur\/wp-json\/wp\/v2\/media\/10422"}],"wp:attachment":[{"href":"https:\/\/grenzinfo.eu\/eur\/wp-json\/wp\/v2\/media?parent=10421"}],"wp:term":[{"taxonomy":"category","embeddable":true,"href":"https:\/\/grenzinfo.eu\/eur\/wp-json\/wp\/v2\/categories?post=10421"},{"taxonomy":"post_tag","embeddable":true,"href":"https:\/\/grenzinfo.eu\/eur\/wp-json\/wp\/v2\/tags?post=10421"}],"curies":[{"name":"wp","href":"https:\/\/api.w.org\/{rel}","templated":true}]}}