{"id":12762,"date":"2020-04-23T15:38:36","date_gmt":"2020-04-23T13:38:36","guid":{"rendered":"https:\/\/grenzinfo.eu\/eur\/?p=12762"},"modified":"2020-12-11T11:25:19","modified_gmt":"2020-12-11T10:25:19","slug":"einkaufen-in-deutschland-ab-montag-27-april-mit-mundschutz","status":"publish","type":"post","link":"https:\/\/grenzinfo.eu\/eur\/einkaufen-in-deutschland-ab-montag-27-april-mit-mundschutz\/","title":{"rendered":"Einkaufen in Deutschland ab Montag 27. April mit Mundschutz"},"content":{"rendered":"<p>In ganz Deutschland m\u00fcssen Menschen in \u00f6ffentlichen Verkehrsmitteln und in Gesch\u00e4ften ab dem 27. April eine Mundschutzkappe tragen. Niederl\u00e4nder, die im Grenzgebiet wohnen und ihre Eink\u00e4ufe jenseits der Grenze erledigen, sind daher verpflichtet, einen Mundschutz zu tragen. Erlaubt ist zum Beispiel auch ein Schal. Dar\u00fcber hinaus gelten die Ma\u00dfe von 1,5 Meter Abstand, eine gute Husten- und Niesdisziplin und H\u00e4ndewaschen.<\/p>\n<p>Im Internet finden Sie auch Anleitungen zum N\u00e4hen eines Mundschutzes.<\/p>\n","protected":false},"excerpt":{"rendered":"<p>In ganz Deutschland m\u00fcssen Menschen in \u00f6ffentlichen Verkehrsmitteln und in Gesch\u00e4ften ab dem 27. April eine Mundschutzkappe tragen. Niederl\u00e4nder, die im Grenzgebiet wohnen und ihre Eink\u00e4ufe jenseits der Grenze erledigen, sind daher verpflichtet, einen Mundschutz zu tragen. Erlaubt ist zum Beispiel auch ein Schal. Dar\u00fcber hinaus gelten die Ma\u00dfe von 1,5 Meter Abstand, eine gute [&hellip;]<\/p>\n","protected":false},"author":4,"featured_media":0,"comment_status":"closed","ping_status":"closed","sticky":false,"template":"","format":"standard","meta":{"_acf_changed":false,"footnotes":""},"categories":[1],"tags":[],"class_list":["post-12762","post","type-post","status-publish","format-standard","hentry","category-news"],"acf":[],"yoast_head":"<!-- This site is optimized with the Yoast SEO plugin v27.5 - https:\/\/yoast.com\/product\/yoast-seo-wordpress\/ -->\n<title>Einkaufen in Deutschland ab Montag 27. April mit Mundschutz - EUREGIO<\/title>\n<meta name=\"robots\" content=\"index, follow, max-snippet:-1, max-image-preview:large, max-video-preview:-1\" \/>\n<link rel=\"canonical\" href=\"https:\/\/grenzinfo.eu\/eur\/einkaufen-in-deutschland-ab-montag-27-april-mit-mundschutz\/\" \/>\n<meta property=\"og:locale\" content=\"de_DE\" \/>\n<meta property=\"og:type\" content=\"article\" \/>\n<meta property=\"og:title\" content=\"Einkaufen in Deutschland ab Montag 27. April mit Mundschutz - EUREGIO\" \/>\n<meta property=\"og:description\" content=\"In ganz Deutschland m\u00fcssen Menschen in \u00f6ffentlichen Verkehrsmitteln und in Gesch\u00e4ften ab dem 27. April eine Mundschutzkappe tragen. Niederl\u00e4nder, die im Grenzgebiet wohnen und ihre Eink\u00e4ufe jenseits der Grenze erledigen, sind daher verpflichtet, einen Mundschutz zu tragen. Erlaubt ist zum Beispiel auch ein Schal. Dar\u00fcber hinaus gelten die Ma\u00dfe von 1,5 Meter Abstand, eine gute [&hellip;]\" \/>\n<meta property=\"og:url\" content=\"https:\/\/grenzinfo.eu\/eur\/einkaufen-in-deutschland-ab-montag-27-april-mit-mundschutz\/\" \/>\n<meta property=\"og:site_name\" content=\"EUREGIO\" \/>\n<meta property=\"article:published_time\" content=\"2020-04-23T13:38:36+00:00\" \/>\n<meta property=\"article:modified_time\" content=\"2020-12-11T10:25:19+00:00\" \/>\n<meta name=\"author\" content=\"Herman Lammers\" \/>\n<meta name=\"twitter:card\" content=\"summary_large_image\" \/>\n<meta name=\"twitter:label1\" content=\"Geschrieben von\" \/>\n\t<meta name=\"twitter:data1\" content=\"Herman Lammers\" \/>\n<script type=\"application\/ld+json\" class=\"yoast-schema-graph\">{\"@context\":\"https:\\\/\\\/schema.org\",\"@graph\":[{\"@type\":\"Article\",\"@id\":\"https:\\\/\\\/grenzinfo.eu\\\/eur\\\/einkaufen-in-deutschland-ab-montag-27-april-mit-mundschutz\\\/#article\",\"isPartOf\":{\"@id\":\"https:\\\/\\\/grenzinfo.eu\\\/eur\\\/einkaufen-in-deutschland-ab-montag-27-april-mit-mundschutz\\\/\"},\"author\":{\"name\":\"Herman Lammers\",\"@id\":\"https:\\\/\\\/grenzinfo.eu\\\/eur\\\/#\\\/schema\\\/person\\\/4c932853e592587d98afde0a8f4ba884\"},\"headline\":\"Einkaufen in Deutschland ab Montag 27. April mit Mundschutz\",\"datePublished\":\"2020-04-23T13:38:36+00:00\",\"dateModified\":\"2020-12-11T10:25:19+00:00\",\"mainEntityOfPage\":{\"@id\":\"https:\\\/\\\/grenzinfo.eu\\\/eur\\\/einkaufen-in-deutschland-ab-montag-27-april-mit-mundschutz\\\/\"},\"wordCount\":84,\"articleSection\":[\"News\"],\"inLanguage\":\"de\"},{\"@type\":\"WebPage\",\"@id\":\"https:\\\/\\\/grenzinfo.eu\\\/eur\\\/einkaufen-in-deutschland-ab-montag-27-april-mit-mundschutz\\\/\",\"url\":\"https:\\\/\\\/grenzinfo.eu\\\/eur\\\/einkaufen-in-deutschland-ab-montag-27-april-mit-mundschutz\\\/\",\"name\":\"Einkaufen in Deutschland ab Montag 27. April mit Mundschutz - EUREGIO\",\"isPartOf\":{\"@id\":\"https:\\\/\\\/grenzinfo.eu\\\/eur\\\/#website\"},\"datePublished\":\"2020-04-23T13:38:36+00:00\",\"dateModified\":\"2020-12-11T10:25:19+00:00\",\"author\":{\"@id\":\"https:\\\/\\\/grenzinfo.eu\\\/eur\\\/#\\\/schema\\\/person\\\/4c932853e592587d98afde0a8f4ba884\"},\"breadcrumb\":{\"@id\":\"https:\\\/\\\/grenzinfo.eu\\\/eur\\\/einkaufen-in-deutschland-ab-montag-27-april-mit-mundschutz\\\/#breadcrumb\"},\"inLanguage\":\"de\",\"potentialAction\":[{\"@type\":\"ReadAction\",\"target\":[\"https:\\\/\\\/grenzinfo.eu\\\/eur\\\/einkaufen-in-deutschland-ab-montag-27-april-mit-mundschutz\\\/\"]}]},{\"@type\":\"BreadcrumbList\",\"@id\":\"https:\\\/\\\/grenzinfo.eu\\\/eur\\\/einkaufen-in-deutschland-ab-montag-27-april-mit-mundschutz\\\/#breadcrumb\",\"itemListElement\":[{\"@type\":\"ListItem\",\"position\":1,\"name\":\"Home\",\"item\":\"https:\\\/\\\/grenzinfo.eu\\\/eur\\\/\"},{\"@type\":\"ListItem\",\"position\":2,\"name\":\"Einkaufen in Deutschland ab Montag 27. April mit Mundschutz\"}]},{\"@type\":\"WebSite\",\"@id\":\"https:\\\/\\\/grenzinfo.eu\\\/eur\\\/#website\",\"url\":\"https:\\\/\\\/grenzinfo.eu\\\/eur\\\/\",\"name\":\"EUREGIO\",\"description\":\"Grenzinfopunkt EUREGIO\",\"potentialAction\":[{\"@type\":\"SearchAction\",\"target\":{\"@type\":\"EntryPoint\",\"urlTemplate\":\"https:\\\/\\\/grenzinfo.eu\\\/eur\\\/?s={search_term_string}\"},\"query-input\":{\"@type\":\"PropertyValueSpecification\",\"valueRequired\":true,\"valueName\":\"search_term_string\"}}],\"inLanguage\":\"de\"},{\"@type\":\"Person\",\"@id\":\"https:\\\/\\\/grenzinfo.eu\\\/eur\\\/#\\\/schema\\\/person\\\/4c932853e592587d98afde0a8f4ba884\",\"name\":\"Herman Lammers\",\"url\":\"https:\\\/\\\/grenzinfo.eu\\\/eur\\\/author\\\/herman\\\/\"}]}<\/script>\n<!-- \/ Yoast SEO plugin. -->","yoast_head_json":{"title":"Einkaufen in Deutschland ab Montag 27. April mit Mundschutz - EUREGIO","robots":{"index":"index","follow":"follow","max-snippet":"max-snippet:-1","max-image-preview":"max-image-preview:large","max-video-preview":"max-video-preview:-1"},"canonical":"https:\/\/grenzinfo.eu\/eur\/einkaufen-in-deutschland-ab-montag-27-april-mit-mundschutz\/","og_locale":"de_DE","og_type":"article","og_title":"Einkaufen in Deutschland ab Montag 27. April mit Mundschutz - EUREGIO","og_description":"In ganz Deutschland m\u00fcssen Menschen in \u00f6ffentlichen Verkehrsmitteln und in Gesch\u00e4ften ab dem 27. April eine Mundschutzkappe tragen. Niederl\u00e4nder, die im Grenzgebiet wohnen und ihre Eink\u00e4ufe jenseits der Grenze erledigen, sind daher verpflichtet, einen Mundschutz zu tragen. Erlaubt ist zum Beispiel auch ein Schal. Dar\u00fcber hinaus gelten die Ma\u00dfe von 1,5 Meter Abstand, eine gute [&hellip;]","og_url":"https:\/\/grenzinfo.eu\/eur\/einkaufen-in-deutschland-ab-montag-27-april-mit-mundschutz\/","og_site_name":"EUREGIO","article_published_time":"2020-04-23T13:38:36+00:00","article_modified_time":"2020-12-11T10:25:19+00:00","author":"Herman Lammers","twitter_card":"summary_large_image","twitter_misc":{"Geschrieben von":"Herman Lammers"},"schema":{"@context":"https:\/\/schema.org","@graph":[{"@type":"Article","@id":"https:\/\/grenzinfo.eu\/eur\/einkaufen-in-deutschland-ab-montag-27-april-mit-mundschutz\/#article","isPartOf":{"@id":"https:\/\/grenzinfo.eu\/eur\/einkaufen-in-deutschland-ab-montag-27-april-mit-mundschutz\/"},"author":{"name":"Herman Lammers","@id":"https:\/\/grenzinfo.eu\/eur\/#\/schema\/person\/4c932853e592587d98afde0a8f4ba884"},"headline":"Einkaufen in Deutschland ab Montag 27. April mit Mundschutz","datePublished":"2020-04-23T13:38:36+00:00","dateModified":"2020-12-11T10:25:19+00:00","mainEntityOfPage":{"@id":"https:\/\/grenzinfo.eu\/eur\/einkaufen-in-deutschland-ab-montag-27-april-mit-mundschutz\/"},"wordCount":84,"articleSection":["News"],"inLanguage":"de"},{"@type":"WebPage","@id":"https:\/\/grenzinfo.eu\/eur\/einkaufen-in-deutschland-ab-montag-27-april-mit-mundschutz\/","url":"https:\/\/grenzinfo.eu\/eur\/einkaufen-in-deutschland-ab-montag-27-april-mit-mundschutz\/","name":"Einkaufen in Deutschland ab Montag 27. April mit Mundschutz - EUREGIO","isPartOf":{"@id":"https:\/\/grenzinfo.eu\/eur\/#website"},"datePublished":"2020-04-23T13:38:36+00:00","dateModified":"2020-12-11T10:25:19+00:00","author":{"@id":"https:\/\/grenzinfo.eu\/eur\/#\/schema\/person\/4c932853e592587d98afde0a8f4ba884"},"breadcrumb":{"@id":"https:\/\/grenzinfo.eu\/eur\/einkaufen-in-deutschland-ab-montag-27-april-mit-mundschutz\/#breadcrumb"},"inLanguage":"de","potentialAction":[{"@type":"ReadAction","target":["https:\/\/grenzinfo.eu\/eur\/einkaufen-in-deutschland-ab-montag-27-april-mit-mundschutz\/"]}]},{"@type":"BreadcrumbList","@id":"https:\/\/grenzinfo.eu\/eur\/einkaufen-in-deutschland-ab-montag-27-april-mit-mundschutz\/#breadcrumb","itemListElement":[{"@type":"ListItem","position":1,"name":"Home","item":"https:\/\/grenzinfo.eu\/eur\/"},{"@type":"ListItem","position":2,"name":"Einkaufen in Deutschland ab Montag 27. April mit Mundschutz"}]},{"@type":"WebSite","@id":"https:\/\/grenzinfo.eu\/eur\/#website","url":"https:\/\/grenzinfo.eu\/eur\/","name":"EUREGIO","description":"Grenzinfopunkt EUREGIO","potentialAction":[{"@type":"SearchAction","target":{"@type":"EntryPoint","urlTemplate":"https:\/\/grenzinfo.eu\/eur\/?s={search_term_string}"},"query-input":{"@type":"PropertyValueSpecification","valueRequired":true,"valueName":"search_term_string"}}],"inLanguage":"de"},{"@type":"Person","@id":"https:\/\/grenzinfo.eu\/eur\/#\/schema\/person\/4c932853e592587d98afde0a8f4ba884","name":"Herman Lammers","url":"https:\/\/grenzinfo.eu\/eur\/author\/herman\/"}]}},"lang":"de","translations":{"de":12762,"nl":12759},"pll_sync_post":[],"_links":{"self":[{"href":"https:\/\/grenzinfo.eu\/eur\/wp-json\/wp\/v2\/posts\/12762","targetHints":{"allow":["GET"]}}],"collection":[{"href":"https:\/\/grenzinfo.eu\/eur\/wp-json\/wp\/v2\/posts"}],"about":[{"href":"https:\/\/grenzinfo.eu\/eur\/wp-json\/wp\/v2\/types\/post"}],"author":[{"embeddable":true,"href":"https:\/\/grenzinfo.eu\/eur\/wp-json\/wp\/v2\/users\/4"}],"replies":[{"embeddable":true,"href":"https:\/\/grenzinfo.eu\/eur\/wp-json\/wp\/v2\/comments?post=12762"}],"version-history":[{"count":0,"href":"https:\/\/grenzinfo.eu\/eur\/wp-json\/wp\/v2\/posts\/12762\/revisions"}],"wp:attachment":[{"href":"https:\/\/grenzinfo.eu\/eur\/wp-json\/wp\/v2\/media?parent=12762"}],"wp:term":[{"taxonomy":"category","embeddable":true,"href":"https:\/\/grenzinfo.eu\/eur\/wp-json\/wp\/v2\/categories?post=12762"},{"taxonomy":"post_tag","embeddable":true,"href":"https:\/\/grenzinfo.eu\/eur\/wp-json\/wp\/v2\/tags?post=12762"}],"curies":[{"name":"wp","href":"https:\/\/api.w.org\/{rel}","templated":true}]}}