{"id":2043,"date":"2018-09-05T14:20:50","date_gmt":"2018-09-05T12:20:50","guid":{"rendered":"https:\/\/grenzinfo.eu\/eur\/?p=2043"},"modified":"2019-02-26T11:29:08","modified_gmt":"2019-02-26T10:29:08","slug":"die-euregio-informiert-ueber-die-steuerliche-behandlung-von-personal-aus-dem-nachbarland","status":"publish","type":"post","link":"https:\/\/grenzinfo.eu\/eur\/die-euregio-informiert-ueber-die-steuerliche-behandlung-von-personal-aus-dem-nachbarland\/","title":{"rendered":"Die EUREGIO informiert \u00fcber die steuerliche Behandlung von Personal aus dem Nachbarland"},"content":{"rendered":"<p>Am 27.08.2018 kamen Mitarbeiter der EUREGIO, des deutschen Finanzamtes und niederl\u00e4ndischen Belastingdienst, sowie interessierte Arbeitgeber im Hotel Driland zusammen, um \u00fcber die \u201eGrenz\u00fcberschreitende Einstellung von Personal und Steuerrecht aus Arbeitgeberperspektive\u201c zu sprechen. Ziel der Veranstaltung war es, den fast 40 Teilnehmern einen konkreten \u00dcberblick \u00fcber steuerrechtliche Konsequenzen bei der grenz\u00fcberschreitenden Personaleinstellung zu verschaffen.<\/p>\n<p>Die Anwesenden wurden zun\u00e4chst vom Gesch\u00e4ftsf\u00fchrer der EUREGIO in Gronau Christoph Almering begr\u00fc\u00dft, der insbesondere auf den Grenzinfopunkt der EUREGIO als Anlaufstelle bei grenz\u00fcberschreitenden Fragestellung hinwies. Nach der Einf\u00fchrung durch Sonja Adamsky, Beraterin des Grenzinfopunktes der EUREGIO erhielten Anela Kovacevik vom Belastingdienst und Daniela Riewe von der Finanzverwaltung NRW, Mitwirkende des Team GWO, welches sich mit grenz\u00fcberschreitenden Steuerfragen befasst, das Wort. Die Referentinnen hielten eine Pr\u00e4sentation \u00fcber die Besonderheiten, die auftreten, wenn ein niederl\u00e4ndischer Arbeitgeber Personal aus Deutschland oder ein deutscher Arbeitgeber Personal aus den Niederlanden einstellt.<\/p>\n<p>W\u00e4hrend der Pr\u00e4sentation wurden Beispielf\u00e4lle er\u00f6rtert, um den Teilnehmern die unterschiedlichen Situationen praktisch nahe zu bringen. In einem Fall wurde die Situation eines Arbeitnehmers aus Deutschland beschrieben, der f\u00fcr einen niederl\u00e4ndischen Arbeitgeber teilweise in Deutschland und in den Niederlanden arbeiten soll. Wie dieser Sachverhalt nun steuerlich zu behandeln ist, erkl\u00e4rten die Referentinnen den interessierten Arbeitgebern. Deutlich wurde auch, dass Aspekte der Sozialversicherung immer eine wichtige Rolle spielen. In diesem und anderen F\u00e4llen wurde unter anderem das neue deutsch-niederl\u00e4ndische Doppelbesteuerungsabkommen, welches am 1. Januar 2016 in Kraft getreten ist, angesprochen.<\/p>\n<p>Abschlie\u00dfend hatten alle Beteiligten die M\u00f6glichkeit Fragen zu stellen und ihre Meinung im Rahmen einer Abschlussdiskussion zu \u00e4u\u00dfern. Es wurde deutlich, dass der grenz\u00fcberschreitende Einsatz von Personal gute Information erfordert, aber auch Perspektiven in Zeiten des Fachkr\u00e4ftemangels er\u00f6ffnet.<\/p>\n","protected":false},"excerpt":{"rendered":"<p>Am 27.08.2018 kamen Mitarbeiter der EUREGIO, des deutschen Finanzamtes und niederl\u00e4ndischen Belastingdienst, sowie interessierte Arbeitgeber im Hotel Driland zusammen, um \u00fcber die \u201eGrenz\u00fcberschreitende Einstellung von Personal und Steuerrecht aus Arbeitgeberperspektive\u201c zu sprechen. Ziel der Veranstaltung war es, den fast 40 Teilnehmern einen konkreten \u00dcberblick \u00fcber steuerrechtliche Konsequenzen bei der grenz\u00fcberschreitenden Personaleinstellung zu verschaffen. Die Anwesenden [&hellip;]<\/p>\n","protected":false},"author":1,"featured_media":2041,"comment_status":"closed","ping_status":"closed","sticky":false,"template":"","format":"standard","meta":{"_acf_changed":false,"footnotes":""},"categories":[1],"tags":[],"class_list":["post-2043","post","type-post","status-publish","format-standard","has-post-thumbnail","hentry","category-news"],"acf":[],"yoast_head":"<!-- This site is optimized with the Yoast SEO plugin v27.5 - https:\/\/yoast.com\/product\/yoast-seo-wordpress\/ -->\n<title>Die EUREGIO informiert \u00fcber die steuerliche Behandlung von Personal aus dem Nachbarland - EUREGIO<\/title>\n<meta name=\"robots\" content=\"index, follow, max-snippet:-1, max-image-preview:large, max-video-preview:-1\" \/>\n<link rel=\"canonical\" href=\"https:\/\/grenzinfo.eu\/eur\/die-euregio-informiert-ueber-die-steuerliche-behandlung-von-personal-aus-dem-nachbarland\/\" \/>\n<meta property=\"og:locale\" content=\"de_DE\" \/>\n<meta property=\"og:type\" content=\"article\" \/>\n<meta property=\"og:title\" content=\"Die EUREGIO informiert \u00fcber die steuerliche Behandlung von Personal aus dem Nachbarland - EUREGIO\" \/>\n<meta property=\"og:description\" content=\"Am 27.08.2018 kamen Mitarbeiter der EUREGIO, des deutschen Finanzamtes und niederl\u00e4ndischen Belastingdienst, sowie interessierte Arbeitgeber im Hotel Driland zusammen, um \u00fcber die \u201eGrenz\u00fcberschreitende Einstellung von Personal und Steuerrecht aus Arbeitgeberperspektive\u201c zu sprechen. Ziel der Veranstaltung war es, den fast 40 Teilnehmern einen konkreten \u00dcberblick \u00fcber steuerrechtliche Konsequenzen bei der grenz\u00fcberschreitenden Personaleinstellung zu verschaffen. Die Anwesenden [&hellip;]\" \/>\n<meta property=\"og:url\" content=\"https:\/\/grenzinfo.eu\/eur\/die-euregio-informiert-ueber-die-steuerliche-behandlung-von-personal-aus-dem-nachbarland\/\" \/>\n<meta property=\"og:site_name\" content=\"EUREGIO\" \/>\n<meta property=\"article:published_time\" content=\"2018-09-05T12:20:50+00:00\" \/>\n<meta property=\"article:modified_time\" content=\"2019-02-26T10:29:08+00:00\" \/>\n<meta property=\"og:image\" content=\"https:\/\/grenzinfo.eu\/eur\/wp-content\/uploads\/sites\/5\/2018\/09\/IMG-20180827-WA0003-1.jpg\" \/>\n\t<meta property=\"og:image:width\" content=\"1600\" \/>\n\t<meta property=\"og:image:height\" content=\"1200\" \/>\n\t<meta property=\"og:image:type\" content=\"image\/jpeg\" \/>\n<meta name=\"author\" content=\"gipadmin\" \/>\n<meta name=\"twitter:card\" content=\"summary_large_image\" \/>\n<meta name=\"twitter:label1\" content=\"Geschrieben von\" \/>\n\t<meta name=\"twitter:data1\" content=\"gipadmin\" \/>\n\t<meta name=\"twitter:label2\" content=\"Gesch\u00e4tzte Lesezeit\" \/>\n\t<meta name=\"twitter:data2\" content=\"1\u00a0Minute\" \/>\n<script type=\"application\/ld+json\" class=\"yoast-schema-graph\">{\"@context\":\"https:\\\/\\\/schema.org\",\"@graph\":[{\"@type\":\"Article\",\"@id\":\"https:\\\/\\\/grenzinfo.eu\\\/eur\\\/die-euregio-informiert-ueber-die-steuerliche-behandlung-von-personal-aus-dem-nachbarland\\\/#article\",\"isPartOf\":{\"@id\":\"https:\\\/\\\/grenzinfo.eu\\\/eur\\\/die-euregio-informiert-ueber-die-steuerliche-behandlung-von-personal-aus-dem-nachbarland\\\/\"},\"author\":{\"name\":\"gipadmin\",\"@id\":\"https:\\\/\\\/grenzinfo.eu\\\/eur\\\/#\\\/schema\\\/person\\\/9f458cb37563e7f9a229139f0ed29b91\"},\"headline\":\"Die EUREGIO informiert \u00fcber die steuerliche Behandlung von Personal aus dem Nachbarland\",\"datePublished\":\"2018-09-05T12:20:50+00:00\",\"dateModified\":\"2019-02-26T10:29:08+00:00\",\"mainEntityOfPage\":{\"@id\":\"https:\\\/\\\/grenzinfo.eu\\\/eur\\\/die-euregio-informiert-ueber-die-steuerliche-behandlung-von-personal-aus-dem-nachbarland\\\/\"},\"wordCount\":302,\"image\":{\"@id\":\"https:\\\/\\\/grenzinfo.eu\\\/eur\\\/die-euregio-informiert-ueber-die-steuerliche-behandlung-von-personal-aus-dem-nachbarland\\\/#primaryimage\"},\"thumbnailUrl\":\"https:\\\/\\\/grenzinfo.eu\\\/eur\\\/wp-content\\\/uploads\\\/sites\\\/5\\\/2018\\\/09\\\/IMG-20180827-WA0003-1.jpg\",\"articleSection\":[\"News\"],\"inLanguage\":\"de\"},{\"@type\":\"WebPage\",\"@id\":\"https:\\\/\\\/grenzinfo.eu\\\/eur\\\/die-euregio-informiert-ueber-die-steuerliche-behandlung-von-personal-aus-dem-nachbarland\\\/\",\"url\":\"https:\\\/\\\/grenzinfo.eu\\\/eur\\\/die-euregio-informiert-ueber-die-steuerliche-behandlung-von-personal-aus-dem-nachbarland\\\/\",\"name\":\"Die EUREGIO informiert \u00fcber die steuerliche Behandlung von Personal aus dem Nachbarland - EUREGIO\",\"isPartOf\":{\"@id\":\"https:\\\/\\\/grenzinfo.eu\\\/eur\\\/#website\"},\"primaryImageOfPage\":{\"@id\":\"https:\\\/\\\/grenzinfo.eu\\\/eur\\\/die-euregio-informiert-ueber-die-steuerliche-behandlung-von-personal-aus-dem-nachbarland\\\/#primaryimage\"},\"image\":{\"@id\":\"https:\\\/\\\/grenzinfo.eu\\\/eur\\\/die-euregio-informiert-ueber-die-steuerliche-behandlung-von-personal-aus-dem-nachbarland\\\/#primaryimage\"},\"thumbnailUrl\":\"https:\\\/\\\/grenzinfo.eu\\\/eur\\\/wp-content\\\/uploads\\\/sites\\\/5\\\/2018\\\/09\\\/IMG-20180827-WA0003-1.jpg\",\"datePublished\":\"2018-09-05T12:20:50+00:00\",\"dateModified\":\"2019-02-26T10:29:08+00:00\",\"author\":{\"@id\":\"https:\\\/\\\/grenzinfo.eu\\\/eur\\\/#\\\/schema\\\/person\\\/9f458cb37563e7f9a229139f0ed29b91\"},\"breadcrumb\":{\"@id\":\"https:\\\/\\\/grenzinfo.eu\\\/eur\\\/die-euregio-informiert-ueber-die-steuerliche-behandlung-von-personal-aus-dem-nachbarland\\\/#breadcrumb\"},\"inLanguage\":\"de\",\"potentialAction\":[{\"@type\":\"ReadAction\",\"target\":[\"https:\\\/\\\/grenzinfo.eu\\\/eur\\\/die-euregio-informiert-ueber-die-steuerliche-behandlung-von-personal-aus-dem-nachbarland\\\/\"]}]},{\"@type\":\"ImageObject\",\"inLanguage\":\"de\",\"@id\":\"https:\\\/\\\/grenzinfo.eu\\\/eur\\\/die-euregio-informiert-ueber-die-steuerliche-behandlung-von-personal-aus-dem-nachbarland\\\/#primaryimage\",\"url\":\"https:\\\/\\\/grenzinfo.eu\\\/eur\\\/wp-content\\\/uploads\\\/sites\\\/5\\\/2018\\\/09\\\/IMG-20180827-WA0003-1.jpg\",\"contentUrl\":\"https:\\\/\\\/grenzinfo.eu\\\/eur\\\/wp-content\\\/uploads\\\/sites\\\/5\\\/2018\\\/09\\\/IMG-20180827-WA0003-1.jpg\",\"width\":1600,\"height\":1200},{\"@type\":\"BreadcrumbList\",\"@id\":\"https:\\\/\\\/grenzinfo.eu\\\/eur\\\/die-euregio-informiert-ueber-die-steuerliche-behandlung-von-personal-aus-dem-nachbarland\\\/#breadcrumb\",\"itemListElement\":[{\"@type\":\"ListItem\",\"position\":1,\"name\":\"Home\",\"item\":\"https:\\\/\\\/grenzinfo.eu\\\/eur\\\/\"},{\"@type\":\"ListItem\",\"position\":2,\"name\":\"Die EUREGIO informiert \u00fcber die steuerliche Behandlung von Personal aus dem Nachbarland\"}]},{\"@type\":\"WebSite\",\"@id\":\"https:\\\/\\\/grenzinfo.eu\\\/eur\\\/#website\",\"url\":\"https:\\\/\\\/grenzinfo.eu\\\/eur\\\/\",\"name\":\"EUREGIO\",\"description\":\"Grenzinfopunkt EUREGIO\",\"potentialAction\":[{\"@type\":\"SearchAction\",\"target\":{\"@type\":\"EntryPoint\",\"urlTemplate\":\"https:\\\/\\\/grenzinfo.eu\\\/eur\\\/?s={search_term_string}\"},\"query-input\":{\"@type\":\"PropertyValueSpecification\",\"valueRequired\":true,\"valueName\":\"search_term_string\"}}],\"inLanguage\":\"de\"},{\"@type\":\"Person\",\"@id\":\"https:\\\/\\\/grenzinfo.eu\\\/eur\\\/#\\\/schema\\\/person\\\/9f458cb37563e7f9a229139f0ed29b91\",\"name\":\"gipadmin\",\"url\":\"https:\\\/\\\/grenzinfo.eu\\\/eur\\\/author\\\/gipadmin\\\/\"}]}<\/script>\n<!-- \/ Yoast SEO plugin. -->","yoast_head_json":{"title":"Die EUREGIO informiert \u00fcber die steuerliche Behandlung von Personal aus dem Nachbarland - EUREGIO","robots":{"index":"index","follow":"follow","max-snippet":"max-snippet:-1","max-image-preview":"max-image-preview:large","max-video-preview":"max-video-preview:-1"},"canonical":"https:\/\/grenzinfo.eu\/eur\/die-euregio-informiert-ueber-die-steuerliche-behandlung-von-personal-aus-dem-nachbarland\/","og_locale":"de_DE","og_type":"article","og_title":"Die EUREGIO informiert \u00fcber die steuerliche Behandlung von Personal aus dem Nachbarland - EUREGIO","og_description":"Am 27.08.2018 kamen Mitarbeiter der EUREGIO, des deutschen Finanzamtes und niederl\u00e4ndischen Belastingdienst, sowie interessierte Arbeitgeber im Hotel Driland zusammen, um \u00fcber die \u201eGrenz\u00fcberschreitende Einstellung von Personal und Steuerrecht aus Arbeitgeberperspektive\u201c zu sprechen. Ziel der Veranstaltung war es, den fast 40 Teilnehmern einen konkreten \u00dcberblick \u00fcber steuerrechtliche Konsequenzen bei der grenz\u00fcberschreitenden Personaleinstellung zu verschaffen. Die Anwesenden [&hellip;]","og_url":"https:\/\/grenzinfo.eu\/eur\/die-euregio-informiert-ueber-die-steuerliche-behandlung-von-personal-aus-dem-nachbarland\/","og_site_name":"EUREGIO","article_published_time":"2018-09-05T12:20:50+00:00","article_modified_time":"2019-02-26T10:29:08+00:00","og_image":[{"width":1600,"height":1200,"url":"https:\/\/grenzinfo.eu\/eur\/wp-content\/uploads\/sites\/5\/2018\/09\/IMG-20180827-WA0003-1.jpg","type":"image\/jpeg"}],"author":"gipadmin","twitter_card":"summary_large_image","twitter_misc":{"Geschrieben von":"gipadmin","Gesch\u00e4tzte Lesezeit":"1\u00a0Minute"},"schema":{"@context":"https:\/\/schema.org","@graph":[{"@type":"Article","@id":"https:\/\/grenzinfo.eu\/eur\/die-euregio-informiert-ueber-die-steuerliche-behandlung-von-personal-aus-dem-nachbarland\/#article","isPartOf":{"@id":"https:\/\/grenzinfo.eu\/eur\/die-euregio-informiert-ueber-die-steuerliche-behandlung-von-personal-aus-dem-nachbarland\/"},"author":{"name":"gipadmin","@id":"https:\/\/grenzinfo.eu\/eur\/#\/schema\/person\/9f458cb37563e7f9a229139f0ed29b91"},"headline":"Die EUREGIO informiert \u00fcber die steuerliche Behandlung von Personal aus dem Nachbarland","datePublished":"2018-09-05T12:20:50+00:00","dateModified":"2019-02-26T10:29:08+00:00","mainEntityOfPage":{"@id":"https:\/\/grenzinfo.eu\/eur\/die-euregio-informiert-ueber-die-steuerliche-behandlung-von-personal-aus-dem-nachbarland\/"},"wordCount":302,"image":{"@id":"https:\/\/grenzinfo.eu\/eur\/die-euregio-informiert-ueber-die-steuerliche-behandlung-von-personal-aus-dem-nachbarland\/#primaryimage"},"thumbnailUrl":"https:\/\/grenzinfo.eu\/eur\/wp-content\/uploads\/sites\/5\/2018\/09\/IMG-20180827-WA0003-1.jpg","articleSection":["News"],"inLanguage":"de"},{"@type":"WebPage","@id":"https:\/\/grenzinfo.eu\/eur\/die-euregio-informiert-ueber-die-steuerliche-behandlung-von-personal-aus-dem-nachbarland\/","url":"https:\/\/grenzinfo.eu\/eur\/die-euregio-informiert-ueber-die-steuerliche-behandlung-von-personal-aus-dem-nachbarland\/","name":"Die EUREGIO informiert \u00fcber die steuerliche Behandlung von Personal aus dem Nachbarland - EUREGIO","isPartOf":{"@id":"https:\/\/grenzinfo.eu\/eur\/#website"},"primaryImageOfPage":{"@id":"https:\/\/grenzinfo.eu\/eur\/die-euregio-informiert-ueber-die-steuerliche-behandlung-von-personal-aus-dem-nachbarland\/#primaryimage"},"image":{"@id":"https:\/\/grenzinfo.eu\/eur\/die-euregio-informiert-ueber-die-steuerliche-behandlung-von-personal-aus-dem-nachbarland\/#primaryimage"},"thumbnailUrl":"https:\/\/grenzinfo.eu\/eur\/wp-content\/uploads\/sites\/5\/2018\/09\/IMG-20180827-WA0003-1.jpg","datePublished":"2018-09-05T12:20:50+00:00","dateModified":"2019-02-26T10:29:08+00:00","author":{"@id":"https:\/\/grenzinfo.eu\/eur\/#\/schema\/person\/9f458cb37563e7f9a229139f0ed29b91"},"breadcrumb":{"@id":"https:\/\/grenzinfo.eu\/eur\/die-euregio-informiert-ueber-die-steuerliche-behandlung-von-personal-aus-dem-nachbarland\/#breadcrumb"},"inLanguage":"de","potentialAction":[{"@type":"ReadAction","target":["https:\/\/grenzinfo.eu\/eur\/die-euregio-informiert-ueber-die-steuerliche-behandlung-von-personal-aus-dem-nachbarland\/"]}]},{"@type":"ImageObject","inLanguage":"de","@id":"https:\/\/grenzinfo.eu\/eur\/die-euregio-informiert-ueber-die-steuerliche-behandlung-von-personal-aus-dem-nachbarland\/#primaryimage","url":"https:\/\/grenzinfo.eu\/eur\/wp-content\/uploads\/sites\/5\/2018\/09\/IMG-20180827-WA0003-1.jpg","contentUrl":"https:\/\/grenzinfo.eu\/eur\/wp-content\/uploads\/sites\/5\/2018\/09\/IMG-20180827-WA0003-1.jpg","width":1600,"height":1200},{"@type":"BreadcrumbList","@id":"https:\/\/grenzinfo.eu\/eur\/die-euregio-informiert-ueber-die-steuerliche-behandlung-von-personal-aus-dem-nachbarland\/#breadcrumb","itemListElement":[{"@type":"ListItem","position":1,"name":"Home","item":"https:\/\/grenzinfo.eu\/eur\/"},{"@type":"ListItem","position":2,"name":"Die EUREGIO informiert \u00fcber die steuerliche Behandlung von Personal aus dem Nachbarland"}]},{"@type":"WebSite","@id":"https:\/\/grenzinfo.eu\/eur\/#website","url":"https:\/\/grenzinfo.eu\/eur\/","name":"EUREGIO","description":"Grenzinfopunkt EUREGIO","potentialAction":[{"@type":"SearchAction","target":{"@type":"EntryPoint","urlTemplate":"https:\/\/grenzinfo.eu\/eur\/?s={search_term_string}"},"query-input":{"@type":"PropertyValueSpecification","valueRequired":true,"valueName":"search_term_string"}}],"inLanguage":"de"},{"@type":"Person","@id":"https:\/\/grenzinfo.eu\/eur\/#\/schema\/person\/9f458cb37563e7f9a229139f0ed29b91","name":"gipadmin","url":"https:\/\/grenzinfo.eu\/eur\/author\/gipadmin\/"}]}},"lang":"de","translations":{"de":2043,"nl":2037},"pll_sync_post":[],"_links":{"self":[{"href":"https:\/\/grenzinfo.eu\/eur\/wp-json\/wp\/v2\/posts\/2043","targetHints":{"allow":["GET"]}}],"collection":[{"href":"https:\/\/grenzinfo.eu\/eur\/wp-json\/wp\/v2\/posts"}],"about":[{"href":"https:\/\/grenzinfo.eu\/eur\/wp-json\/wp\/v2\/types\/post"}],"author":[{"embeddable":true,"href":"https:\/\/grenzinfo.eu\/eur\/wp-json\/wp\/v2\/users\/1"}],"replies":[{"embeddable":true,"href":"https:\/\/grenzinfo.eu\/eur\/wp-json\/wp\/v2\/comments?post=2043"}],"version-history":[{"count":0,"href":"https:\/\/grenzinfo.eu\/eur\/wp-json\/wp\/v2\/posts\/2043\/revisions"}],"wp:featuredmedia":[{"embeddable":true,"href":"https:\/\/grenzinfo.eu\/eur\/wp-json\/wp\/v2\/media\/2041"}],"wp:attachment":[{"href":"https:\/\/grenzinfo.eu\/eur\/wp-json\/wp\/v2\/media?parent=2043"}],"wp:term":[{"taxonomy":"category","embeddable":true,"href":"https:\/\/grenzinfo.eu\/eur\/wp-json\/wp\/v2\/categories?post=2043"},{"taxonomy":"post_tag","embeddable":true,"href":"https:\/\/grenzinfo.eu\/eur\/wp-json\/wp\/v2\/tags?post=2043"}],"curies":[{"name":"wp","href":"https:\/\/api.w.org\/{rel}","templated":true}]}}