{"id":2054,"date":"2018-09-05T14:43:55","date_gmt":"2018-09-05T12:43:55","guid":{"rendered":"https:\/\/grenzinfo.eu\/eur\/?p=2054"},"modified":"2019-02-26T11:27:09","modified_gmt":"2019-02-26T10:27:09","slug":"euregio-ist-jetzt-eures-partner","status":"publish","type":"post","link":"https:\/\/grenzinfo.eu\/eur\/euregio-ist-jetzt-eures-partner\/","title":{"rendered":"EUREGIO ist jetzt EURES-Partner"},"content":{"rendered":"<p><img decoding=\"async\" class=\"wp-image-2052 alignleft\" src=\"https:\/\/grenzinfo.eu\/eur\/wp-content\/uploads\/sites\/12\/eures_logo1-300x360.jpg\" alt=\"\" width=\"148\" height=\"178\" \/><\/p>\n<p>Die EUREGIO in Gronau\/Enschede ist seit dem 1. September EURES-Partner. Wir wollen durch unsere Aktivit\u00e4ten die Mobilit\u00e4t der Arbeitnehmerinnen und Arbeitnehmer innerhalb des EURES-Raums und vor allem in unserem Arbeitsgebiet st\u00e4rken, Besch\u00e4ftigungschancen verbessern und Unternehmen dabei unterst\u00fctzen, Stellen effektiv und schneller zu besetzen. Dazu arbeiten die Kollegen des GrenzInfoPunktes EUREGIO zusammen im \u201eGrensWerk\u201c mit den EURES-Beratern der Agenturen f\u00fcr Arbeit, Werkplein Twente, Gemeinde Enschede und UWV. Wir bringen unser Wissen \u00fcber Steuern, Sozialversicherungsrecht und Arbeitsrecht in grenz\u00fcberschreitenden F\u00e4llen mit in die Beratung. Der GrenzInfoPunkt EUREGIO ist Teil des INTERREG V A Projektes \u201eUNLOCK, Personal \u00fcber die Grenze!\u201c<\/p>\n","protected":false},"excerpt":{"rendered":"<p>Die EUREGIO in Gronau\/Enschede ist seit dem 1. September EURES-Partner. Wir wollen durch unsere Aktivit\u00e4ten die Mobilit\u00e4t der Arbeitnehmerinnen und Arbeitnehmer innerhalb des EURES-Raums und vor allem in unserem Arbeitsgebiet st\u00e4rken, Besch\u00e4ftigungschancen verbessern und Unternehmen dabei unterst\u00fctzen, Stellen effektiv und schneller zu besetzen. Dazu arbeiten die Kollegen des GrenzInfoPunktes EUREGIO zusammen im \u201eGrensWerk\u201c mit den [&hellip;]<\/p>\n","protected":false},"author":1,"featured_media":25,"comment_status":"closed","ping_status":"closed","sticky":false,"template":"","format":"standard","meta":{"_acf_changed":false,"footnotes":""},"categories":[1],"tags":[],"class_list":["post-2054","post","type-post","status-publish","format-standard","has-post-thumbnail","hentry","category-news"],"acf":[],"yoast_head":"<!-- This site is optimized with the Yoast SEO plugin v27.4 - https:\/\/yoast.com\/product\/yoast-seo-wordpress\/ -->\n<title>EUREGIO ist jetzt EURES-Partner - EUREGIO<\/title>\n<meta name=\"robots\" content=\"index, follow, max-snippet:-1, max-image-preview:large, max-video-preview:-1\" \/>\n<link rel=\"canonical\" href=\"https:\/\/grenzinfo.eu\/eur\/euregio-ist-jetzt-eures-partner\/\" \/>\n<meta property=\"og:locale\" content=\"de_DE\" \/>\n<meta property=\"og:type\" content=\"article\" \/>\n<meta property=\"og:title\" content=\"EUREGIO ist jetzt EURES-Partner - EUREGIO\" \/>\n<meta property=\"og:description\" content=\"Die EUREGIO in Gronau\/Enschede ist seit dem 1. September EURES-Partner. Wir wollen durch unsere Aktivit\u00e4ten die Mobilit\u00e4t der Arbeitnehmerinnen und Arbeitnehmer innerhalb des EURES-Raums und vor allem in unserem Arbeitsgebiet st\u00e4rken, Besch\u00e4ftigungschancen verbessern und Unternehmen dabei unterst\u00fctzen, Stellen effektiv und schneller zu besetzen. Dazu arbeiten die Kollegen des GrenzInfoPunktes EUREGIO zusammen im \u201eGrensWerk\u201c mit den [&hellip;]\" \/>\n<meta property=\"og:url\" content=\"https:\/\/grenzinfo.eu\/eur\/euregio-ist-jetzt-eures-partner\/\" \/>\n<meta property=\"og:site_name\" content=\"EUREGIO\" \/>\n<meta property=\"article:published_time\" content=\"2018-09-05T12:43:55+00:00\" \/>\n<meta property=\"article:modified_time\" content=\"2019-02-26T10:27:09+00:00\" \/>\n<meta property=\"og:image\" content=\"https:\/\/grenzinfo.eu\/eur\/wp-content\/uploads\/sites\/5\/2018\/11\/eures.jpg\" \/>\n\t<meta property=\"og:image:width\" content=\"591\" \/>\n\t<meta property=\"og:image:height\" content=\"686\" \/>\n\t<meta property=\"og:image:type\" content=\"image\/jpeg\" \/>\n<meta name=\"author\" content=\"gipadmin\" \/>\n<meta name=\"twitter:card\" content=\"summary_large_image\" \/>\n<meta name=\"twitter:label1\" content=\"Geschrieben von\" \/>\n\t<meta name=\"twitter:data1\" content=\"gipadmin\" \/>\n\t<meta name=\"twitter:label2\" content=\"Gesch\u00e4tzte Lesezeit\" \/>\n\t<meta name=\"twitter:data2\" content=\"1\u00a0Minute\" \/>\n<script type=\"application\/ld+json\" class=\"yoast-schema-graph\">{\"@context\":\"https:\\\/\\\/schema.org\",\"@graph\":[{\"@type\":\"Article\",\"@id\":\"https:\\\/\\\/grenzinfo.eu\\\/eur\\\/euregio-ist-jetzt-eures-partner\\\/#article\",\"isPartOf\":{\"@id\":\"https:\\\/\\\/grenzinfo.eu\\\/eur\\\/euregio-ist-jetzt-eures-partner\\\/\"},\"author\":{\"name\":\"gipadmin\",\"@id\":\"https:\\\/\\\/grenzinfo.eu\\\/eur\\\/#\\\/schema\\\/person\\\/9f458cb37563e7f9a229139f0ed29b91\"},\"headline\":\"EUREGIO ist jetzt EURES-Partner\",\"datePublished\":\"2018-09-05T12:43:55+00:00\",\"dateModified\":\"2019-02-26T10:27:09+00:00\",\"mainEntityOfPage\":{\"@id\":\"https:\\\/\\\/grenzinfo.eu\\\/eur\\\/euregio-ist-jetzt-eures-partner\\\/\"},\"wordCount\":109,\"image\":{\"@id\":\"https:\\\/\\\/grenzinfo.eu\\\/eur\\\/euregio-ist-jetzt-eures-partner\\\/#primaryimage\"},\"thumbnailUrl\":\"https:\\\/\\\/grenzinfo.eu\\\/eur\\\/wp-content\\\/uploads\\\/sites\\\/5\\\/2018\\\/11\\\/eures.jpg\",\"articleSection\":[\"News\"],\"inLanguage\":\"de\"},{\"@type\":\"WebPage\",\"@id\":\"https:\\\/\\\/grenzinfo.eu\\\/eur\\\/euregio-ist-jetzt-eures-partner\\\/\",\"url\":\"https:\\\/\\\/grenzinfo.eu\\\/eur\\\/euregio-ist-jetzt-eures-partner\\\/\",\"name\":\"EUREGIO ist jetzt EURES-Partner - EUREGIO\",\"isPartOf\":{\"@id\":\"https:\\\/\\\/grenzinfo.eu\\\/eur\\\/#website\"},\"primaryImageOfPage\":{\"@id\":\"https:\\\/\\\/grenzinfo.eu\\\/eur\\\/euregio-ist-jetzt-eures-partner\\\/#primaryimage\"},\"image\":{\"@id\":\"https:\\\/\\\/grenzinfo.eu\\\/eur\\\/euregio-ist-jetzt-eures-partner\\\/#primaryimage\"},\"thumbnailUrl\":\"https:\\\/\\\/grenzinfo.eu\\\/eur\\\/wp-content\\\/uploads\\\/sites\\\/5\\\/2018\\\/11\\\/eures.jpg\",\"datePublished\":\"2018-09-05T12:43:55+00:00\",\"dateModified\":\"2019-02-26T10:27:09+00:00\",\"author\":{\"@id\":\"https:\\\/\\\/grenzinfo.eu\\\/eur\\\/#\\\/schema\\\/person\\\/9f458cb37563e7f9a229139f0ed29b91\"},\"breadcrumb\":{\"@id\":\"https:\\\/\\\/grenzinfo.eu\\\/eur\\\/euregio-ist-jetzt-eures-partner\\\/#breadcrumb\"},\"inLanguage\":\"de\",\"potentialAction\":[{\"@type\":\"ReadAction\",\"target\":[\"https:\\\/\\\/grenzinfo.eu\\\/eur\\\/euregio-ist-jetzt-eures-partner\\\/\"]}]},{\"@type\":\"ImageObject\",\"inLanguage\":\"de\",\"@id\":\"https:\\\/\\\/grenzinfo.eu\\\/eur\\\/euregio-ist-jetzt-eures-partner\\\/#primaryimage\",\"url\":\"https:\\\/\\\/grenzinfo.eu\\\/eur\\\/wp-content\\\/uploads\\\/sites\\\/5\\\/2018\\\/11\\\/eures.jpg\",\"contentUrl\":\"https:\\\/\\\/grenzinfo.eu\\\/eur\\\/wp-content\\\/uploads\\\/sites\\\/5\\\/2018\\\/11\\\/eures.jpg\",\"width\":591,\"height\":686},{\"@type\":\"BreadcrumbList\",\"@id\":\"https:\\\/\\\/grenzinfo.eu\\\/eur\\\/euregio-ist-jetzt-eures-partner\\\/#breadcrumb\",\"itemListElement\":[{\"@type\":\"ListItem\",\"position\":1,\"name\":\"Home\",\"item\":\"https:\\\/\\\/grenzinfo.eu\\\/eur\\\/\"},{\"@type\":\"ListItem\",\"position\":2,\"name\":\"EUREGIO ist jetzt EURES-Partner\"}]},{\"@type\":\"WebSite\",\"@id\":\"https:\\\/\\\/grenzinfo.eu\\\/eur\\\/#website\",\"url\":\"https:\\\/\\\/grenzinfo.eu\\\/eur\\\/\",\"name\":\"EUREGIO\",\"description\":\"Grenzinfopunkt EUREGIO\",\"potentialAction\":[{\"@type\":\"SearchAction\",\"target\":{\"@type\":\"EntryPoint\",\"urlTemplate\":\"https:\\\/\\\/grenzinfo.eu\\\/eur\\\/?s={search_term_string}\"},\"query-input\":{\"@type\":\"PropertyValueSpecification\",\"valueRequired\":true,\"valueName\":\"search_term_string\"}}],\"inLanguage\":\"de\"},{\"@type\":\"Person\",\"@id\":\"https:\\\/\\\/grenzinfo.eu\\\/eur\\\/#\\\/schema\\\/person\\\/9f458cb37563e7f9a229139f0ed29b91\",\"name\":\"gipadmin\",\"url\":\"https:\\\/\\\/grenzinfo.eu\\\/eur\\\/author\\\/gipadmin\\\/\"}]}<\/script>\n<!-- \/ Yoast SEO plugin. -->","yoast_head_json":{"title":"EUREGIO ist jetzt EURES-Partner - EUREGIO","robots":{"index":"index","follow":"follow","max-snippet":"max-snippet:-1","max-image-preview":"max-image-preview:large","max-video-preview":"max-video-preview:-1"},"canonical":"https:\/\/grenzinfo.eu\/eur\/euregio-ist-jetzt-eures-partner\/","og_locale":"de_DE","og_type":"article","og_title":"EUREGIO ist jetzt EURES-Partner - EUREGIO","og_description":"Die EUREGIO in Gronau\/Enschede ist seit dem 1. September EURES-Partner. Wir wollen durch unsere Aktivit\u00e4ten die Mobilit\u00e4t der Arbeitnehmerinnen und Arbeitnehmer innerhalb des EURES-Raums und vor allem in unserem Arbeitsgebiet st\u00e4rken, Besch\u00e4ftigungschancen verbessern und Unternehmen dabei unterst\u00fctzen, Stellen effektiv und schneller zu besetzen. Dazu arbeiten die Kollegen des GrenzInfoPunktes EUREGIO zusammen im \u201eGrensWerk\u201c mit den [&hellip;]","og_url":"https:\/\/grenzinfo.eu\/eur\/euregio-ist-jetzt-eures-partner\/","og_site_name":"EUREGIO","article_published_time":"2018-09-05T12:43:55+00:00","article_modified_time":"2019-02-26T10:27:09+00:00","og_image":[{"width":591,"height":686,"url":"https:\/\/grenzinfo.eu\/eur\/wp-content\/uploads\/sites\/5\/2018\/11\/eures.jpg","type":"image\/jpeg"}],"author":"gipadmin","twitter_card":"summary_large_image","twitter_misc":{"Geschrieben von":"gipadmin","Gesch\u00e4tzte Lesezeit":"1\u00a0Minute"},"schema":{"@context":"https:\/\/schema.org","@graph":[{"@type":"Article","@id":"https:\/\/grenzinfo.eu\/eur\/euregio-ist-jetzt-eures-partner\/#article","isPartOf":{"@id":"https:\/\/grenzinfo.eu\/eur\/euregio-ist-jetzt-eures-partner\/"},"author":{"name":"gipadmin","@id":"https:\/\/grenzinfo.eu\/eur\/#\/schema\/person\/9f458cb37563e7f9a229139f0ed29b91"},"headline":"EUREGIO ist jetzt EURES-Partner","datePublished":"2018-09-05T12:43:55+00:00","dateModified":"2019-02-26T10:27:09+00:00","mainEntityOfPage":{"@id":"https:\/\/grenzinfo.eu\/eur\/euregio-ist-jetzt-eures-partner\/"},"wordCount":109,"image":{"@id":"https:\/\/grenzinfo.eu\/eur\/euregio-ist-jetzt-eures-partner\/#primaryimage"},"thumbnailUrl":"https:\/\/grenzinfo.eu\/eur\/wp-content\/uploads\/sites\/5\/2018\/11\/eures.jpg","articleSection":["News"],"inLanguage":"de"},{"@type":"WebPage","@id":"https:\/\/grenzinfo.eu\/eur\/euregio-ist-jetzt-eures-partner\/","url":"https:\/\/grenzinfo.eu\/eur\/euregio-ist-jetzt-eures-partner\/","name":"EUREGIO ist jetzt EURES-Partner - EUREGIO","isPartOf":{"@id":"https:\/\/grenzinfo.eu\/eur\/#website"},"primaryImageOfPage":{"@id":"https:\/\/grenzinfo.eu\/eur\/euregio-ist-jetzt-eures-partner\/#primaryimage"},"image":{"@id":"https:\/\/grenzinfo.eu\/eur\/euregio-ist-jetzt-eures-partner\/#primaryimage"},"thumbnailUrl":"https:\/\/grenzinfo.eu\/eur\/wp-content\/uploads\/sites\/5\/2018\/11\/eures.jpg","datePublished":"2018-09-05T12:43:55+00:00","dateModified":"2019-02-26T10:27:09+00:00","author":{"@id":"https:\/\/grenzinfo.eu\/eur\/#\/schema\/person\/9f458cb37563e7f9a229139f0ed29b91"},"breadcrumb":{"@id":"https:\/\/grenzinfo.eu\/eur\/euregio-ist-jetzt-eures-partner\/#breadcrumb"},"inLanguage":"de","potentialAction":[{"@type":"ReadAction","target":["https:\/\/grenzinfo.eu\/eur\/euregio-ist-jetzt-eures-partner\/"]}]},{"@type":"ImageObject","inLanguage":"de","@id":"https:\/\/grenzinfo.eu\/eur\/euregio-ist-jetzt-eures-partner\/#primaryimage","url":"https:\/\/grenzinfo.eu\/eur\/wp-content\/uploads\/sites\/5\/2018\/11\/eures.jpg","contentUrl":"https:\/\/grenzinfo.eu\/eur\/wp-content\/uploads\/sites\/5\/2018\/11\/eures.jpg","width":591,"height":686},{"@type":"BreadcrumbList","@id":"https:\/\/grenzinfo.eu\/eur\/euregio-ist-jetzt-eures-partner\/#breadcrumb","itemListElement":[{"@type":"ListItem","position":1,"name":"Home","item":"https:\/\/grenzinfo.eu\/eur\/"},{"@type":"ListItem","position":2,"name":"EUREGIO ist jetzt EURES-Partner"}]},{"@type":"WebSite","@id":"https:\/\/grenzinfo.eu\/eur\/#website","url":"https:\/\/grenzinfo.eu\/eur\/","name":"EUREGIO","description":"Grenzinfopunkt EUREGIO","potentialAction":[{"@type":"SearchAction","target":{"@type":"EntryPoint","urlTemplate":"https:\/\/grenzinfo.eu\/eur\/?s={search_term_string}"},"query-input":{"@type":"PropertyValueSpecification","valueRequired":true,"valueName":"search_term_string"}}],"inLanguage":"de"},{"@type":"Person","@id":"https:\/\/grenzinfo.eu\/eur\/#\/schema\/person\/9f458cb37563e7f9a229139f0ed29b91","name":"gipadmin","url":"https:\/\/grenzinfo.eu\/eur\/author\/gipadmin\/"}]}},"lang":"de","translations":{"de":2054,"nl":2048},"pll_sync_post":[],"_links":{"self":[{"href":"https:\/\/grenzinfo.eu\/eur\/wp-json\/wp\/v2\/posts\/2054","targetHints":{"allow":["GET"]}}],"collection":[{"href":"https:\/\/grenzinfo.eu\/eur\/wp-json\/wp\/v2\/posts"}],"about":[{"href":"https:\/\/grenzinfo.eu\/eur\/wp-json\/wp\/v2\/types\/post"}],"author":[{"embeddable":true,"href":"https:\/\/grenzinfo.eu\/eur\/wp-json\/wp\/v2\/users\/1"}],"replies":[{"embeddable":true,"href":"https:\/\/grenzinfo.eu\/eur\/wp-json\/wp\/v2\/comments?post=2054"}],"version-history":[{"count":0,"href":"https:\/\/grenzinfo.eu\/eur\/wp-json\/wp\/v2\/posts\/2054\/revisions"}],"wp:featuredmedia":[{"embeddable":true,"href":"https:\/\/grenzinfo.eu\/eur\/wp-json\/wp\/v2\/media\/25"}],"wp:attachment":[{"href":"https:\/\/grenzinfo.eu\/eur\/wp-json\/wp\/v2\/media?parent=2054"}],"wp:term":[{"taxonomy":"category","embeddable":true,"href":"https:\/\/grenzinfo.eu\/eur\/wp-json\/wp\/v2\/categories?post=2054"},{"taxonomy":"post_tag","embeddable":true,"href":"https:\/\/grenzinfo.eu\/eur\/wp-json\/wp\/v2\/tags?post=2054"}],"curies":[{"name":"wp","href":"https:\/\/api.w.org\/{rel}","templated":true}]}}